{"id":105457,"date":"2020-11-23T07:00:01","date_gmt":"2020-11-23T12:00:01","guid":{"rendered":"https:\/\/linitiative.ca\/International\/main-de-dieu-destinee-hasard-le-declic-dune-vie\/"},"modified":"2020-11-23T07:00:01","modified_gmt":"2020-11-23T12:00:01","slug":"main-de-dieu-destinee-hasard-le-declic-dune-vie","status":"publish","type":"post","link":"https:\/\/linitiative.ca\/International\/main-de-dieu-destinee-hasard-le-declic-dune-vie\/","title":{"rendered":"Main de Dieu, destin\u00e9e, hasard\u2026 le d\u00e9clic d\u2019une vie\u2026"},"content":{"rendered":"<p><img decoding=\"async\" class=\"post_layout_5_img\" src=\"http:\/\/aujourdhui.ma\/wp-content\/uploads\/2018\/11\/Ahmed-GHAYET-1.jpg\" alt=\"Main de Dieu, destin&#xE9;e, hasard&#x2026; le d&#xE9;clic d&#x2019;une vie&#x2026;\"\/><\/p>\n<p><span class=\"c5\"><strong>Beaucoup d\u2019entre nous ont v\u00e9cu cela, ce \u00abd\u00e9clic\u00bb qui change toute une vie, certains appellent cela la main de Dieu, d\u2019autres la destin\u00e9e, d\u2019autres encore le hasard\u2026 toujours est-il qu\u2019alors qu\u2019ils suivaient une trajectoire de vie, qu\u2019ils programmaient leur avenir, un \u00e9v\u00e9nement est venu tout bouleverser, tout remettre en question et en d\u00e9finitive leur faire prendre une route totalement diff\u00e9rente de celle qu\u2019ils avaient envisag\u00e9e.<\/strong><\/span><\/p>\n<p><span id=\"more-361190\"\/><br \/>Je voudrais ici essayer d\u2019\u00e9clairer ce qui est en train de survenir \u00e0 toute une g\u00e9n\u00e9ration \u00e0 l\u2019aune de ce que moi-m\u00eame j\u2019ai v\u00e9cu \u00e0 l\u2019adolescence.<br \/>Je me destinais au m\u00e9tier d\u2019\u00e9ducateur et suivait les \u00e9tudes qui me m\u00e8neraient \u00e0 cet objectif, j\u2019\u00e9tais un \u00e9tudiant studieux et j\u2019\u00e9tais focalis\u00e9 sur mon but\u2026<br \/>C\u2019\u00e9tait sans compter avec le destin et les impr\u00e9vus qu\u2019il nous r\u00e9serve.<br \/>C\u2019est en fait une \u00e9mission de radio qui a tout chang\u00e9 pour moi : chaque soir je me branchais sur Radio Soleil -une radio Beur comme l\u2019on disait \u00e0 l\u2019\u00e9poque- qui diffusait la musique que l\u2019on aimait : Rai, chansons maghr\u00e9bines, fusions, etc. C\u2019\u00e9tait la grande p\u00e9riode des Chebs (Khaled, Mami, Housni, Kader\u2026) des Raina Rai, Bouchenak, etc.<\/p>\n<p>C\u2019est une \u00e9mission sp\u00e9ciale consacr\u00e9e \u00e0 de jeunes Beurs de Lyon qui est venue bouleverser mon parcours\u2026<br \/>En effet un soir alors que je travaillais mes cours j\u2019ai entendu un reportage r\u00e9alis\u00e9 avec de jeunes Beurs du quartier des Minguettes qui expliquaient qu\u2019afin de lutter contre le racisme, de protester contre l\u2019in\u00e9galit\u00e9 des droits et de montrer leur col\u00e8re suite aux \u00abbavures polici\u00e8res\u00bb et autres crimes \u00e0 caract\u00e8re raciste qui touchaient la population maghr\u00e9bine de France, ils allaient entamer une marche qui allait traverser l\u2019Hexagone -de Marseille \u00e0 Paris- afin d\u2019attirer l\u2019attention des Fran\u00e7ais, des m\u00e9dias et des autorit\u00e9s sur leur situation.<\/p>\n<p>Je ne m\u2019expliquerai jamais totalement pourquoi d\u00e8s cet instant, j\u2019ai d\u00e9cid\u00e9 de mettre mes cours en suspens et de m\u2019impliquer corps et \u00e2me dans cette marche \u00abContre le racisme et pour l\u2019\u00e9galit\u00e9\u00bb devenue pour l\u2019histoire la \u00abMarche des Beurs\u00bb.<br \/>C\u2019est toute mon existence qui en a \u00e9t\u00e9 boulevers\u00e9e puisque c\u2019est de ce jour que date mon engagement, que je n\u2019ai plus jamais l\u00e2ch\u00e9 et qui fait qu\u2019aujourd\u2019hui je suis ce que je suis et en train de vous \u00e9crire ces lignes.<br \/>Ce qui est en train de se produire avec toute une partie de notre jeunesse en ce moment ressemble beaucoup \u00e0 ce d\u00e9clic.<br \/>En effet l\u2019un des effets de la pand\u00e9mie est qu\u2019elle fait ressortir le meilleur mais aussi le pire d\u2019entre nous : toute une jeunesse a ressenti ce fameux d\u00e9clic, elle a ressenti ce que l\u2019\u00e9poque avait de grave et aurait comme r\u00e9percussions sur notre avenir et a d\u00e9cid\u00e9 d\u2019\u00eatre actrice plut\u00f4t que spectatrice de ce moment impr\u00e9visible, incroyable et quelque part irr\u00e9versible.<br \/>Ces jeunes se sont impliqu\u00e9s, engag\u00e9s, pris en main, ils se sont transcend\u00e9s et ont d\u00e9pass\u00e9 leurs craintes, leurs h\u00e9sitations pour devenir en quelque sorte la 3\u00e8me force face \u00e0 la pand\u00e9mie, aux c\u00f4t\u00e9s des soignants et des forces de l\u2019ordre.<br \/>\u00abDe cette p\u00e9riode \u00e9mergeront les leaders de demain, celles et ceux qui ne baissent pas les bras et qui n\u2019attendent pas que l\u2019on fasse pour eux\u00bb, r\u00e9sume parfaitement le jeune militant franco-marocain de l\u2019association Maroc pour Tous, Hicham Dakiri.<\/p>\n<p>\u00abIls ont en quelques mois re\u00e7u un apprentissage acc\u00e9l\u00e9r\u00e9 sur ce que la soci\u00e9t\u00e9 leur r\u00e9serve s\u2019ils ne d\u00e9cident pas d\u2019agir\u00bb.<br \/>L\u00e0 aussi pour eux, je suis persuad\u00e9 que leur vie ne sera plus jamais la m\u00eame, ils ont pris un virage qui -pour la plupart d\u2019entre eux- ne les ram\u00e8nera plus en arri\u00e8re, l\u00e0 ils sont en train de se construire une nouvelle personnalit\u00e9 et en m\u00eame temps ils sont en train de dessiner une nouvelle soci\u00e9t\u00e9.<br \/>C\u2019est une transformation qui na\u00eet de leurs mains, en fait ils sont en train de faire -concr\u00e8tement, sur le terrain- ce que Sa Majest\u00e9 appelait de ses v\u0153ux il y a des mois : un nouveau mod\u00e8le de d\u00e9veloppement.<\/p>\n<p>La Commission en charge d\u2019y r\u00e9fl\u00e9chir n\u2019a plus maintenant qu\u2019\u00e0 s\u2019en inspirer et int\u00e9grer ces jeunes en son sein : ils sont les acteurs que nous recherchions.<br \/>Croyez-moi, je vous en parle en connaissance de cause, c\u2019est par ces d\u00e9clics, sur le terrain -gr\u00e2ce \u00e0 une poign\u00e9e d\u2019engag\u00e9s- que se font les v\u00e9ritables changements !<\/p>\n<p>Auteur: Ahmed GHAYET<br \/>\n<a href=\"https:\/\/aujourdhui.ma\/chroniques\/main-de-dieu-destinee-hasard-le-declic-dune-vie\">Cliquez ici pour lire l&rsquo;article depuis sa source.<\/a><\/p>\n","protected":false},"excerpt":{"rendered":"<p>Beaucoup d\u2019entre nous ont v\u00e9cu cela, ce \u00abd\u00e9clic\u00bb qui change toute une vie, certains appellent cela la main de Dieu, d\u2019autres la destin\u00e9e, d\u2019autres encore le hasard\u2026 toujours est-il qu\u2019alors qu\u2019ils suivaient une trajectoire de vie, qu\u2019ils programmaient leur avenir, un \u00e9v\u00e9nement est venu tout bouleverser, tout remettre en question et en d\u00e9finitive leur faire [&hellip;]<\/p>\n","protected":false},"author":1759,"featured_media":105458,"comment_status":"closed","ping_status":"closed","sticky":false,"template":"","format":"standard","meta":{"fifu_image_url":"","fifu_image_alt":"","footnotes":""},"categories":[73,54],"tags":[],"class_list":["post-105457","post","type-post","status-publish","format-standard","has-post-thumbnail","hentry","category-actualite","category-maroc"],"_links":{"self":[{"href":"https:\/\/linitiative.ca\/International\/wp-json\/wp\/v2\/posts\/105457","targetHints":{"allow":["GET"]}}],"collection":[{"href":"https:\/\/linitiative.ca\/International\/wp-json\/wp\/v2\/posts"}],"about":[{"href":"https:\/\/linitiative.ca\/International\/wp-json\/wp\/v2\/types\/post"}],"author":[{"embeddable":true,"href":"https:\/\/linitiative.ca\/International\/wp-json\/wp\/v2\/users\/1759"}],"replies":[{"embeddable":true,"href":"https:\/\/linitiative.ca\/International\/wp-json\/wp\/v2\/comments?post=105457"}],"version-history":[{"count":0,"href":"https:\/\/linitiative.ca\/International\/wp-json\/wp\/v2\/posts\/105457\/revisions"}],"wp:featuredmedia":[{"embeddable":true,"href":"https:\/\/linitiative.ca\/International\/wp-json\/"}],"wp:attachment":[{"href":"https:\/\/linitiative.ca\/International\/wp-json\/wp\/v2\/media?parent=105457"}],"wp:term":[{"taxonomy":"category","embeddable":true,"href":"https:\/\/linitiative.ca\/International\/wp-json\/wp\/v2\/categories?post=105457"},{"taxonomy":"post_tag","embeddable":true,"href":"https:\/\/linitiative.ca\/International\/wp-json\/wp\/v2\/tags?post=105457"}],"curies":[{"name":"wp","href":"https:\/\/api.w.org\/{rel}","templated":true}]}}