{"id":105465,"date":"2020-11-23T10:45:51","date_gmt":"2020-11-23T15:45:51","guid":{"rendered":"https:\/\/linitiative.ca\/International\/linstitut-cervantes-de-rabat-initie-une-conference-sur-limpact-psychologique-de-la-covid-19\/"},"modified":"2020-11-23T10:45:51","modified_gmt":"2020-11-23T15:45:51","slug":"linstitut-cervantes-de-rabat-initie-une-conference-sur-limpact-psychologique-de-la-covid-19","status":"publish","type":"post","link":"https:\/\/linitiative.ca\/International\/linstitut-cervantes-de-rabat-initie-une-conference-sur-limpact-psychologique-de-la-covid-19\/","title":{"rendered":"L\u2019Institut Cervant\u00e8s de Rabat initie une conf\u00e9rence sur \u00abl\u2019impact  psychologique de la Covid-19\u00bb"},"content":{"rendered":"<header>\n<div class=\"entry-post-meta\">\n<div class=\"author-link\">Publi\u00e9 par <a itemprop=\"author\" itemscope=\"\" itemtype=\"https:\/\/schema.org\/Person\" href=\"https:\/\/aujourdhui.ma\/author\/kaid\" rel=\"author\"><span itemprop=\"name\">ALM<\/span><\/a><\/div>\n<p>Date\u00a0:<time content=\"2020-11-23T16:45:51+01:00\" class=\"entry-date updated\" datetime=\"2020-11-23T16:45:51+01:00\">novembre 23, 2020<\/time><\/p>\n<div class=\"entry-cat\">dans:<a href=\"https:\/\/aujourdhui.ma\/category\/culture\" rel=\"category tag\">Culture<\/a><\/div>\n<p>19Vues<\/p>\n<\/div>\n<\/header>\n<div class=\"entry-content clearfix\" readability=\"50\"><img decoding=\"async\" class=\"post_layout_5_img\" src=\"http:\/\/aujourdhui.ma\/wp-content\/uploads\/2020\/11\/nstitut-Cervantes-de-Rabat-initie-une-conference-sur-limpact-psychologique-de-la-Covid-19.jpg\" alt=\"L&#x2019;Institut Cervant&#xE8;s de Rabat initie une conf&#xE9;rence sur &#xAB;l&#x2019;impact psychologique de la Covid-19&#xBB;\"\/><\/p>\n<p><span class=\"c6\"><span class=\"c5\"><strong>L\u2019Institut Cervant\u00e8s de Rabat organise, le 24 novembre courant, sa 4\u00e8me conf\u00e9rence en ligne sous le th\u00e8me \u00abL\u2019impact psychologique de la Covid-19\u00bb.<\/strong><\/span> <span id=\"more-361184\"\/><\/span><\/p>\n<p>Cette conf\u00e9rence, qui se d\u00e9roulera \u00e0 travers la plateforme Zoom avec la traduction simultan\u00e9e vers l\u2019arabe, sera anim\u00e9e par le professeur et psychiatre marocain Mehdi Paes, et mod\u00e9r\u00e9e par le directeur de l\u2019Institut Cervant\u00e8s de Rabat, Jos\u00e9 Mar\u00eda Mart\u00ednez.<\/p>\n<p>Au cours de cette rencontre, le conf\u00e9rencier abordera plusieurs th\u00e9matiques li\u00e9es aux inqui\u00e9tudes et aux r\u00e9actions psychiques provoqu\u00e9es par cette pand\u00e9mie invisible et impr\u00e9visible. Il traitera \u00e9galement des questions relatives \u00e0 l\u2019impact psychologique de la Covid-19, aux r\u00e9actions psychiques les plus fr\u00e9quentes et \u00e0 la tol\u00e9rance au confinement et \u00e0 la distanciation sociale.<\/p>\n<\/div>\n<p>Auteur: ALM<br \/>\n<a href=\"https:\/\/aujourdhui.ma\/culture\/linstitut-cervantes-de-rabat-initie-une-conference-sur-limpact-psychologique-de-la-covid-19\">Cliquez ici pour lire l&rsquo;article depuis sa source.<\/a><\/p>\n","protected":false},"excerpt":{"rendered":"<p>Publi\u00e9 par ALM Date\u00a0:novembre 23, 2020 dans:Culture 19Vues L\u2019Institut Cervant\u00e8s de Rabat organise, le 24 novembre courant, sa 4\u00e8me conf\u00e9rence en ligne sous le th\u00e8me \u00abL\u2019impact psychologique de la Covid-19\u00bb. Cette conf\u00e9rence, qui se d\u00e9roulera \u00e0 travers la plateforme Zoom avec la traduction simultan\u00e9e vers l\u2019arabe, sera anim\u00e9e par le professeur et psychiatre marocain Mehdi [&hellip;]<\/p>\n","protected":false},"author":1759,"featured_media":105466,"comment_status":"closed","ping_status":"closed","sticky":false,"template":"","format":"standard","meta":{"fifu_image_url":"","fifu_image_alt":"","footnotes":""},"categories":[73,54],"tags":[],"class_list":["post-105465","post","type-post","status-publish","format-standard","has-post-thumbnail","hentry","category-actualite","category-maroc"],"_links":{"self":[{"href":"https:\/\/linitiative.ca\/International\/wp-json\/wp\/v2\/posts\/105465","targetHints":{"allow":["GET"]}}],"collection":[{"href":"https:\/\/linitiative.ca\/International\/wp-json\/wp\/v2\/posts"}],"about":[{"href":"https:\/\/linitiative.ca\/International\/wp-json\/wp\/v2\/types\/post"}],"author":[{"embeddable":true,"href":"https:\/\/linitiative.ca\/International\/wp-json\/wp\/v2\/users\/1759"}],"replies":[{"embeddable":true,"href":"https:\/\/linitiative.ca\/International\/wp-json\/wp\/v2\/comments?post=105465"}],"version-history":[{"count":0,"href":"https:\/\/linitiative.ca\/International\/wp-json\/wp\/v2\/posts\/105465\/revisions"}],"wp:featuredmedia":[{"embeddable":true,"href":"https:\/\/linitiative.ca\/International\/wp-json\/"}],"wp:attachment":[{"href":"https:\/\/linitiative.ca\/International\/wp-json\/wp\/v2\/media?parent=105465"}],"wp:term":[{"taxonomy":"category","embeddable":true,"href":"https:\/\/linitiative.ca\/International\/wp-json\/wp\/v2\/categories?post=105465"},{"taxonomy":"post_tag","embeddable":true,"href":"https:\/\/linitiative.ca\/International\/wp-json\/wp\/v2\/tags?post=105465"}],"curies":[{"name":"wp","href":"https:\/\/api.w.org\/{rel}","templated":true}]}}