{"id":105467,"date":"2020-11-23T08:50:21","date_gmt":"2020-11-23T13:50:21","guid":{"rendered":"https:\/\/linitiative.ca\/International\/le-maroc-reitere-son-attachement-aux-principes-de-la-convention\/"},"modified":"2020-11-23T08:50:21","modified_gmt":"2020-11-23T13:50:21","slug":"le-maroc-reitere-son-attachement-aux-principes-de-la-convention","status":"publish","type":"post","link":"https:\/\/linitiative.ca\/International\/le-maroc-reitere-son-attachement-aux-principes-de-la-convention\/","title":{"rendered":"Le Maroc r\u00e9it\u00e8re son attachement aux principes de la Convention"},"content":{"rendered":"<p class=\"has-text-color has-vivid-red-color c2\"><strong>18\u00e8 R\u00e9union des Etats Parties \u00e0 la Convention sur les Mines Antipersonnel<\/strong><\/p>\n<p class=\"has-text-color c3\"><strong>Le Maroc a r\u00e9it\u00e9r\u00e9 \u00e0 Gen\u00e8ve son attachement aux principes fondamentaux humanitaires de la Convention sur les mines anti-personnel \u00abqui rel\u00e8ve d\u2019un engagement strat\u00e9gique, depuis les premi\u00e8res phases de sa n\u00e9gociation, jusqu\u2019\u00e0 son adoption, et aujourd\u2019hui encore\u00bb.<\/strong><\/p>\n<p>\u00abPartant de cette conscience responsable, le Royaume du Maroc participe activement, aussi bien par ses Forces Arm\u00e9es Royales, qu\u2019avec les experts de diff\u00e9rents d\u00e9partements et la soci\u00e9t\u00e9 civile, \u00e0 toutes les r\u00e9unions de la Convention, respecte sans rel\u00e2che ses fondements et principes humanitaires et contribue de mani\u00e8re volontaire \u00e0 son renforcement \u00e0 travers la soumission volontaire du Rapport National de Transparence, en vertu de son article 7\u00bb, a affirm\u00e9 l\u2019ambassadeur repr\u00e9sentant permanent du Maroc aupr\u00e8s de l\u2019Office des Nations Unies \u00e0 Gen\u00e8ve, Omar Zniber qui s\u2019exprimait au titre du d\u00e9bat g\u00e9n\u00e9ral de la 18\u00e8me R\u00e9union des Etats Parties \u00e0 la Convention sur les Mines Antipersonnel, tenue dans le courant de la semaine derni\u00e8re \u00e0 Gen\u00e8ve.<\/p>\n<p>\u00abC\u2019est en ce sens que l\u2019adh\u00e9sion \u00e0 la Convention d\u2019Ottawa demeure une priorit\u00e9 nationale, qui sera honor\u00e9e aussit\u00f4t le diff\u00e9rent r\u00e9gional artificiel sur le Sahara marocain, d\u00fbment r\u00e9solu\u00bb, a-t-il poursuivi.<\/p>\n<p>Il a mis en avant dans ce sens les efforts entrepris par les autorit\u00e9s marocaines, conform\u00e9ment aux engagements internationaux, depuis 1975 et dans le cadre de l\u2019Accord sign\u00e9 avec la MINURSO en 1999, relatif \u00e0 l\u2019\u00e9change d\u2019information, le marquage des zones de mines, le d\u00e9minage et la destruction des mines et des restes non explos\u00e9s.<\/p>\n<p>Zniber a indiqu\u00e9 que 13 modules de d\u00e9minage sont d\u00e9ploy\u00e9s sur le terrain en permanence. Entre janvier 2014 et septembre 2020, seulement, 377 d\u00e9tachements de d\u00e9minage ont \u00e9t\u00e9 d\u00e9ploy\u00e9s, tandis que 964 interventions d\u2019urgences ont \u00e9t\u00e9 r\u00e9alis\u00e9es au cours de cette m\u00eame p\u00e9riode.<\/p>\n<p>L\u2019ensemble de ces op\u00e9rations ont permis d\u2019\u00e9liminer la menace sur une superficie de 5763,88 km\u00b2, en d\u00e9couvrant et neutralisant 96 758 mines terrestres dont 49 336 mines antipersonnel et 21 035 Restes Explosifs de Guerre, a-t-il poursuivi.<\/p>\n<p>Il a rappel\u00e9, en outre, que le Royaume r\u00e9alise des campagnes de sensibilisation multiples sur les risques des mines et restes explosifs de guerre, au niveau des provinces du sud du Royaume, gr\u00e2ce aux bureaux r\u00e9gionaux des d\u00e9partements concern\u00e9s, dans les trois r\u00e9gions du Sahara marocain, en coop\u00e9ration avec le Croissant Rouge Marocain et le Comit\u00e9 International de la Croix Rouge, et un grand nombre d\u2019acteurs de la soci\u00e9t\u00e9 civile.<\/p>\n<p>Ces campagnes de sensibilisation ont b\u00e9n\u00e9fici\u00e9 \u00e0 83 545 personnes (47,6% de femmes) dont 52 910 enfants, notamment par 200 s\u00e9ances d\u2019\u00e9ducation en milieu scolaire et 360 journ\u00e9es de travail en milieu rural, a-t-il fait savoir.<\/p>\n<p>\u00abN\u00e9anmoins, sur la p\u00e9riode de 1975 \u00e0 aujourd\u2019hui, un nombre important de victimes, s\u2019\u00e9levant \u00e0 2692, est \u00e0 d\u00e9plorer, dont 813 d\u00e9c\u00e8s, du fait des mines pos\u00e9es de mani\u00e8re anarchique par les milices s\u00e9paratistes dans nos provinces du sud\u00bb, a-t-il fait remarquer.<\/p>\n<p>A ces victimes, a-t-il poursuivi, le Maroc accorde une assistance compl\u00e8te et une prise en charge totale de la situation allant des soins, jusqu\u2019aux op\u00e9rations chirurgicales, r\u00e9\u00e9ducation, pose de proth\u00e8ses et soutien psychosocial.<\/p>\n<p>Ces victimes b\u00e9n\u00e9ficient \u00e9galement des dispositions comprises dans la Convention Internationale relative aux droits des personnes handicap\u00e9es, \u00e0 laquelle le Maroc a adh\u00e9r\u00e9 en 2009, en vue de leur autonomisation et r\u00e9insertion dans la soci\u00e9t\u00e9 nationale, de mani\u00e8re effective, a soulign\u00e9 l\u2019ambassadeur.<\/p>\n<p>De plus, le cadre l\u00e9gislatif national assure une indemnisation \u00e0 toutes les victimes de mines antipersonnel et des restes explosifs de guerre, sans tenir compte de leur source, bien qu\u2019elle soit, \u00e0 grande \u00e9chelle, pos\u00e9es par les s\u00e9paratistes, a-t-il rappel\u00e9.<\/p>\n<p>Auteur: M&rsquo;hammed rahal<br \/>\n<a href=\"http:\/\/albayane.press.ma\/le-maroc-reitere-son-attachement-aux-principes-de-la-convention.html\">Cliquez ici pour lire l&rsquo;article depuis sa source.<\/a><\/p>\n","protected":false},"excerpt":{"rendered":"<p>18\u00e8 R\u00e9union des Etats Parties \u00e0 la Convention sur les Mines Antipersonnel Le Maroc a r\u00e9it\u00e9r\u00e9 \u00e0 Gen\u00e8ve son attachement aux principes fondamentaux humanitaires de la Convention sur les mines anti-personnel \u00abqui rel\u00e8ve d\u2019un engagement strat\u00e9gique, depuis les premi\u00e8res phases de sa n\u00e9gociation, jusqu\u2019\u00e0 son adoption, et aujourd\u2019hui encore\u00bb. \u00abPartant de cette conscience responsable, le [&hellip;]<\/p>\n","protected":false},"author":1760,"featured_media":0,"comment_status":"closed","ping_status":"closed","sticky":false,"template":"","format":"standard","meta":{"fifu_image_url":"","fifu_image_alt":"","footnotes":""},"categories":[73,54],"tags":[],"class_list":["post-105467","post","type-post","status-publish","format-standard","hentry","category-actualite","category-maroc"],"_links":{"self":[{"href":"https:\/\/linitiative.ca\/International\/wp-json\/wp\/v2\/posts\/105467","targetHints":{"allow":["GET"]}}],"collection":[{"href":"https:\/\/linitiative.ca\/International\/wp-json\/wp\/v2\/posts"}],"about":[{"href":"https:\/\/linitiative.ca\/International\/wp-json\/wp\/v2\/types\/post"}],"author":[{"embeddable":true,"href":"https:\/\/linitiative.ca\/International\/wp-json\/wp\/v2\/users\/1760"}],"replies":[{"embeddable":true,"href":"https:\/\/linitiative.ca\/International\/wp-json\/wp\/v2\/comments?post=105467"}],"version-history":[{"count":0,"href":"https:\/\/linitiative.ca\/International\/wp-json\/wp\/v2\/posts\/105467\/revisions"}],"wp:attachment":[{"href":"https:\/\/linitiative.ca\/International\/wp-json\/wp\/v2\/media?parent=105467"}],"wp:term":[{"taxonomy":"category","embeddable":true,"href":"https:\/\/linitiative.ca\/International\/wp-json\/wp\/v2\/categories?post=105467"},{"taxonomy":"post_tag","embeddable":true,"href":"https:\/\/linitiative.ca\/International\/wp-json\/wp\/v2\/tags?post=105467"}],"curies":[{"name":"wp","href":"https:\/\/api.w.org\/{rel}","templated":true}]}}