{"id":105469,"date":"2020-11-23T09:00:04","date_gmt":"2020-11-23T14:00:04","guid":{"rendered":"https:\/\/linitiative.ca\/International\/akharbach-plaide-pour-une-plus-grande-contribution-des-medias\/"},"modified":"2020-11-23T09:00:04","modified_gmt":"2020-11-23T14:00:04","slug":"akharbach-plaide-pour-une-plus-grande-contribution-des-medias","status":"publish","type":"post","link":"https:\/\/linitiative.ca\/International\/akharbach-plaide-pour-une-plus-grande-contribution-des-medias\/","title":{"rendered":"Akharbach plaide pour une plus grande contribution des m\u00e9dias"},"content":{"rendered":"<p class=\"has-text-color has-vivid-red-color c2\"><strong>Citoyennet\u00e9 mondiale et solidaire<\/strong><\/p>\n<p class=\"has-text-color c3\"><strong>La Pr\u00e9sidente de la HACA, Latifa Akharbach, a plaid\u00e9, jeudi lors d\u2019un webinaire organis\u00e9 par le Centre Nord-Sud du Conseil de l\u2019Europe, pour une plus grande contribution des m\u00e9dias \u00e0 la citoyennet\u00e9 mondiale et solidaire.<\/strong><\/p>\n<p>\u00abDu point de vue du r\u00e9gulateur, l\u2019apport des m\u00e9dias classiques et nouveaux \u00e0 la mobilisation internationale et au d\u00e9veloppement de l\u2019action solidaire est pr\u00e9cieux et sp\u00e9cifique, mais le traitement de ces questions par les grands m\u00e9dias internationaux n\u2019est pas exempt de st\u00e9r\u00e9otypes, de simplifications abusives, de superficialit\u00e9 ou de partialit\u00e9\u00bb, a soulign\u00e9 Mme Akharbach lors de ce webinaire sous le th\u00e8me \u00abSolidarit\u00e9 internationale : Quels chemins pour des changements durables ?\u00bb.<\/p>\n<p>Pour illustrer la contribution des m\u00e9dias classiques et nouveaux \u00e0 la mobilisation des solidarit\u00e9s nationale et internationale, Mme Akharbach a relev\u00e9 que \u00abl\u2019action et le suivi m\u00e9diatiques facilitent la compr\u00e9hension des in\u00e9galit\u00e9s \u00e9conomiques et sociales, des diversit\u00e9s culturelles et humaines, des interd\u00e9pendances internationales, des solutions efficaces pour construire un monde solidaire\u00bb.<\/p>\n<p>Cependant, a-t-elle estim\u00e9, le traitement m\u00e9diatique consacr\u00e9 aux questions humanitaires et aux multiples actions de solidarit\u00e9 dans le monde d\u2019aujourd\u2019hui appelle de nombreuses remarques.<\/p>\n<p>Les r\u00e9gulateurs des m\u00e9dias au Maroc comme ailleurs, s\u2019int\u00e9ressent \u00e0 cette question car \u00ableur mission est de promouvoir dans les contenus m\u00e9diatiques, les principes des Droits Humains et les valeurs d\u00e9mocratiques d\u2019\u00e9galit\u00e9 citoyenne, d\u2019inclusion et de vivre-ensemble ; mais aussi de lutter contre les st\u00e9r\u00e9otypes de genre, le discours de haine et le racisme\u00bb, a observ\u00e9 la pr\u00e9sidente de la HACA.<\/p>\n<p>A cet \u00e9gard, Akharbach a point\u00e9 certains manquements et distorsions de la couverture m\u00e9diatique internationale des questions de solidarit\u00e9 et de d\u00e9veloppement tels que l\u2019int\u00e9r\u00eat s\u00e9lectif, le traitement d\u00e9s\u00e9quilibr\u00e9, l\u2019in\u00e9gal acc\u00e8s aux m\u00e9dias et le d\u00e9faut d\u2019investigation.<\/p>\n<p>\u00abL\u2019int\u00e9r\u00eat pour les victimes des attentats terroristes dans le monde n\u2019est pas le m\u00eame\u00bb, a-t-elle donn\u00e9 en exemple, faisant observer que \u00ables musulmans sont de loin les premi\u00e8res victimes du terrorisme islamiste mais ils ne b\u00e9n\u00e9ficient pas du m\u00eame int\u00e9r\u00eat m\u00e9diatique que les victimes de ce terrorisme dans les pays occidentaux\u00bb.<\/p>\n<p>Tout en rappelant l\u2019engagement de la HACA dans le suivi du traitement m\u00e9diatique de la question migratoire, Mme Akharbach a rappel\u00e9 que, r\u00e9unis en marge de la conf\u00e9rence onusienne sur le Pacte mondial pour des migrations s\u00fbres, ordonn\u00e9es et r\u00e9guli\u00e8res, tenue \u00e0 Marrakech, en d\u00e9cembre 2018, les r\u00e9gulateurs africains avaient relev\u00e9 que \u00abla migration internationale implique moins de 4% de la population mondiale mais \u00e9tait pr\u00e9sent\u00e9e par certains m\u00e9dias puissants comme un \u00abraz-de-mar\u00e9e\u00bb, un \u00abtsunami\u00bb ou encore une \u00abinvasion\u00bb, entre autres.<\/p>\n<p>Elle a \u00e9galement regrett\u00e9 lors de son intervention que \u00abpour attirer et retenir l\u2019attention d\u2019un public nombreux, les m\u00e9dias privil\u00e9gient de plus en plus un traitement bas\u00e9 sur l\u2019\u00e9motion et le spectaculaire au d\u00e9triment de l\u2019investigation\u00bb.<\/p>\n<p>Ce webinaire organis\u00e9 par le Centre Nord-Sud du Conseil de l\u2019Europe s\u2019inscrit dans le cadre de la campagne \u00abUn monde, Notre monde #Solidaction\u00bb qui constitue un appel mondial \u00e0 la mobilisation collective pour la solidarit\u00e9 et la lutte contre les in\u00e9galit\u00e9s.<\/p>\n<p>Le Centre Nord-Sud, cr\u00e9\u00e9 en 1989 et bas\u00e9 \u00e0 Lisbonne, est la plus ancienne organisation politique des \u00c9tats europ\u00e9ens. Comptant 21 Etats membres dont 4 membres non-europ\u00e9ens dont le Maroc. Il op\u00e8re principalement via des actions de sensibilisation, de renforcement des comp\u00e9tences ou encore de plaidoyer dans les domaines de l\u2019\u00e9ducation \u00e0 la citoyennet\u00e9 et du renforcement du r\u00f4le de la jeunesse et des femmes.<\/p>\n<p>Auteur: M&rsquo;hammed rahal<br \/>\n<a href=\"http:\/\/albayane.press.ma\/akharbach-plaide-pour-une-plus-grande-contribution-des-medias.html\">Cliquez ici pour lire l&rsquo;article depuis sa source.<\/a><\/p>\n","protected":false},"excerpt":{"rendered":"<p>Citoyennet\u00e9 mondiale et solidaire La Pr\u00e9sidente de la HACA, Latifa Akharbach, a plaid\u00e9, jeudi lors d\u2019un webinaire organis\u00e9 par le Centre Nord-Sud du Conseil de l\u2019Europe, pour une plus grande contribution des m\u00e9dias \u00e0 la citoyennet\u00e9 mondiale et solidaire. \u00abDu point de vue du r\u00e9gulateur, l\u2019apport des m\u00e9dias classiques et nouveaux \u00e0 la mobilisation internationale [&hellip;]<\/p>\n","protected":false},"author":1760,"featured_media":0,"comment_status":"closed","ping_status":"closed","sticky":false,"template":"","format":"standard","meta":{"fifu_image_url":"","fifu_image_alt":"","footnotes":""},"categories":[73,54],"tags":[],"class_list":["post-105469","post","type-post","status-publish","format-standard","hentry","category-actualite","category-maroc"],"_links":{"self":[{"href":"https:\/\/linitiative.ca\/International\/wp-json\/wp\/v2\/posts\/105469","targetHints":{"allow":["GET"]}}],"collection":[{"href":"https:\/\/linitiative.ca\/International\/wp-json\/wp\/v2\/posts"}],"about":[{"href":"https:\/\/linitiative.ca\/International\/wp-json\/wp\/v2\/types\/post"}],"author":[{"embeddable":true,"href":"https:\/\/linitiative.ca\/International\/wp-json\/wp\/v2\/users\/1760"}],"replies":[{"embeddable":true,"href":"https:\/\/linitiative.ca\/International\/wp-json\/wp\/v2\/comments?post=105469"}],"version-history":[{"count":0,"href":"https:\/\/linitiative.ca\/International\/wp-json\/wp\/v2\/posts\/105469\/revisions"}],"wp:attachment":[{"href":"https:\/\/linitiative.ca\/International\/wp-json\/wp\/v2\/media?parent=105469"}],"wp:term":[{"taxonomy":"category","embeddable":true,"href":"https:\/\/linitiative.ca\/International\/wp-json\/wp\/v2\/categories?post=105469"},{"taxonomy":"post_tag","embeddable":true,"href":"https:\/\/linitiative.ca\/International\/wp-json\/wp\/v2\/tags?post=105469"}],"curies":[{"name":"wp","href":"https:\/\/api.w.org\/{rel}","templated":true}]}}