{"id":105470,"date":"2020-11-23T09:05:22","date_gmt":"2020-11-23T14:05:22","guid":{"rendered":"https:\/\/linitiative.ca\/International\/le-butin-qui-trahit-lexpedition-du-polisario\/"},"modified":"2020-11-23T09:05:22","modified_gmt":"2020-11-23T14:05:22","slug":"le-butin-qui-trahit-lexpedition-du-polisario","status":"publish","type":"post","link":"https:\/\/linitiative.ca\/International\/le-butin-qui-trahit-lexpedition-du-polisario\/","title":{"rendered":"Le butin qui trahit l\u2019exp\u00e9dition du \u00abPolisario\u00bb"},"content":{"rendered":"<p class=\"has-text-color has-vivid-red-color c2\"><strong>El Guerguarat<\/strong><\/p>\n<p class=\"c3\"><strong>Envoy\u00e9 sp\u00e9cial: Mohamed Touzani<\/strong><\/p>\n<p class=\"has-text-color c4\"><strong>Les reporters qui ont assur\u00e9 la couverture des derniers d\u00e9veloppements dans la zone tampon d\u2019El Guerguarat apr\u00e8s l\u2019intervention r\u00e9solue des FAR n\u2019en croyaient pas leurs yeux, en fouillant les ruines des tentes incendi\u00e9es par les milices du \u00abPolisario\u00bb avant de prendre la poudre d\u2019escampette dans le d\u00e9sert.<\/strong><\/p>\n<div class=\"wp-block-image\"><img loading=\"lazy\" decoding=\"async\" src=\"http:\/\/albayane.press.ma\/wp-content\/uploads\/RDC-Macao-2-1.jpg\" alt=\"\" class=\"wp-image-99416\" width=\"568\" height=\"335\"\/><\/div>\n<p>Plusieurs objets et gadgets trouv\u00e9s sur place suscitent en effet des interrogations l\u00e9gitimes sur la nature de l\u2019exp\u00e9dition des s\u00e9paratistes et sur les mauvaises intentions des maitres \u00e9ph\u00e9m\u00e8res des lieux.<\/p>\n<p>En prenant la fuite, ces \u00abbandits au vrai sens du terme\u00bb, selon l\u2019expression m\u00eame du ministre des Affaires \u00e9trang\u00e8res, de la Coop\u00e9ration africaine et des Marocains r\u00e9sidant \u00e0 l\u2019\u00e9tranger, Nasser Bourita, ont abandonn\u00e9 des bo\u00eetes de conserve de thon, de lait, des dattes, des sacs de lentilles, des bouteilles de limonade, des m\u00e9dicaments, des ustensiles, des paquets de cigarettes et des postes TV. Mais pas seulement.<\/p>\n<p>Il y avait aussi des haches, des b\u00e2tons en fer, des plaques d\u2019immatriculation alg\u00e9riennes, de la chicha, des produits aphrodisiaques, des tracts de propagande et m\u00eame des seringues et du s\u00e9rum.<\/p>\n<p>Un arsenal de guerre qui trahit le caract\u00e8re civil et spontan\u00e9 de ce camp, car seule une organisation militaire peut acheminer cette grande logistique des camps de Tindouf, \u00e0 plus d\u2019un millier de km plus loin, et l\u2019installer au beau milieu du d\u00e9sert.<\/p>\n<p>La majorit\u00e9 des produits proviennent de l\u2019Alg\u00e9rie. Normal puisque le parrain principal de cette guerre fratricide contre le Maroc n\u2019est autre que ce pays qui n\u2019a jamais cach\u00e9 son r\u00eave d\u2019encercler le Maroc et de le couper de l\u2019Afrique subsaharienne.<\/p>\n<p>D\u2019autres produits sont fabriqu\u00e9s en Europe et envoy\u00e9s aux camps de Tindouf par le Programme alimentaire mondial, ce qui pose encore une fois la question l\u00e9gitime sur l\u2019usage et la destination finale de l\u2019aide humanitaire internationale.<\/p>\n<p>D\u00e8s le d\u00e9part, le Maroc avait mis en garde l\u2019ONU et la communaut\u00e9 internationale contre le caract\u00e8re militaire de cette exp\u00e9dition suicidaire du \u00abPolisario\u00bb, puisque les hommes et femmes, pr\u00e9sents sur place, n\u2019ont pas parcouru de leur propre gr\u00e9 des centaines de km, en plein d\u00e9sert, sans \u00eatre encadr\u00e9s par les milices des s\u00e9paratistes et sans la b\u00e9n\u00e9diction de leur ma\u00eetre, l\u2019Alg\u00e9rie.<\/p>\n<p>Les cartes des champs de mines, trouv\u00e9es dans les tentes br\u00fbl\u00e9es, attestent de la mani\u00e8re la plus \u00e9loquente de l\u2019implication des milices dans l\u2019organisation de cette infiltration dans une zone tampon, au m\u00e9pris du droit international et en violation des accords de cessez-le-feu.<\/p>\n<p>La logistique mobilis\u00e9e prouve que la soixantaine d\u2019individus ayant investi les lieux au d\u00e9part avaient l\u2019intention de rester aussi longtemps que possible et allaient \u00eatre rejoints ult\u00e9rieurement par d\u2019autres groupes. L\u2019objectif est d\u2019installer un grand camp \u00e0 l\u2019image du tristement c\u00e9l\u00e8bre Gdeim Izik, pr\u00e8s de La\u00e2youne.<br \/>Bref, il s\u2019agit bel et bien de boucliers humains dans cette nouvelle croisade contre le Maroc.<\/p>\n<p>Mais c\u2019\u00e9tait sans compter avec la r\u00e9action prompte du Maroc qui a \u00e9touff\u00e9 dans l\u2019oeuf le projet pernicieux qui se tramait contre sa s\u00e9curit\u00e9 et son int\u00e9grit\u00e9 territoriale.<\/p>\n<p>Apr\u00e8s avoir laiss\u00e9 sa chance \u00e0 la diplomatie et fait preuve d\u2019une grande retenue, le Royaume a donc d\u00e9cid\u00e9 de d\u00e9loger ces coupeurs de routes qui ont sem\u00e9 la terreur dans la zone tampon apr\u00e8s avoir attaqu\u00e9 les camions, agress\u00e9 leurs chauffeurs et provoqu\u00e9 le personnel de la MINURSO.<\/p>\n<p>Auteur: M&rsquo;hammed rahal<br \/>\n<a href=\"http:\/\/albayane.press.ma\/le-butin-qui-trahit-lexpedition-du-polisario.html\">Cliquez ici pour lire l&rsquo;article depuis sa source.<\/a><\/p>\n","protected":false},"excerpt":{"rendered":"<p>El Guerguarat Envoy\u00e9 sp\u00e9cial: Mohamed Touzani Les reporters qui ont assur\u00e9 la couverture des derniers d\u00e9veloppements dans la zone tampon d\u2019El Guerguarat apr\u00e8s l\u2019intervention r\u00e9solue des FAR n\u2019en croyaient pas leurs yeux, en fouillant les ruines des tentes incendi\u00e9es par les milices du \u00abPolisario\u00bb avant de prendre la poudre d\u2019escampette dans le d\u00e9sert. Plusieurs objets [&hellip;]<\/p>\n","protected":false},"author":1760,"featured_media":105471,"comment_status":"closed","ping_status":"closed","sticky":false,"template":"","format":"standard","meta":{"fifu_image_url":"","fifu_image_alt":"","footnotes":""},"categories":[73,54],"tags":[],"class_list":["post-105470","post","type-post","status-publish","format-standard","has-post-thumbnail","hentry","category-actualite","category-maroc"],"_links":{"self":[{"href":"https:\/\/linitiative.ca\/International\/wp-json\/wp\/v2\/posts\/105470","targetHints":{"allow":["GET"]}}],"collection":[{"href":"https:\/\/linitiative.ca\/International\/wp-json\/wp\/v2\/posts"}],"about":[{"href":"https:\/\/linitiative.ca\/International\/wp-json\/wp\/v2\/types\/post"}],"author":[{"embeddable":true,"href":"https:\/\/linitiative.ca\/International\/wp-json\/wp\/v2\/users\/1760"}],"replies":[{"embeddable":true,"href":"https:\/\/linitiative.ca\/International\/wp-json\/wp\/v2\/comments?post=105470"}],"version-history":[{"count":0,"href":"https:\/\/linitiative.ca\/International\/wp-json\/wp\/v2\/posts\/105470\/revisions"}],"wp:featuredmedia":[{"embeddable":true,"href":"https:\/\/linitiative.ca\/International\/wp-json\/"}],"wp:attachment":[{"href":"https:\/\/linitiative.ca\/International\/wp-json\/wp\/v2\/media?parent=105470"}],"wp:term":[{"taxonomy":"category","embeddable":true,"href":"https:\/\/linitiative.ca\/International\/wp-json\/wp\/v2\/categories?post=105470"},{"taxonomy":"post_tag","embeddable":true,"href":"https:\/\/linitiative.ca\/International\/wp-json\/wp\/v2\/tags?post=105470"}],"curies":[{"name":"wp","href":"https:\/\/api.w.org\/{rel}","templated":true}]}}