{"id":105474,"date":"2020-11-23T06:10:11","date_gmt":"2020-11-23T11:10:11","guid":{"rendered":"https:\/\/linitiative.ca\/International\/patronat-un-troisieme-syndicat-pourquoi\/"},"modified":"2020-11-23T06:10:11","modified_gmt":"2020-11-23T11:10:11","slug":"patronat-un-troisieme-syndicat-pourquoi","status":"publish","type":"post","link":"https:\/\/linitiative.ca\/International\/patronat-un-troisieme-syndicat-pourquoi\/","title":{"rendered":"Patronat : Un troisi\u00e8me syndicat, pourquoi ?"},"content":{"rendered":"<p>La nouvelle est officielle. Monsieur Ridha Chaara , ex pr\u00e9sident de la CONECT Tunis, soutenue par un grand nombre de chefs d\u2019entreprises dont notamment Abdallah Ben Mbarek et Skander Sallami, se sont retir\u00e9s de la Conf\u00e9d\u00e9ration cr\u00e9\u00e9e \u00e0 l\u2019initiative de Tarek Cherif le lendemain des \u00e9v\u00e9nements de 14 janvier 2011 et justifi\u00e9 par ses fondateurs que l\u2019organisation m\u00e8re, \u00e0 savoir l\u2019UTICA, ne r\u00e9pondait plus aux exigences de la p\u00e9riode et que la conf\u00e9d\u00e9ration est beaucoup plus un think tank, une force de proposition sans n\u00e9cessairement concurrencer l\u2019UTICA.<\/p>\n<p>A la surprise g\u00e9n\u00e9rale, un troisi\u00e8me syndicat des patrons vient de na\u00eetre dont les fondateurs ne sont que des anciens piliers de la CONECT mais qui, \u00e0 leur tour, justifient ce d\u00e9tachement par presque les m\u00eames arguments pr\u00e9sent\u00e9s par les fondateurs de la CONECT eux m\u00eames.<\/p>\n<p>A notre humble avis, la multiplicit\u00e9 des avis et la divergence des id\u00e9es est une richesse que l\u2019on doit savoir g\u00e9rer.<\/p>\n<p>Est-il de l\u2019int\u00e9r\u00eat de la Tunisie aujourd\u2019hui, d\u2019avoir une institution forte qui d\u00e9fend les int\u00e9r\u00eats des patrons ? et dans quelle mesure cet effritement pourrait aider nos entreprises \u00e0 faire face \u00e0 une conjoncture de plus en plus difficile et un contexte g\u00e9opolitique extr\u00eamement complexe.<br \/>Selon un article de notre confr\u00e8re Moncef Mahroug, la nouvelle organisation patronale s\u2019appelle Organisation professionnelle des entrepreneurs \u2013 Tunisia (OPEN TUNISIA). Elle voit le jour \u00e0 l\u2019initiative d\u2019un groupe de personnalit\u00e9s -chefs d\u2019entreprise pour la plupart- compos\u00e9 du pr\u00e9sident de la nouvelle organisation -Ridha Charaa, expert-comptable, actif \u00e9galement dans la formation (cabinet Elite), ancien pr\u00e9sident du bureau CONECT Tunis. Et des quatre vice-pr\u00e9sidents -Kamel Ibn Ali (e-membre du bureau ex\u00e9cutif de la CONECT, g\u00e9rant de KBA Today Consulting), Slah Mansouri (ancien membre du bureau ex\u00e9cutif de CONECT International, et g\u00e9rant du cabinet \u00abInternational Technical Consulting and Service), et Ali Karaouli (ancien pr\u00e9sident de CONECT Gafsa, et, last but not least, de Abdallah Ben Mbarek (ex-secr\u00e9taire g\u00e9n\u00e9ral de la CONECT, qui a \u00e9galement occup\u00e9 les m\u00eames fonctions \u00e0 l\u2019UTICA, dans une vie ant\u00e9rieure).<br \/>A ces \u00abdissidents\u00bb de la CONECT s\u2019ajoutent Mmes Nafissa Hana El Euch et Sonia Gharrabia, chefs d\u2019entreprise et toutes deux vice-pr\u00e9sidentes.<\/p>\n<p><strong>Enti\u00e8rement d\u00e9di\u00e9e aux PME-TPE<\/strong><br \/>A premi\u00e8re vue, OPEN TUNISIA ne se distingue en rien de l\u2019UTICA et de la CONECT. Se pr\u00e9sentant comme un \u00absyndicat professionnel \u00e9conomique\u00bb, le troisi\u00e8me syndicat patronal se veut, \u00e0 la diff\u00e9rence des deux autres, \u00abd\u00e9di\u00e9e surtout aux TPE\/ PME\u00bb.<br \/>OPEN Tunisia s\u2019est fix\u00e9 quatre objectifs. Le premier est d\u2019\u00abaccompagner les entreprises dans tous les secteurs \u00e9conomiques, suivre de pr\u00e8s leurs pr\u00e9occupations et leurs attentes et d\u00e9fendre leurs int\u00e9r\u00eats aupr\u00e8s des autorit\u00e9s et de toutes les parties concern\u00e9es au niveau national et international\u00bb.<br \/>Le deuxi\u00e8me est de \u00abd\u00e9finir les positions et les propositions\u00bb de ces entreprises, dans le but d\u2019\u00abassurer leur d\u00e9veloppement et leur p\u00e9rennit\u00e9\u00bb et \u00ables d\u00e9fendre dans le cadre d\u2019une approche d\u2019ouverture et de partenariat avec toutes les parties prenantes\u00bb.<br \/>Le troisi\u00e8me objectif que l\u2019OPEN \u2013 Tunisia veut atteindre est de \u00abmettre en valeur l\u2019importance du r\u00f4le des entreprises et des entrepreneurs dans le d\u00e9veloppement \u00e9conomique et social du pays et la n\u00e9cessit\u00e9 de l\u2019am\u00e9lioration continue et rapide du climat des affaires\u00bb aux niveaux national, r\u00e9gional et du secteur d\u2019activit\u00e9.<br \/>Le quatri\u00e8me objectif est d\u2019\u00ab\u0153uvrer pour la mise en valeur des potentialit\u00e9s humaines et des richesses naturelles des diff\u00e9rentes r\u00e9gions par l\u2019encouragement de l\u2019initiative priv\u00e9e, du partenariat public priv\u00e9 et d\u2019une plus grande ouverture sur les march\u00e9s internationaux porteurs\u00bb.<br \/>A peine son dossier -d\u00e9pos\u00e9 le 13 juillet 2020- valid\u00e9 par les autorit\u00e9s, OPEN Tunisia s\u2019est mise en mouvement. Lundi 7 septembre, son pr\u00e9sident, Ridha Chaara, et son secr\u00e9taire g\u00e9n\u00e9ral, Abdallah Ben Mbarek, ont rencontr\u00e9 Nizar Chaari, le pr\u00e9sident directeur g\u00e9n\u00e9ral de Tunivisions Group, pour discuter \u00abdes opportunit\u00e9s de partenariat potentielles afin d\u2019aider les entreprises aux quatre coins\u00bb du pays.<br \/>Deux jours plus tard, mercredi 9 septembre, l\u2019organisation signait avec l\u2019Institut des Hautes Etudes \u2013 Tunis (IHET) une convention de partenariat \u00abpr\u00e9lude \u00e0 la signature d\u2019une convention tripartite avec l\u2019IHEC Montr\u00e9al-Canada, pour la formation des futurs chefs d\u2019entreprises\u00bb.<\/p>\n<div class=\"wp-post-author-wrap wp-post-author-shortcode left\">\n<h3 class=\"awpa-title\"\/>\n<div class=\"wp-post-author\">\n<div class=\"awpa-img awpa-author-block square\"><a href=\"http:\/\/lexpertjournal.net\/fr\/?author=1\"><img loading=\"lazy\" decoding=\"async\" alt=\"\" src=\"http:\/\/1.gravatar.com\/avatar\/d75fce4ed1c12f48ee4270b4238ad3bf?s=150&amp;d=mm&amp;r=g\" srcset=\"http:\/\/1.gravatar.com\/avatar\/d75fce4ed1c12f48ee4270b4238ad3bf?s=300&amp;d=mm&amp;r=g 2x\" class=\"avatar avatar-150 photo\" height=\"150\" width=\"150\"\/><\/a><\/div>\n<\/div>\n<\/div>\n<aside class=\"mashsb-container mashsb-main mashsb-stretched\">\n<\/aside>\n<p>Auteur: L&rsquo;Expert<br \/>\n<a href=\"http:\/\/lexpertjournal.net\/fr\/?p=17339\">Cliquez ici pour lire l&rsquo;article depuis sa source.<\/a><\/p>\n","protected":false},"excerpt":{"rendered":"<p>La nouvelle est officielle. Monsieur Ridha Chaara , ex pr\u00e9sident de la CONECT Tunis, soutenue par un grand nombre de chefs d\u2019entreprises dont notamment Abdallah Ben Mbarek et Skander Sallami, se sont retir\u00e9s de la Conf\u00e9d\u00e9ration cr\u00e9\u00e9e \u00e0 l\u2019initiative de Tarek Cherif le lendemain des \u00e9v\u00e9nements de 14 janvier 2011 et justifi\u00e9 par ses fondateurs [&hellip;]<\/p>\n","protected":false},"author":1775,"featured_media":0,"comment_status":"closed","ping_status":"closed","sticky":false,"template":"","format":"standard","meta":{"fifu_image_url":"","fifu_image_alt":"","footnotes":""},"categories":[78,55],"tags":[],"class_list":["post-105474","post","type-post","status-publish","format-standard","hentry","category-economie","category-tunisie"],"_links":{"self":[{"href":"https:\/\/linitiative.ca\/International\/wp-json\/wp\/v2\/posts\/105474","targetHints":{"allow":["GET"]}}],"collection":[{"href":"https:\/\/linitiative.ca\/International\/wp-json\/wp\/v2\/posts"}],"about":[{"href":"https:\/\/linitiative.ca\/International\/wp-json\/wp\/v2\/types\/post"}],"author":[{"embeddable":true,"href":"https:\/\/linitiative.ca\/International\/wp-json\/wp\/v2\/users\/1775"}],"replies":[{"embeddable":true,"href":"https:\/\/linitiative.ca\/International\/wp-json\/wp\/v2\/comments?post=105474"}],"version-history":[{"count":0,"href":"https:\/\/linitiative.ca\/International\/wp-json\/wp\/v2\/posts\/105474\/revisions"}],"wp:attachment":[{"href":"https:\/\/linitiative.ca\/International\/wp-json\/wp\/v2\/media?parent=105474"}],"wp:term":[{"taxonomy":"category","embeddable":true,"href":"https:\/\/linitiative.ca\/International\/wp-json\/wp\/v2\/categories?post=105474"},{"taxonomy":"post_tag","embeddable":true,"href":"https:\/\/linitiative.ca\/International\/wp-json\/wp\/v2\/tags?post=105474"}],"curies":[{"name":"wp","href":"https:\/\/api.w.org\/{rel}","templated":true}]}}