{"id":105484,"date":"2020-11-23T10:01:44","date_gmt":"2020-11-23T15:01:44","guid":{"rendered":"https:\/\/linitiative.ca\/International\/tipasa-plus-de-3-milliards-de-da-de-factures-delectricite-et-de-gaz-impayees-a-cause-de-la-pandemie\/"},"modified":"2020-11-23T10:01:44","modified_gmt":"2020-11-23T15:01:44","slug":"tipasa-plus-de-3-milliards-de-da-de-factures-delectricite-et-de-gaz-impayees-a-cause-de-la-pandemie","status":"publish","type":"post","link":"https:\/\/linitiative.ca\/International\/tipasa-plus-de-3-milliards-de-da-de-factures-delectricite-et-de-gaz-impayees-a-cause-de-la-pandemie\/","title":{"rendered":"Tipasa : plus de 3 milliards de DA de factures d&rsquo;\u00e9lectricit\u00e9 et de gaz  impay\u00e9es \u00e0 cause de la pand\u00e9mie"},"content":{"rendered":"<div readability=\"40\">\n<p><strong>TIPASA- Le montant des factures d&rsquo;\u00e9lectricit\u00e9 et de gaz impay\u00e9es, en raison de la pand\u00e9mie de la Covid-19 a d\u00e9pass\u00e9 dans la wilaya de Tipasa, le chiffre \u00ab\u00a0record\u00a0\u00bb de trois milliards de DA, a-t-on appris, lundi, aupr\u00e8s du responsable de la direction locale de distribution d&rsquo;\u00e9lectricit\u00e9 et de gaz.<\/strong><\/p>\n<\/div>\n<div readability=\"93.5\">\n<p>M.Ahmed Brahimi, qui a rappel\u00e9 que l&rsquo;interruption de l&rsquo;alimentation en \u00e9nergie pour non-payement des factures, est \u00ab\u00a0suspendue jusqu\u2019\u00e0 stabilisation de la situation sanitaire\u00a0\u00bb, a indiqu\u00e9 que ces cr\u00e9ances, estim\u00e9es exactement \u00e0 3,446 milliards de DA, repr\u00e9sentent une hausse de l\u2019ordre de 87 % comparativement \u00e0 l\u2019ann\u00e9e derni\u00e8re et durant laquelle la direction de distribution de Tipasa a enregistr\u00e9 plus de 2,16 milliards de DA de cr\u00e9ances impay\u00e9es, \u00e0 septembre 2019, a-t-il ajout\u00e9.<\/p>\n<p>Ce m\u00eame responsable a signal\u00e9 que les mesure prises par la soci\u00e9t\u00e9 concernant la \u00ab\u00a0suspension des coupures d\u2019\u00e9lectricit\u00e9\u00a0\u00bb, en guise de \u00ab\u00a0solidarit\u00e9 avec les citoyens en cette conjoncture sanitaire sensible, sont toujours de rigueur\u00a0\u00bb.<\/p>\n<blockquote readability=\"13\">\n<p><strong><em>D\u00e9taillant ces cr\u00e9ances, le responsable a fait part de plus de 2,16 milliards de DA d\u00e9tenus aupr\u00e8s des abonn\u00e9s ordinaires (m\u00e9nages), \u00e0 septembre 2020 soit une hausse de 135 % comparativement \u00e0 la m\u00eame p\u00e9riode de l\u2019ann\u00e9e derni\u00e8re, o\u00f9 le montant des facture impay\u00e9es par les m\u00e9nages \u00e9tait de 858 millions de DA, a-t-il fait savoir.<\/em><\/strong><\/p>\n<\/blockquote>\n<p>A cela s\u2019ajoutent plus de 1,1 milliard de cr\u00e9ances d\u00e9tenues aupr\u00e8s des services administratifs et des services publics, dont le montant des factures impay\u00e9es a augment\u00e9 de 30 % cette ann\u00e9e, contre seulement 876 millions en 2019.<\/p>\n<p>Pour r\u00e9cup\u00e9rer son du, sans avoir \u00e0 recourir aux coupures d\u2019\u00e9lectricit\u00e9, la direction de distribution de Tipasa a mobilis\u00e9 des \u00e9quipes commerciales charg\u00e9es de contacter les abonn\u00e9s pour les sensibiliser quant \u00e0 la n\u00e9cessit\u00e9 de payer leurs factures, parall\u00e8lement \u00e0 l\u2019organisation de campagnes de sensibilisation aux m\u00eames fins.<\/p>\n<p>M.Ahmed Brahimi a, aussi, exprim\u00e9 ses \u00ab\u00a0craintes \u00e0 l\u2019\u00e9gard des effets de ces circonstances exceptionnelles, ayant conduit \u00e0 des difficult\u00e9s financi\u00e8res pouvant relativement impacter la concr\u00e9tisation des projets inscrits au titre du plan de d\u00e9veloppement des r\u00e9seaux \u00e9lectrique et de gaz et les diff\u00e9rentes prestations fournies aux citoyens\u00a0\u00bb, a-t-il d\u00e9plor\u00e9.<\/p>\n<blockquote readability=\"14\">\n<p><strong><em>A cet effet, il a lanc\u00e9 un appel aux abonn\u00e9s de la soci\u00e9t\u00e9 en vue d\u2019\u00e9viter le cumul des factures impay\u00e9es, afin de pr\u00e9server, a-t-il dit, la \u00ab\u00a0p\u00e9rennit\u00e9 de ce service public, consid\u00e9rant qu\u2019il s\u2019agit d\u2019une soci\u00e9t\u00e9 citoyenne dans le cadre de la responsabilit\u00e9 sociale et de la solidarit\u00e9 sociale\u00a0\u00bb, a-t-il soutenu.<\/em><\/strong><\/p>\n<\/blockquote>\n<p>Le m\u00eame responsable a signal\u00e9 de nombreuses formules de payement mises \u00e0 la disposition des abonn\u00e9s, outre la possibilit\u00e9 d\u2019un \u00e9chelonnement de leurs dettes, \u00e0 travers un contrat entre l\u2019agence commerciale et l\u2019abonn\u00e9, prenant en compte \u00ab\u00a0le nombre de factures impay\u00e9es, le volume des dettes et les capacit\u00e9s financi\u00e8res de l\u2019abonn\u00e9\u00a0\u00bb.<\/p>\n<\/div>\n<p>Auteur:<br \/>\n<a href=\"http:\/\/www.aps.dz\/regions\/113203-tipasa-plus-de-3-milliards-de-da-de-factures-d-electricite-et-de-gaz-impayees-a-cause-de-la-pandemie\">Cliquez ici pour lire l&rsquo;article depuis sa source.<\/a><\/p>\n","protected":false},"excerpt":{"rendered":"<p>TIPASA- Le montant des factures d&rsquo;\u00e9lectricit\u00e9 et de gaz impay\u00e9es, en raison de la pand\u00e9mie de la Covid-19 a d\u00e9pass\u00e9 dans la wilaya de Tipasa, le chiffre \u00ab\u00a0record\u00a0\u00bb de trois milliards de DA, a-t-on appris, lundi, aupr\u00e8s du responsable de la direction locale de distribution d&rsquo;\u00e9lectricit\u00e9 et de gaz. M.Ahmed Brahimi, qui a rappel\u00e9 que [&hellip;]<\/p>\n","protected":false},"author":1790,"featured_media":0,"comment_status":"closed","ping_status":"closed","sticky":false,"template":"","format":"standard","meta":{"fifu_image_url":"","fifu_image_alt":"","footnotes":""},"categories":[53,76],"tags":[],"class_list":["post-105484","post","type-post","status-publish","format-standard","hentry","category-algerie","category-regions"],"_links":{"self":[{"href":"https:\/\/linitiative.ca\/International\/wp-json\/wp\/v2\/posts\/105484","targetHints":{"allow":["GET"]}}],"collection":[{"href":"https:\/\/linitiative.ca\/International\/wp-json\/wp\/v2\/posts"}],"about":[{"href":"https:\/\/linitiative.ca\/International\/wp-json\/wp\/v2\/types\/post"}],"author":[{"embeddable":true,"href":"https:\/\/linitiative.ca\/International\/wp-json\/wp\/v2\/users\/1790"}],"replies":[{"embeddable":true,"href":"https:\/\/linitiative.ca\/International\/wp-json\/wp\/v2\/comments?post=105484"}],"version-history":[{"count":0,"href":"https:\/\/linitiative.ca\/International\/wp-json\/wp\/v2\/posts\/105484\/revisions"}],"wp:attachment":[{"href":"https:\/\/linitiative.ca\/International\/wp-json\/wp\/v2\/media?parent=105484"}],"wp:term":[{"taxonomy":"category","embeddable":true,"href":"https:\/\/linitiative.ca\/International\/wp-json\/wp\/v2\/categories?post=105484"},{"taxonomy":"post_tag","embeddable":true,"href":"https:\/\/linitiative.ca\/International\/wp-json\/wp\/v2\/tags?post=105484"}],"curies":[{"name":"wp","href":"https:\/\/api.w.org\/{rel}","templated":true}]}}