{"id":105492,"date":"2020-11-23T10:30:00","date_gmt":"2020-11-23T15:30:00","guid":{"rendered":"https:\/\/linitiative.ca\/International\/huit-morts-dans-des-tirs-de-roquettes\/"},"modified":"2020-11-23T10:30:00","modified_gmt":"2020-11-23T15:30:00","slug":"huit-morts-dans-des-tirs-de-roquettes","status":"publish","type":"post","link":"https:\/\/linitiative.ca\/International\/huit-morts-dans-des-tirs-de-roquettes\/","title":{"rendered":"Huit morts dans des tirs de roquettes"},"content":{"rendered":"<p class=\"p1 c3\"><span class=\"c2\"><span class=\"Apple-converted-space\">\u00a0<\/span>Au moins huit personnes ont \u00e9t\u00e9 tu\u00e9es hier par des roquettes qui se sont abattues sur le centre de Kaboul, pr\u00e8s de la Zone verte o\u00f9 se trouvent ambassades et compagnies internationales, ont indiqu\u00e9 des sources gouvernementales. Une attaque revendiqu\u00e9e par le groupe Etat islamique (EI).<\/span><\/p>\n<p class=\"p1 c3\"><span class=\"c2\">Le porte-parole de la police de la capitale afghane, Ferdaws Faramarz, a confirm\u00e9 ces d\u00e9tails et ce bilan.Les explosions se sont produites dans des zones dens\u00e9ment peupl\u00e9es, notamment \u00e0 proximit\u00e9 de la Zone verte centrale et dans un quartier du nord. L\u2019une des roquettes a \u00e9galement atterri sur le centre m\u00e9dical Sana, un h\u00f4pital de la capitale.<\/span><\/p>\n<p class=\"p1 c3\"><span class=\"c2\">L\u2019ambassade iranienne a annonc\u00e9 sur Twitter que son b\u00e2timent principal avait \u00e9t\u00e9 endommag\u00e9 par les fragments de roquette, mais qu\u2019aucun de ses employ\u00e9s n\u2019a \u00e9t\u00e9 bless\u00e9.<\/span><\/p>\n<p class=\"p1 c3\"><span class=\"c2\">Le groupe Etat islamique (EI) a revendiqu\u00e9 les tirs de roquettes. Avec \u00ab28 roquettes Katioucha\u00bb, les \u00absoldats du califat ont pris pour cible la Zone verte (&#8230;) o\u00f9 se trouvent le b\u00e2timent de la pr\u00e9sidence afghane, les ambassades des pays crois\u00e9s, et les si\u00e8ges des forces afghanes\u00bb, dit le communiqu\u00e9 publi\u00e9 sur les cha\u00eenes Telegram de l\u2019organisation djihadiste.<\/span><\/p>\n<p class=\"p1 c3\"><span class=\"c2\">Ross Wilson, le charg\u00e9 d\u2019affaires am\u00e9ricain \u00e0 Kaboul, a quant \u00e0 lui condamn\u00e9 l\u2019attaque sur Twitter.\u00a0\u00abLes \u00c9tats-Unis vont continuer \u00e0 travailler avec nos partenaires afghans pour \u00e9viter ce type d\u2019attaques\u00bb, a-t-il \u00e9crit.<\/span><\/p>\n<p class=\"p2 c4\"><span class=\"c2\"><strong>Retrait am\u00e9ricain<\/strong><\/span><\/p>\n<p class=\"p1 c3\"><span class=\"c2\">L\u2019attaque survient avant les rencontres de Doha, capitale du Qatar, entre le secr\u00e9taire d\u2019\u00c9tat am\u00e9ricain Mike Pompeo et les n\u00e9gociateurs des talibans et du gouvernement afghan, qu\u2019il doit voir s\u00e9par\u00e9ment.<\/span><\/p>\n<p class=\"p1 c3\"><span class=\"c2\">Une vague de violence secoue l\u2019Afghanistan depuis des mois. Les talibans se sont engag\u00e9s \u00e0 ne pas attaquer les zones urbaines aux termes d\u2019un accord de retrait de l\u2019arm\u00e9e am\u00e9ricaine, mais les autorit\u00e9s de Kaboul ont accus\u00e9 les insurg\u00e9s ou leurs \u00e9pigones d\u2019autres attaques r\u00e9centes dans la capitale.<\/span><\/p>\n<p class=\"p1 c3\"><span class=\"c2\">Plus t\u00f4t dans la semaine, le Pentagone a annonc\u00e9 le retrait prochain de quelque 2 000 soldats d\u2019Afghanistan, acc\u00e9l\u00e9rant ainsi le calendrier, \u00e9tabli lors d\u2019un accord sign\u00e9 en f\u00e9vrier \u00e0 Doha, entre Washington et les talibans qui ent\u00e9rinait le retrait complet des troupes \u00e0 la mi-2021.<\/span><\/p>\n<p class=\"p1 c3\"><span class=\"c2\">Le pr\u00e9sident Donald Trump a promis \u00e0 plusieurs reprises de mettre fin aux\u00a0\u00abguerres sans fin\u00bb, y compris en Afghanistan, la plus longue intervention de l\u2019histoire am\u00e9ricaine, lanc\u00e9e apr\u00e8s les attentats du 11 septembre 2001.<\/span><\/p>\n<p class=\"p1 c3\"><span class=\"c2\">Le pr\u00e9sident \u00e9lu Joe Biden, sur un rare terrain d\u2019entente avec Donald Trump, souhaite \u00e9galement mettre fin \u00e0 la guerre en Afghanistan.<\/span><\/p>\n<p class=\"p1 c3\"><span class=\"c2\">Les n\u00e9gociateurs des talibans et du gouvernement afghan ont lanc\u00e9 des pourparlers de paix \u00e0 la mi-septembre, au Qatar, mais les progr\u00e8s ont \u00e9t\u00e9 lents. Des responsables ont toutefois d\u00e9clar\u00e9 qu\u2019une perc\u00e9e devrait \u00eatre annonc\u00e9e dans les prochains jours.<\/span><\/p>\n<p>Auteur: letemps1<br \/>\n<a href=\"http:\/\/www.letemps.com.tn\/article\/118200\/huit-morts-dans-des-tirs-de-roquettes\">Cliquez ici pour lire l&rsquo;article depuis sa source.<\/a><\/p>\n","protected":false},"excerpt":{"rendered":"<p>\u00a0Au moins huit personnes ont \u00e9t\u00e9 tu\u00e9es hier par des roquettes qui se sont abattues sur le centre de Kaboul, pr\u00e8s de la Zone verte o\u00f9 se trouvent ambassades et compagnies internationales, ont indiqu\u00e9 des sources gouvernementales. Une attaque revendiqu\u00e9e par le groupe Etat islamique (EI). Le porte-parole de la police de la capitale afghane, [&hellip;]<\/p>\n","protected":false},"author":1773,"featured_media":0,"comment_status":"closed","ping_status":"closed","sticky":false,"template":"","format":"standard","meta":{"fifu_image_url":"","fifu_image_alt":"","footnotes":""},"categories":[73,55],"tags":[],"class_list":["post-105492","post","type-post","status-publish","format-standard","hentry","category-actualite","category-tunisie"],"_links":{"self":[{"href":"https:\/\/linitiative.ca\/International\/wp-json\/wp\/v2\/posts\/105492","targetHints":{"allow":["GET"]}}],"collection":[{"href":"https:\/\/linitiative.ca\/International\/wp-json\/wp\/v2\/posts"}],"about":[{"href":"https:\/\/linitiative.ca\/International\/wp-json\/wp\/v2\/types\/post"}],"author":[{"embeddable":true,"href":"https:\/\/linitiative.ca\/International\/wp-json\/wp\/v2\/users\/1773"}],"replies":[{"embeddable":true,"href":"https:\/\/linitiative.ca\/International\/wp-json\/wp\/v2\/comments?post=105492"}],"version-history":[{"count":0,"href":"https:\/\/linitiative.ca\/International\/wp-json\/wp\/v2\/posts\/105492\/revisions"}],"wp:attachment":[{"href":"https:\/\/linitiative.ca\/International\/wp-json\/wp\/v2\/media?parent=105492"}],"wp:term":[{"taxonomy":"category","embeddable":true,"href":"https:\/\/linitiative.ca\/International\/wp-json\/wp\/v2\/categories?post=105492"},{"taxonomy":"post_tag","embeddable":true,"href":"https:\/\/linitiative.ca\/International\/wp-json\/wp\/v2\/tags?post=105492"}],"curies":[{"name":"wp","href":"https:\/\/api.w.org\/{rel}","templated":true}]}}