{"id":105494,"date":"2020-11-23T10:30:00","date_gmt":"2020-11-23T15:30:00","guid":{"rendered":"https:\/\/linitiative.ca\/International\/foule-immense-aux-funerailles-dun-islamiste-radicaliste\/"},"modified":"2020-11-23T10:30:00","modified_gmt":"2020-11-23T15:30:00","slug":"foule-immense-aux-funerailles-dun-islamiste-radicaliste","status":"publish","type":"post","link":"https:\/\/linitiative.ca\/International\/foule-immense-aux-funerailles-dun-islamiste-radicaliste\/","title":{"rendered":"Foule immense aux fun\u00e9railles d\u2019un islamiste radicaliste"},"content":{"rendered":"<p class=\"p1 c3\"><span class=\"c2\">Des foules immenses se sont rassembl\u00e9es hier \u00e0 Lahore (est) pour les fun\u00e9railles du fondateur d\u2019un parti islamiste radical, dont la rh\u00e9torique incendiaire a attis\u00e9 ces derni\u00e8res semaines au Pakistan la col\u00e8re \u00e0 l\u2019encontre de la France au sujet des caricatures du proph\u00e8te Mahomet.<\/span><\/p>\n<p class=\"p1 c3\"><span class=\"c2\">Les autorit\u00e9s n\u2019ont pas donn\u00e9 le nombre de participants, qui, selon des observateurs locaux, s\u2019\u00e9levait \u00e0 plusieurs centaines de milliers, la plupart ne respectant pas le port du masque obligatoire pour stopper une seconde vague de l\u2019\u00e9pid\u00e9mie mena\u00e7ant le Pakistan.<\/span><\/p>\n<p class=\"p1 c3\"><span class=\"c2\">Khadim Hussain Rizvi, 54 ans, qui avait fond\u00e9 en 2015 le Tehreek-e-Labbaik Pakistan (TLP), un influent mouvement extr\u00e9miste, est mort jeudi dans un h\u00f4pital de Lahore, apr\u00e8s des difficult\u00e9s respiratoires et une forte fi\u00e8vre. Les causes de son d\u00e9c\u00e8s ne sont pas connues et aucun test pour le Covid-19 ou une autopsie n\u2019ont \u00e9t\u00e9 pratiqu\u00e9s.<\/span><\/p>\n<p class=\"p1 c3\"><span class=\"c2\">\u00abAvez-vous d\u00e9j\u00e0 vu des fun\u00e9railles aussi importantes pour une figure politique ou religieuse?\u00bb relevait un participant, Farhad Abbasi. \u00abBien s\u00fbr que le mouvement va lui survivre\u00bb.<\/span><\/p>\n<p class=\"p1 c3\"><span class=\"c2\">Rizvi \u00e9tait en large partie derri\u00e8re les manifestations anti-fran\u00e7aises, souvent houleuses, qui ont agit\u00e9 le Pakistan depuis septembre, apr\u00e8s la republication des caricatures du proph\u00e8te Mohamad par l\u2019hebdomadaire satirique Charlie Hebdo.<\/span><\/p>\n<p class=\"p1 c3\"><span class=\"c2\">Sa mort survient quelques jours seulement apr\u00e8s que le TLP a mobilis\u00e9 plusieurs milliers de personnes aux portes d\u2019Islamabad pour protester contre les d\u00e9clarations du pr\u00e9sident fran\u00e7ais, Emmanuel Macron, d\u00e9fendant le droit \u00e0 la caricature au nom de la libert\u00e9 d\u2019expression lors de l\u2019hommage \u00e0 un enseignant tu\u00e9 apr\u00e8s avoir montr\u00e9 de tels dessins \u00e0 sa classe.<\/span><\/p>\n<p class=\"p1 c3\"><span class=\"c2\">Le message de Rizvi pourrait aussi avoir inspir\u00e9 Zaheer Hassan Mahmoud, le Pakistanais accus\u00e9 d\u2019avoir gri\u00e8vement bless\u00e9 au hachoir deux personnes pr\u00e8s des anciens locaux de Charlie Hebdo en septembre \u00e0 Paris. Ce dernier \u00abregardait abondamment\u00bb ces derniers temps les vid\u00e9os du TLP, selon la justice fran\u00e7aise.<\/span><\/p>\n<p class=\"p1 c3\"><span class=\"c2\">Plusieurs hauts responsables gouvernementaux, dont le Premier ministre Imran Khan, ont pr\u00e9sent\u00e9 leurs condol\u00e9ances \u00e0 la famille du religieux, ce qui t\u00e9moigne de son influence sur la soci\u00e9t\u00e9 pakistanaise.<\/span><\/p>\n<p class=\"p1 c3\"><span class=\"c2\">Rizvi \u00aba compris qu\u2019au Pakistan, le vrai pouvoir peut venir de la rue, o\u00f9 vous n\u2019avez pas besoin d\u2019avoir le plus grand nombre d\u2019\u00e9lecteurs, mais simplement le plus grand nombre de partisans arm\u00e9s\u00bb, ajoute-t-il.<\/span><\/p>\n<p class=\"p1 c3\"><span class=\"c2\">Pendant longtemps, Rizvi est rest\u00e9 inconnu au Pakistan. Mais en quelques ann\u00e9es seulement, le charismatique religieux, clou\u00e9 \u00e0 un fauteuil roulant depuis un accident de voiture, a mobilis\u00e9 les foules et est devenu l\u2019une des personnalit\u00e9s les plus craintes du pays.<\/span><\/p>\n<p class=\"p1 c3\"><span class=\"c2\">Avec ses discours parsem\u00e9s d\u2019obsc\u00e9nit\u00e9s et ses gesticulations th\u00e9\u00e2trales, il a instrumentalis\u00e9 la question du blasph\u00e8me, br\u00fblante au Pakistan, o\u00f9 m\u00eame des all\u00e9gations non prouv\u00e9es d\u2019offense \u00e0 l\u2019islam peuvent entra\u00eener assassinats et lynchages.<\/span><\/p>\n<p class=\"p1 c3\"><span class=\"c2\">Le TLP avait \u00e9t\u00e9 \u00e0 la man\u0153uvre derri\u00e8re les manifestations violentes dans tout le Pakistan apr\u00e8s l\u2019acquittement fin octobre 2018 de la chr\u00e9tienne Asia Bibi, qui avait pass\u00e9 plus de huit ans dans les couloirs de la mort pour des accusations de blasph\u00e8me qu\u2019elle a toujours ni\u00e9es.<\/span><\/p>\n<p class=\"p1 c3\"><span class=\"c2\">Un an auparavant, des manifestations anti-blasph\u00e8me \u00e0 l\u2019appel du TLP avaient paralys\u00e9 Islamabad pendant plusieurs semaines. Les manifestants ne s\u2019\u00e9taient dispers\u00e9s, apr\u00e8s de violents affrontements, qu\u2019\u00e0 la suite de la signature d\u2019un accord controvers\u00e9 avec l\u2019arm\u00e9e.<\/span><\/p>\n<p>Auteur: letemps1<br \/>\n<a href=\"http:\/\/www.letemps.com.tn\/article\/118202\/foule-immense-aux-fun%C3%A9railles-d%E2%80%99un-islamiste-radicaliste\">Cliquez ici pour lire l&rsquo;article depuis sa source.<\/a><\/p>\n","protected":false},"excerpt":{"rendered":"<p>Des foules immenses se sont rassembl\u00e9es hier \u00e0 Lahore (est) pour les fun\u00e9railles du fondateur d\u2019un parti islamiste radical, dont la rh\u00e9torique incendiaire a attis\u00e9 ces derni\u00e8res semaines au Pakistan la col\u00e8re \u00e0 l\u2019encontre de la France au sujet des caricatures du proph\u00e8te Mahomet. Les autorit\u00e9s n\u2019ont pas donn\u00e9 le nombre de participants, qui, selon [&hellip;]<\/p>\n","protected":false},"author":1773,"featured_media":0,"comment_status":"closed","ping_status":"closed","sticky":false,"template":"","format":"standard","meta":{"fifu_image_url":"","fifu_image_alt":"","footnotes":""},"categories":[73,55],"tags":[],"class_list":["post-105494","post","type-post","status-publish","format-standard","hentry","category-actualite","category-tunisie"],"_links":{"self":[{"href":"https:\/\/linitiative.ca\/International\/wp-json\/wp\/v2\/posts\/105494","targetHints":{"allow":["GET"]}}],"collection":[{"href":"https:\/\/linitiative.ca\/International\/wp-json\/wp\/v2\/posts"}],"about":[{"href":"https:\/\/linitiative.ca\/International\/wp-json\/wp\/v2\/types\/post"}],"author":[{"embeddable":true,"href":"https:\/\/linitiative.ca\/International\/wp-json\/wp\/v2\/users\/1773"}],"replies":[{"embeddable":true,"href":"https:\/\/linitiative.ca\/International\/wp-json\/wp\/v2\/comments?post=105494"}],"version-history":[{"count":0,"href":"https:\/\/linitiative.ca\/International\/wp-json\/wp\/v2\/posts\/105494\/revisions"}],"wp:attachment":[{"href":"https:\/\/linitiative.ca\/International\/wp-json\/wp\/v2\/media?parent=105494"}],"wp:term":[{"taxonomy":"category","embeddable":true,"href":"https:\/\/linitiative.ca\/International\/wp-json\/wp\/v2\/categories?post=105494"},{"taxonomy":"post_tag","embeddable":true,"href":"https:\/\/linitiative.ca\/International\/wp-json\/wp\/v2\/tags?post=105494"}],"curies":[{"name":"wp","href":"https:\/\/api.w.org\/{rel}","templated":true}]}}