{"id":105506,"date":"2020-11-23T05:35:48","date_gmt":"2020-11-23T10:35:48","guid":{"rendered":"https:\/\/linitiative.ca\/International\/113186-le-president-de-la-caf-ahmad-ahmad-suspendu-cinq-ans-par-la-fifa\/"},"modified":"2020-11-23T05:35:48","modified_gmt":"2020-11-23T10:35:48","slug":"113186-le-president-de-la-caf-ahmad-ahmad-suspendu-cinq-ans-par-la-fifa","status":"publish","type":"post","link":"https:\/\/linitiative.ca\/International\/113186-le-president-de-la-caf-ahmad-ahmad-suspendu-cinq-ans-par-la-fifa\/","title":{"rendered":"Le pr\u00e9sident de la CAF Ahmad Ahmad suspendu cinq ans par la FIFA"},"content":{"rendered":"<div>\n<div class=\"K2FeedImage\"><img decoding=\"async\" src=\"http:\/\/www.aps.dz\/media\/k2\/items\/cache\/ec54850efba55621c41fb1e6d013dfad_S.jpg\" alt=\"Le pr\u00e9sident de la CAF Ahmad Ahmad suspendu cinq ans par la FIFA\"><\/div>\n<div class=\"K2FeedIntroText\">\n<p dir=\"ltr\" style=\"text-align: justify;\"><strong>ZURICH &#8211; La commission d&rsquo;\u00e9thique de la F\u00e9d\u00e9ration internationale de football (Fifa), a prononc\u00e9 \u00e0 l&rsquo;encontre du pr\u00e9sident de la Conf\u00e9d\u00e9ration africaine (CAF) Ahmad Ahmad une interdiction de toute activit\u00e9 relative au football (administrative, sportive et autre) aux niveaux national et international pour une dur\u00e9e de cinq ans, pour manquement \u00e0 son devoir de loyaut\u00e9, d\u00e9tournements de fonds, acceptation et distribution de cadeaux ou autres avantages, et abus de pouvoir, a-t-elle annonc\u00e9 lundi.<\/strong><\/p>\n<\/div>\n<div class=\"K2FeedFullText\">\n<p dir=\"ltr\" style=\"text-align: justify;\">\u00ab\u00a0L\u2019enqu\u00eate sur le comportement de M. Ahmad au poste de pr\u00e9sident de la CAF entre 2017 et 2019 a port\u00e9 sur diverses questions li\u00e9es \u00e0 la gouvernance de la CAF, dont l\u2019organisation et le financement d\u2019un p\u00e8lerinage \u00e0 La Mecque (Oumra), ses accointances avec l\u2019entreprise d\u2019\u00e9quipement sportif Tactical Steel et d\u2019autres activit\u00e9s\u00a0\u00bb, explique la Fifa dans un communiqu\u00e9 publi\u00e9 sur son site officiel.<\/p>\n<blockquote>\n<p dir=\"ltr\" style=\"text-align: justify;\"><em><strong>Outre cette sanction, le premier responsable de la CAF devra s&rsquo;acquitter d&rsquo;une amende de 200.000 francs suisses d&rsquo;amende (185.000 euros).<\/strong><\/em><\/p>\n<\/blockquote>\n<p dir=\"ltr\" style=\"text-align: justify;\">Le dirigeant malgache de 60 ans, \u00e0 la t\u00eate du football africain depuis mars 2017 et candidat \u00e0 un deuxi\u00e8me mandat, avait par ailleurs \u00e9t\u00e9 plac\u00e9 en garde \u00e0 vue pour des soup\u00e7ons de corruption en juin 2019 \u00e0 Paris.<\/p>\n<p dir=\"ltr\" style=\"text-align: justify;\">\u00ab\u00a0La d\u00e9cision a \u00e9t\u00e9 notifi\u00e9e \u00e0 M. Ahmad aujourd\u2019hui, date \u00e0 laquelle l\u2019interdiction est entr\u00e9e en vigueur. Conform\u00e9ment \u00e0 l\u2019art. 78, al. 2 du Code d\u2019\u00e9thique de la FIFA, la d\u00e9cision motiv\u00e9e sera notifi\u00e9e dans son int\u00e9gralit\u00e9 \u00e0 M. Ahmad sous 60 jours\u00a0\u00bb, conclut la Fifa.<\/p>\n<p dir=\"ltr\" style=\"text-align: justify;\">Ahmad Ahmad, a annonc\u00e9 il y&rsquo;a quelques semaines sa d\u00e9cision de briguer un nouveau, \u00e0 l&rsquo;occasion des \u00e9lections pr\u00e9vues le 12 mars 2021 \u00e0 Rabat. Il avait justifi\u00e9 sa candidature par son souci de pr\u00e9server la stabilit\u00e9 au sein de la CAF.<\/p>\n<p dir=\"ltr\" style=\"text-align: justify;\">Avec cette sanction, quatre candidats restent d\u00e9sormais en course pour la pr\u00e9sidence de l&rsquo;instance africaine, il s&rsquo;agit du Mauritanien Ahmed Yahia, l&rsquo;Ivoirien Jacques Anouma, le milliardaire sud-africain Patrice Motsepe et le S\u00e9n\u00e9galais Augustin Senghor.<\/p>\n<p dir=\"ltr\" style=\"text-align: justify;\">L&rsquo;instance dirigeante du football africain d\u00e9voilera les noms des candidats le 11 janvier 2021.<\/p>\n<\/div>\n<p><img loading=\"lazy\" decoding=\"async\" src=\"http:\/\/feeds.feedburner.com\/~r\/aps-sport\/~4\/eFBJY_-9n8E\" height=\"1\" width=\"1\" alt=\"\">\n<\/div>\n<p>Auteur:<br \/>\n<a href=\"http:\/\/www.aps.dz\/sport\/113186-le-president-de-la-caf-ahmad-ahmad-suspendu-cinq-ans-par-la-fifa?utm_source=feedburner&#038;utm_medium=feed&#038;utm_campaign=Feed%3A+aps-sport+%28APS+-+SPORT%29\">Cliquez ici pour lire l&rsquo;article depuis sa source.<\/a><\/p>\n","protected":false},"excerpt":{"rendered":"<p>ZURICH &#8211; La commission d&rsquo;\u00e9thique de la F\u00e9d\u00e9ration internationale de football (Fifa), a prononc\u00e9 \u00e0 l&rsquo;encontre du pr\u00e9sident de la Conf\u00e9d\u00e9ration africaine (CAF) Ahmad Ahmad une interdiction de toute activit\u00e9 relative au football (administrative, sportive et autre) aux niveaux national et international pour une dur\u00e9e de cinq ans, pour manquement \u00e0 son devoir de loyaut\u00e9, [&hellip;]<\/p>\n","protected":false},"author":1790,"featured_media":105507,"comment_status":"closed","ping_status":"closed","sticky":false,"template":"","format":"standard","meta":{"fifu_image_url":"","fifu_image_alt":"","footnotes":""},"categories":[53,75],"tags":[],"class_list":["post-105506","post","type-post","status-publish","format-standard","has-post-thumbnail","hentry","category-algerie","category-sport"],"_links":{"self":[{"href":"https:\/\/linitiative.ca\/International\/wp-json\/wp\/v2\/posts\/105506","targetHints":{"allow":["GET"]}}],"collection":[{"href":"https:\/\/linitiative.ca\/International\/wp-json\/wp\/v2\/posts"}],"about":[{"href":"https:\/\/linitiative.ca\/International\/wp-json\/wp\/v2\/types\/post"}],"author":[{"embeddable":true,"href":"https:\/\/linitiative.ca\/International\/wp-json\/wp\/v2\/users\/1790"}],"replies":[{"embeddable":true,"href":"https:\/\/linitiative.ca\/International\/wp-json\/wp\/v2\/comments?post=105506"}],"version-history":[{"count":0,"href":"https:\/\/linitiative.ca\/International\/wp-json\/wp\/v2\/posts\/105506\/revisions"}],"wp:featuredmedia":[{"embeddable":true,"href":"https:\/\/linitiative.ca\/International\/wp-json\/"}],"wp:attachment":[{"href":"https:\/\/linitiative.ca\/International\/wp-json\/wp\/v2\/media?parent=105506"}],"wp:term":[{"taxonomy":"category","embeddable":true,"href":"https:\/\/linitiative.ca\/International\/wp-json\/wp\/v2\/categories?post=105506"},{"taxonomy":"post_tag","embeddable":true,"href":"https:\/\/linitiative.ca\/International\/wp-json\/wp\/v2\/tags?post=105506"}],"curies":[{"name":"wp","href":"https:\/\/api.w.org\/{rel}","templated":true}]}}