{"id":105508,"date":"2020-11-23T08:45:08","date_gmt":"2020-11-23T13:45:08","guid":{"rendered":"https:\/\/linitiative.ca\/International\/113196-championnat-national-militaire-de-taekwondo-17-equipes-au-rendez-vous-d-ouargla\/"},"modified":"2020-11-23T08:45:08","modified_gmt":"2020-11-23T13:45:08","slug":"113196-championnat-national-militaire-de-taekwondo-17-equipes-au-rendez-vous-d-ouargla","status":"publish","type":"post","link":"https:\/\/linitiative.ca\/International\/113196-championnat-national-militaire-de-taekwondo-17-equipes-au-rendez-vous-d-ouargla\/","title":{"rendered":"Championnat national militaire de Taekwondo: 17 \u00e9quipes au rendez-vous d&rsquo;Ouargla"},"content":{"rendered":"<p><span class=\"sp-nh-title\">APLS : poursuite des attaques contre les positions de l&rsquo;arm\u00e9e marocaine<\/span> &#8211; <span class=\"sp-nh-date\">lundi 23 novembre 2020 20:45<\/span><\/p>\n<p><span class=\"sp-nh-title\">Belhimer : le minist\u00e8re en passe d&rsquo;\u00e9laborer un projet de loi sur la publicit\u00e9<\/span> &#8211; <span class=\"sp-nh-date\">lundi 23 novembre 2020 20:38<\/span><\/p>\n<p><span class=\"sp-nh-title\">AADL: lancement fin novembre des travaux de r\u00e9alisation de 140.000 logements<\/span> &#8211; <span class=\"sp-nh-date\">lundi 23 novembre 2020 19:44<\/span><\/p>\n<p><span class=\"sp-nh-title\">Jijel: pr\u00e8s de 2 millions de tonnes de clinker export\u00e9es depuis d\u00e9but 2020 \u00e0 partir du port Djen Djen<\/span> &#8211; <span class=\"sp-nh-date\">lundi 23 novembre 2020 19:42<\/span><\/p>\n<p><span class=\"sp-nh-title\">Le Conseil de la nation entame le d\u00e9bat du PLF 2021<\/span> &#8211; <span class=\"sp-nh-date\">lundi 23 novembre 2020 19:36<\/span><\/p>\n<p><span class=\"sp-nh-title\">Une association sahraouie met en garde contre le danger des mines marocaines<\/span> &#8211; <span class=\"sp-nh-date\">lundi 23 novembre 2020 19:23<\/span><\/p>\n<p><span class=\"sp-nh-title\">Finance islamique : approche commune de l&rsquo;action de communication entre les banques et l&rsquo;Autorit\u00e9 nationale chara\u00efque nationale de la fatwa<\/span> &#8211; <span class=\"sp-nh-date\">lundi 23 novembre 2020 18:59<\/span><\/p>\n<p><span class=\"sp-nh-title\">L&rsquo;ambassadeur sahraoui en Alg\u00e9rie : poursuite de la lutte arm\u00e9e jusqu&rsquo;\u00e0 l&rsquo;ind\u00e9pendance<\/span> &#8211; <span class=\"sp-nh-date\">lundi 23 novembre 2020 18:51<\/span><\/p>\n<p><span class=\"sp-nh-title\">Gendarmerie nationale : 6 morts et 20 bless\u00e9s dans 16 accidents en 24 heures<\/span> &#8211; <span class=\"sp-nh-date\">lundi 23 novembre 2020 18:49<\/span><\/p>\n<p><span class=\"sp-nh-title\">Stress hydrique : des mesures urgentes pour assurer l&rsquo;approvisionnement en eau<\/span> &#8211; <span class=\"sp-nh-date\">lundi 23 novembre 2020 18:46<\/span><\/p>\n<p><span class=\"sp-nh-title\">Le pr\u00e9sident mauritanien re\u00e7oit le MAE sahraoui, \u00e9missaire de Brahim Ghali<\/span> &#8211; <span class=\"sp-nh-date\">lundi 23 novembre 2020 18:23<\/span><\/p>\n<p><span class=\"sp-nh-title\">FLN: l&rsquo;organisation d&rsquo;un r\u00e9f\u00e9rendum au Sahara Occidental, seule solution pour le r\u00e8glement du conflit<\/span> &#8211; <span class=\"sp-nh-date\">lundi 23 novembre 2020 18:02<\/span><\/p>\n<p><span class=\"sp-nh-title\">Affaire contre le quotidien El Watan: demande d\u2019une enqu\u00eate compl\u00e9mentaire<\/span> &#8211; <span class=\"sp-nh-date\">lundi 23 novembre 2020 17:54<\/span><\/p>\n<p><span class=\"sp-nh-title\">Covid-19: 8.273 malades hospitalis\u00e9s dont 573 en r\u00e9animation<\/span> &#8211; <span class=\"sp-nh-date\">lundi 23 novembre 2020 17:49<\/span><\/p>\n<p><span class=\"sp-nh-title\">Manifestations \u00e0 El Guerguerat: des civils sahraouis d\u00e9noncent le mutisme international face \u00e0 la poursuite de l&rsquo;occupation marocaine<\/span> &#8211; <span class=\"sp-nh-date\">lundi 23 novembre 2020 17:47<\/span><\/p>\n<p><span class=\"sp-nh-title\">Covid-19: report au 7 d\u00e9cembre du proc\u00e8s de l&rsquo;accus\u00e9 Bouderbali Mohamed<\/span> &#8211; <span class=\"sp-nh-date\">lundi 23 novembre 2020 17:42<\/span><\/p>\n<p><span class=\"sp-nh-title\">Des Journ\u00e9es th\u00e9\u00e2trales de la Casbah prochainement au Tna<\/span> &#8211; <span class=\"sp-nh-date\">lundi 23 novembre 2020 17:35<\/span><\/p>\n<p><span class=\"sp-nh-title\">Un salon virtuel sur la gestion des d\u00e9chets du 21 au 23 d\u00e9cembre<\/span> &#8211; <span class=\"sp-nh-date\">lundi 23 novembre 2020 17:13<\/span><\/p>\n<p><span class=\"sp-nh-title\">Covid-19: Krikou inspecte l\u2019application du protocole sanitaire \u00e0 l&rsquo;Ecole des jeunes sourds-muets de Rouiba<\/span> &#8211; <span class=\"sp-nh-date\">lundi 23 novembre 2020 17:01<\/span><\/p>\n<p><span class=\"sp-nh-title\">Adrar : lancement d\u2019une campagne de sensibilisation sur l\u2019utilisation de l\u2019e-paiement<\/span> &#8211; <span class=\"sp-nh-date\">lundi 23 novembre 2020 16:49<\/span><\/p>\n<p>Auteur:<br \/>\n<a href=\"http:\/\/feeds.aps.dz\/~r\/aps-sport\/~3\/1O89CUN2rrg\/113196-championnat-national-militaire-de-taekwondo-17-equipes-au-rendez-vous-d-ouargla\">Cliquez ici pour lire l&rsquo;article depuis sa source.<\/a><\/p>\n","protected":false},"excerpt":{"rendered":"<p>APLS : poursuite des attaques contre les positions de l&rsquo;arm\u00e9e marocaine &#8211; lundi 23 novembre 2020 20:45 Belhimer : le minist\u00e8re en passe d&rsquo;\u00e9laborer un projet de loi sur la publicit\u00e9 &#8211; lundi 23 novembre 2020 20:38 AADL: lancement fin novembre des travaux de r\u00e9alisation de 140.000 logements &#8211; lundi 23 novembre 2020 19:44 Jijel: [&hellip;]<\/p>\n","protected":false},"author":1790,"featured_media":0,"comment_status":"closed","ping_status":"closed","sticky":false,"template":"","format":"standard","meta":{"fifu_image_url":"","fifu_image_alt":"","footnotes":""},"categories":[53,75],"tags":[],"class_list":["post-105508","post","type-post","status-publish","format-standard","hentry","category-algerie","category-sport"],"_links":{"self":[{"href":"https:\/\/linitiative.ca\/International\/wp-json\/wp\/v2\/posts\/105508","targetHints":{"allow":["GET"]}}],"collection":[{"href":"https:\/\/linitiative.ca\/International\/wp-json\/wp\/v2\/posts"}],"about":[{"href":"https:\/\/linitiative.ca\/International\/wp-json\/wp\/v2\/types\/post"}],"author":[{"embeddable":true,"href":"https:\/\/linitiative.ca\/International\/wp-json\/wp\/v2\/users\/1790"}],"replies":[{"embeddable":true,"href":"https:\/\/linitiative.ca\/International\/wp-json\/wp\/v2\/comments?post=105508"}],"version-history":[{"count":0,"href":"https:\/\/linitiative.ca\/International\/wp-json\/wp\/v2\/posts\/105508\/revisions"}],"wp:attachment":[{"href":"https:\/\/linitiative.ca\/International\/wp-json\/wp\/v2\/media?parent=105508"}],"wp:term":[{"taxonomy":"category","embeddable":true,"href":"https:\/\/linitiative.ca\/International\/wp-json\/wp\/v2\/categories?post=105508"},{"taxonomy":"post_tag","embeddable":true,"href":"https:\/\/linitiative.ca\/International\/wp-json\/wp\/v2\/tags?post=105508"}],"curies":[{"name":"wp","href":"https:\/\/api.w.org\/{rel}","templated":true}]}}