{"id":105512,"date":"2020-11-23T09:53:00","date_gmt":"2020-11-23T14:53:00","guid":{"rendered":"https:\/\/linitiative.ca\/International\/incendies-de-forets-a-oued-goussine-chlef-arrestation-de-11-personnes-presumees-impliquees\/"},"modified":"2020-11-23T09:53:00","modified_gmt":"2020-11-23T14:53:00","slug":"incendies-de-forets-a-oued-goussine-chlef-arrestation-de-11-personnes-presumees-impliquees","status":"publish","type":"post","link":"https:\/\/linitiative.ca\/International\/incendies-de-forets-a-oued-goussine-chlef-arrestation-de-11-personnes-presumees-impliquees\/","title":{"rendered":"INCENDIES DE FORETS \u00e0 OUED GOUSSINE (CHLEF) : Arrestation de 11 personnes pr\u00e9sum\u00e9es impliqu\u00e9es"},"content":{"rendered":"<p><br id=\"sep_para_1\" class=\"sep_para access\"\/><\/p>\n<div id=\"para_1\" class=\"para_39635690 resize\">\n<div class=\"texte access firstletter\">Onze individus suspect\u00e9s d\u2019\u00eatre impliqu\u00e9s dans les incendies des for\u00eats de la commune de l\u2019Oued Goussine, d\u00e9clench\u00e9s, dans la nuit du 6 au 7 novembre courant, dans le sillage d&rsquo;une s\u00e9rie d\u2019incendies qui a touch\u00e9 plusieurs wilayas du centre et de l\u2019ouest du pays, ont \u00e9t\u00e9 arr\u00eat\u00e9s par les \u00e9l\u00e9ments de la police judiciaire relevant de la s\u00fbret\u00e9 de wilaya de Chlef, a-t-on appris, aupr\u00e8s de ce corps s\u00e9curitaire. Selon le charg\u00e9 de communication de la s\u00fbret\u00e9 de wilaya, le commissaire de police Cherif Ankoud, les \u00e9l\u00e9ments de la police judiciaire ont arr\u00eat\u00e9 11 suspects, dans le cadre des enqu\u00eates et investigations men\u00e9es suite aux incendies d\u00e9clar\u00e9s derni\u00e8rement dans les for\u00eats de la commune de l\u2019Oued Goussine, au Nord-est de la wilaya. Ces investigations ont permis d&rsquo;identifier les 11 suspects qui sont \u00e2g\u00e9s entre 25 et 70 ans, et originaires de communes du nord de la wilaya. Ils ont \u00e9t\u00e9 arr\u00eat\u00e9s en possession de bonbonnes charg\u00e9es d\u2019essence et pr\u00e9par\u00e9es pour \u00eatre utilis\u00e9es dans le d\u00e9clenchement d&rsquo;incendies et des t\u00e9l\u00e9phones portables ayant servi \u00e0 communiquer entre eux, a ajout\u00e9 le commissaire de police Cherif Ankoud. Sept autres personnes ont \u00e9t\u00e9 convoqu\u00e9es dans le cadre de cette enqu\u00eate, a-t-on ajout\u00e9 en pr\u00e9cisant qu&rsquo;une proc\u00e9dure judiciaire a \u00e9t\u00e9 instruite contre les individus arr\u00eat\u00e9s qui ont \u00e9t\u00e9 pr\u00e9sent\u00e9s devant la justice pour \u00ab\u00a0incendie volontaire de biens forestiers pour r\u00e9aliser des int\u00e9r\u00eats \u00e9conomiques ayant entra\u00een\u00e9 une atteinte \u00e0 la s\u00e9curit\u00e9 de l\u2019Etat, et vol de biens publics\u00a0\u00bb.\u00a0\u00a0\u00a0<\/div>\n<\/div>\n<p>Auteur: Nadine<br \/>\n<a href=\"https:\/\/www.reflexiondz.net\/INCENDIES-DE-FORETS-a-OUED-GOUSSINE-CHLEF-Arrestation-de-11-personnes-presumees-impliquees_a66407.html\">Cliquez ici pour lire l&rsquo;article depuis sa source.<\/a><\/p>\n","protected":false},"excerpt":{"rendered":"<p>Onze individus suspect\u00e9s d\u2019\u00eatre impliqu\u00e9s dans les incendies des for\u00eats de la commune de l\u2019Oued Goussine, d\u00e9clench\u00e9s, dans la nuit du 6 au 7 novembre courant, dans le sillage d&rsquo;une s\u00e9rie d\u2019incendies qui a touch\u00e9 plusieurs wilayas du centre et de l\u2019ouest du pays, ont \u00e9t\u00e9 arr\u00eat\u00e9s par les \u00e9l\u00e9ments de la police judiciaire relevant [&hellip;]<\/p>\n","protected":false},"author":1740,"featured_media":0,"comment_status":"closed","ping_status":"closed","sticky":false,"template":"","format":"standard","meta":{"fifu_image_url":"","fifu_image_alt":"","footnotes":""},"categories":[53,76],"tags":[],"class_list":["post-105512","post","type-post","status-publish","format-standard","hentry","category-algerie","category-regions"],"_links":{"self":[{"href":"https:\/\/linitiative.ca\/International\/wp-json\/wp\/v2\/posts\/105512","targetHints":{"allow":["GET"]}}],"collection":[{"href":"https:\/\/linitiative.ca\/International\/wp-json\/wp\/v2\/posts"}],"about":[{"href":"https:\/\/linitiative.ca\/International\/wp-json\/wp\/v2\/types\/post"}],"author":[{"embeddable":true,"href":"https:\/\/linitiative.ca\/International\/wp-json\/wp\/v2\/users\/1740"}],"replies":[{"embeddable":true,"href":"https:\/\/linitiative.ca\/International\/wp-json\/wp\/v2\/comments?post=105512"}],"version-history":[{"count":0,"href":"https:\/\/linitiative.ca\/International\/wp-json\/wp\/v2\/posts\/105512\/revisions"}],"wp:attachment":[{"href":"https:\/\/linitiative.ca\/International\/wp-json\/wp\/v2\/media?parent=105512"}],"wp:term":[{"taxonomy":"category","embeddable":true,"href":"https:\/\/linitiative.ca\/International\/wp-json\/wp\/v2\/categories?post=105512"},{"taxonomy":"post_tag","embeddable":true,"href":"https:\/\/linitiative.ca\/International\/wp-json\/wp\/v2\/tags?post=105512"}],"curies":[{"name":"wp","href":"https:\/\/api.w.org\/{rel}","templated":true}]}}