{"id":105514,"date":"2020-11-23T09:53:00","date_gmt":"2020-11-23T14:53:00","guid":{"rendered":"https:\/\/linitiative.ca\/International\/hopital-de-blida-17-du-professionnel-infectes-par-le-covid\/"},"modified":"2020-11-23T09:53:00","modified_gmt":"2020-11-23T14:53:00","slug":"hopital-de-blida-17-du-professionnel-infectes-par-le-covid","status":"publish","type":"post","link":"https:\/\/linitiative.ca\/International\/hopital-de-blida-17-du-professionnel-infectes-par-le-covid\/","title":{"rendered":"HOPITAL DE BLIDA : 17% du professionnel  infect\u00e9s  par le Covid"},"content":{"rendered":"<p><br id=\"sep_para_1\" class=\"sep_para access\"\/><\/p>\n<div id=\"para_1\" class=\"para_39635659 resize\">\n<div class=\"texte access firstletter\">Les r\u00e9sultats pr\u00e9liminaires d\u2019une \u00e9tude r\u00e9alis\u00e9e par le service d\u2019\u00e9pid\u00e9miologie et de m\u00e9decine pr\u00e9ventive du CHU \u2018\u2019Frantz Fanon \u2018\u2019 \u00e0 Blida sous la direction du professeur Abdelrezak Bouamra en coop\u00e9ration avec l\u2019Institut Pasteur ont montr\u00e9 que 17,1% des professionnels de sant\u00e9 \u00e9taient infect\u00e9es par le coronavirus . Pour sa part, le Pr Abdelrezak Bouamra, a tir\u00e9 la sonnette d\u2019alarme face \u00e0 cette recrudescence dans l\u2019environnement d\u2019hospitalisation professionnelle , \u00e9puis\u00e9 par le travail pendant plus de 9 mois, soulignant que cette \u00e9tude est la premi\u00e8re du genre en cette p\u00e9riode . Selon lui cette \u00e9tude a \u00e9t\u00e9 faite sur 2753 professionnels de sant\u00e9, dont 470 \u00e9taient infect\u00e9s par le virus Covid- 19, soit 17,1%. Le Pr Bouamra a consid\u00e9r\u00e9 cette enqu\u00eate comme \u201cun indicateur\u201d pour d\u00e9terminer dans quelle mesure les professionnels de sant\u00e9 sont expos\u00e9s \u00e0 l\u2019\u00e9pid\u00e9mie, ce qui permettra de prendre les mesures pr\u00e9ventives n\u00e9cessaires et appropri\u00e9es pour les patients et les usagers, esp\u00e9rant que l\u2019\u00e9tude sera une \u201cmotivation\u201d pour encourager le lancement d\u2019enqu\u00eates \u00e9pid\u00e9miologiques similaires dans d\u2019autres Etats pour boucler l\u2019\u00e9pid\u00e9mie et prot\u00e9ger les fils du secteur et ainsi leur permettre de continuer \u00e0 fournir des services\u00a0 au citoyen. Selon l\u2019\u00e9tude le taux d\u2019infection \u00e9tait de 20,4% pour la tranche d\u2019\u00e2ge entre 45-49 ans et 20,2% pour la tranche d\u2019\u00e2ge entre\u00a0 50-54 ans et 20%\u00a0 qui sont \u00e2g\u00e9es entre20-24 ans. Le professeur Bouamra a not\u00e9 que l\u2019ob\u00e9sit\u00e9 \u00e9tait l\u2019un des \u00abfacteurs les plus dangereux\u00bb contribuant aux complications de sant\u00e9. En ce qui concerne les sympt\u00f4mes de l\u2019\u00e9pid\u00e9mie, l\u2019\u00e9tude a r\u00e9v\u00e9l\u00e9 que 54% des cas pr\u00e9sentaient des sympt\u00f4mes, dont certains graves, et 37,6% n\u2019avaient aucun sympt\u00f4me important..\u00a0\u00a0\u00a0\u00a0\u00a0\u00a0\u00a0\u00a0\u00a0\u00a0\u00a0\u00a0\u00a0\u00a0\u00a0\u00a0\u00a0\u00a0\u00a0\u00a0\u00a0<\/div>\n<\/div>\n<p>Auteur: Nadine<br \/>\n<a href=\"https:\/\/www.reflexiondz.net\/HOPITAL-DE-BLIDA-17-du-professionnel-infectes-par-le-Covid_a66405.html\">Cliquez ici pour lire l&rsquo;article depuis sa source.<\/a><\/p>\n","protected":false},"excerpt":{"rendered":"<p>Les r\u00e9sultats pr\u00e9liminaires d\u2019une \u00e9tude r\u00e9alis\u00e9e par le service d\u2019\u00e9pid\u00e9miologie et de m\u00e9decine pr\u00e9ventive du CHU \u2018\u2019Frantz Fanon \u2018\u2019 \u00e0 Blida sous la direction du professeur Abdelrezak Bouamra en coop\u00e9ration avec l\u2019Institut Pasteur ont montr\u00e9 que 17,1% des professionnels de sant\u00e9 \u00e9taient infect\u00e9es par le coronavirus . Pour sa part, le Pr Abdelrezak Bouamra, a [&hellip;]<\/p>\n","protected":false},"author":1740,"featured_media":0,"comment_status":"closed","ping_status":"closed","sticky":false,"template":"","format":"standard","meta":{"fifu_image_url":"","fifu_image_alt":"","footnotes":""},"categories":[53,76],"tags":[],"class_list":["post-105514","post","type-post","status-publish","format-standard","hentry","category-algerie","category-regions"],"_links":{"self":[{"href":"https:\/\/linitiative.ca\/International\/wp-json\/wp\/v2\/posts\/105514","targetHints":{"allow":["GET"]}}],"collection":[{"href":"https:\/\/linitiative.ca\/International\/wp-json\/wp\/v2\/posts"}],"about":[{"href":"https:\/\/linitiative.ca\/International\/wp-json\/wp\/v2\/types\/post"}],"author":[{"embeddable":true,"href":"https:\/\/linitiative.ca\/International\/wp-json\/wp\/v2\/users\/1740"}],"replies":[{"embeddable":true,"href":"https:\/\/linitiative.ca\/International\/wp-json\/wp\/v2\/comments?post=105514"}],"version-history":[{"count":0,"href":"https:\/\/linitiative.ca\/International\/wp-json\/wp\/v2\/posts\/105514\/revisions"}],"wp:attachment":[{"href":"https:\/\/linitiative.ca\/International\/wp-json\/wp\/v2\/media?parent=105514"}],"wp:term":[{"taxonomy":"category","embeddable":true,"href":"https:\/\/linitiative.ca\/International\/wp-json\/wp\/v2\/categories?post=105514"},{"taxonomy":"post_tag","embeddable":true,"href":"https:\/\/linitiative.ca\/International\/wp-json\/wp\/v2\/tags?post=105514"}],"curies":[{"name":"wp","href":"https:\/\/api.w.org\/{rel}","templated":true}]}}