{"id":105515,"date":"2020-11-23T09:53:00","date_gmt":"2020-11-23T14:53:00","guid":{"rendered":"https:\/\/linitiative.ca\/International\/conseil-de-la-nation-presentation-du-projet-de-loi-contre-les-kidnappings\/"},"modified":"2020-11-23T09:53:00","modified_gmt":"2020-11-23T14:53:00","slug":"conseil-de-la-nation-presentation-du-projet-de-loi-contre-les-kidnappings","status":"publish","type":"post","link":"https:\/\/linitiative.ca\/International\/conseil-de-la-nation-presentation-du-projet-de-loi-contre-les-kidnappings\/","title":{"rendered":"CONSEIL DE LA NATION : Pr\u00e9sentation du projet de loi contre les kidnappings"},"content":{"rendered":"<p><br id=\"sep_para_1\" class=\"sep_para access\"\/><\/p>\n<div id=\"para_1\" class=\"para_39635651 resize\">\n<div class=\"texte access firstletter\">Lors de cette r\u00e9union qui s&rsquo;est d\u00e9roul\u00e9e en pr\u00e9sence de la ministre des Relations avec le Parlement, Basma Azouar, M. Zeghmati a pr\u00e9sent\u00e9 les axes les plus importants pr\u00e9vues dans le projet notamment en ce qui concerne les peines durcies allant jusqu&rsquo;\u00e0 la perp\u00e9tuit\u00e9, voire la peine capitale, selon la gravit\u00e9 de l\u2019acte commis et son incidence, outre une amende pouvant atteindre 2 millions DA\u00a0\u00bb. Le ministre a \u00e9voqu\u00e9 \u00e9galement \u00ab\u00a0les conditions d\u2019aggravation de la peine concernant la qualit\u00e9 de l\u2019auteur ou de la victime et les circonstances att\u00e9nuantes induisant un all\u00e9gement de la peine s&rsquo;il est mis fin d\u00e9lib\u00e9r\u00e9ment au kidnapping, ce qui est susceptible de prot\u00e9ger la victime et de dissuader le kidnappeur de commettre son m\u00e9fait\u00a0\u00bb. Concernant les peines durcies que pr\u00e9voit le projet de loi, le ministre a pr\u00e9cis\u00e9 que \u00ab\u00a0l&rsquo;ensemble des peines \u00e9nonc\u00e9es sont \u00e0 caract\u00e8re p\u00e9nal\u00a0\u00bb, soulignant que dans le cas de kidnapping d&rsquo;enfant, le l\u00e9gislateur a \u00ab\u00a0pr\u00e9vu deux peines: la perp\u00e9tuit\u00e9 ou la peine capitale\u00a0\u00bb. \u00ab\u00a0Les mesures coercitives ne s\u2019arr\u00eatent pas l\u00e0, puisqu\u2019elles vont jusqu\u2019\u00e0 priver les auteurs de ce genre de crimes de b\u00e9n\u00e9ficier des circonstances att\u00e9nuantes et de b\u00e9n\u00e9ficier d\u2019une adaptation de la peine. Autrement dit, ils ne pourront pas b\u00e9n\u00e9ficier d\u2019une autorisation de sortie, de la semi-libert\u00e9, du placement dans un atelier \u00e0 l\u2019ext\u00e9rieur ou de la libert\u00e9 conditionnelle et sont par cons\u00e9quent contraints \u00e0 passer la totalit\u00e9 de leur peine dans un espace clos\u00a0\u00bb, a-t-il ajout\u00e9. Le projet ne permet pas aux kidnappeurs de b\u00e9n\u00e9ficier des circonstances att\u00e9nuantes, notamment si ces crimes sont perp\u00e9tr\u00e9s contre des enfants, en cas de recours \u00e0 la torture, \u00e0 la violence sexuelle ou \u00e0 la demande de ran\u00e7on. Le ministre a \u00e9galement fait \u00e9tat de la possibilit\u00e9 pour le Parquet g\u00e9n\u00e9ral de d\u00e9clencher syst\u00e9matiquement l\u2019action publique m\u00eame en l\u2019absence de plainte, pr\u00e9cisant que les associations et les organismes activant dans le domaine de la protection des droits de l&rsquo;homme pourront, en vertu du m\u00eame texte, porter plainte devant les juridictions et se constituer partie civile avec r\u00e9clamation de r\u00e9parations. M.Zeghmati a, par ailleurs, indiqu\u00e9 que le projet de loi consacrait un chapitre \u00e0 la protection des victimes d&rsquo;enl\u00e8vements, pr\u00e9voyant leur prise en charge sanitaire, psychologique et sociale et la facilitation de leur acc\u00e8s \u00e0 la justice.<\/div>\n<\/div>\n<p>Auteur: Ismain<br \/>\n<a href=\"https:\/\/www.reflexiondz.net\/CONSEIL-DE-LA-NATION-Presentation-du-projet-de-loi-contre-les-kidnappings_a66403.html\">Cliquez ici pour lire l&rsquo;article depuis sa source.<\/a><\/p>\n","protected":false},"excerpt":{"rendered":"<p>Lors de cette r\u00e9union qui s&rsquo;est d\u00e9roul\u00e9e en pr\u00e9sence de la ministre des Relations avec le Parlement, Basma Azouar, M. Zeghmati a pr\u00e9sent\u00e9 les axes les plus importants pr\u00e9vues dans le projet notamment en ce qui concerne les peines durcies allant jusqu&rsquo;\u00e0 la perp\u00e9tuit\u00e9, voire la peine capitale, selon la gravit\u00e9 de l\u2019acte commis et [&hellip;]<\/p>\n","protected":false},"author":1740,"featured_media":0,"comment_status":"closed","ping_status":"closed","sticky":false,"template":"","format":"standard","meta":{"fifu_image_url":"","fifu_image_alt":"","footnotes":""},"categories":[53,76],"tags":[],"class_list":["post-105515","post","type-post","status-publish","format-standard","hentry","category-algerie","category-regions"],"_links":{"self":[{"href":"https:\/\/linitiative.ca\/International\/wp-json\/wp\/v2\/posts\/105515","targetHints":{"allow":["GET"]}}],"collection":[{"href":"https:\/\/linitiative.ca\/International\/wp-json\/wp\/v2\/posts"}],"about":[{"href":"https:\/\/linitiative.ca\/International\/wp-json\/wp\/v2\/types\/post"}],"author":[{"embeddable":true,"href":"https:\/\/linitiative.ca\/International\/wp-json\/wp\/v2\/users\/1740"}],"replies":[{"embeddable":true,"href":"https:\/\/linitiative.ca\/International\/wp-json\/wp\/v2\/comments?post=105515"}],"version-history":[{"count":0,"href":"https:\/\/linitiative.ca\/International\/wp-json\/wp\/v2\/posts\/105515\/revisions"}],"wp:attachment":[{"href":"https:\/\/linitiative.ca\/International\/wp-json\/wp\/v2\/media?parent=105515"}],"wp:term":[{"taxonomy":"category","embeddable":true,"href":"https:\/\/linitiative.ca\/International\/wp-json\/wp\/v2\/categories?post=105515"},{"taxonomy":"post_tag","embeddable":true,"href":"https:\/\/linitiative.ca\/International\/wp-json\/wp\/v2\/tags?post=105515"}],"curies":[{"name":"wp","href":"https:\/\/api.w.org\/{rel}","templated":true}]}}