{"id":105517,"date":"2020-11-23T05:30:00","date_gmt":"2020-11-23T10:30:00","guid":{"rendered":"https:\/\/linitiative.ca\/International\/mohamed-fadhel-mahfoudh-confort-intellectuel-ou-necessites-societales\/"},"modified":"2020-11-23T05:30:00","modified_gmt":"2020-11-23T10:30:00","slug":"mohamed-fadhel-mahfoudh-confort-intellectuel-ou-necessites-societales","status":"publish","type":"post","link":"https:\/\/linitiative.ca\/International\/mohamed-fadhel-mahfoudh-confort-intellectuel-ou-necessites-societales\/","title":{"rendered":"Mohamed Fadhel Mahfoudh: Confort intellectuel ou n\u00e9cessit\u00e9s soci\u00e9tales?"},"content":{"rendered":"<p class=\"c4\"><span class=\"c3\"><span class=\"c2\"><em><strong>Par le b\u00e2tonnier Mohamed Fadhel Mahfoudh &#8211;<\/strong><\/em><\/span><\/span> Le paysage politique tunisien ressemble de plus en plus \u00e0 quelques longs m\u00e9trages de la \u00abnouvelle vague\u00bb qui sacrifient le sc\u00e9nario original au profit d\u2019une certaine esth\u00e9tique, et qui n\u00e9cessitent quelques fois un d\u00e9codage des \u00e9v\u00e8nements pour comprendre les tenants et les aboutissants de la trame.<\/p>\n<p class=\"c4\">Et c\u2019est pratiquement le sentiment que l\u2019on a \u00e0 la lecture de certains \u00e9v\u00e8nements dramatiques de notre paysage politique.<\/p>\n<p class=\"c4\">Les sc\u00e9naristes les plus talentueux, ne feraient pas mieux.<\/p>\n<p class=\"c4\">Mais les enjeux sont tellement grands, \u00e0 tous les niveaux, que l\u2019on ne peut se contenter de d\u00e9scriptifs ou de perceptions<\/p>\n<p class=\"c4\"><span class=\"c6\"><span class=\"c5\"><strong>I- Topographie du d\u00e9sastre<\/strong><\/span><\/span><\/p>\n<p class=\"c4\">L\u2019Audace est n\u00e9cessaire \u00e0 notre modeste avis en ces temps-ci, pour conceptualiser d\u2019abord, et mettre sur le terrain ensuite.<\/p>\n<p class=\"c4\">\u00c0 l\u2019origine un tumulte \u00e9conomique, social, politique, institutionnel et probablement constitutionnel, qui n\u2019en finit pas, et un sentiment d\u2019inachev\u00e9 apr\u00e8s 10 ans de transition d\u00e9mocratique, malgr\u00e9 une alternance au pouvoir plut\u00f4t paisible jusque l\u00e0, heureusement.<\/p>\n<p class=\"c4\">Mais ce satisfecit concernant l\u2019alternance ne peut occulter nos d\u00e9boires.<\/p>\n<p class=\"c4\">\u00c9num\u00e9rons quelques uns:<\/p>\n<p class=\"c7\"><span class=\"c3\"><strong>\u2022<\/strong><\/span> Nous voulions un r\u00e9gime parlementaire, nous nous trouvons avec un r\u00e9gime hybride<\/p>\n<p class=\"c7\"><span class=\"c3\"><strong>\u2022<\/strong><\/span> Nous voulions un r\u00e9gime d\u2019\u00e9quilibre des pouvoirs, nous nous trouvons avec un r\u00e9gime de concurrence des pouvoirs.<\/p>\n<p class=\"c7\"><span class=\"c3\"><strong>\u2022<\/strong><\/span> Nous voulions un pr\u00e9sident de la r\u00e9publique au dessus de tout soup\u00e7on et rassembleur, nous nous trouvons avec un pr\u00e9sident m\u00eal\u00e9 \u00e0 la m\u00eal\u00e9e.<\/p>\n<p class=\"c7\"><span class=\"c3\"><strong>\u2022<\/strong><\/span> Nous voulions un chef de gouvernement issu d\u2019une majorit\u00e9 parlementaire, nous nous trouvons avec des 1er ministres et quelques ministres \u00abamateurs\u00bb au sens propre et figur\u00e9.<\/p>\n<p class=\"c7\"><span class=\"c3\"><strong>\u2022<\/strong><\/span> Nous voulions un pouvoir l\u00e9gislatif constructif, nous nous trouvons avec un r\u00e9gime d\u2019assembl\u00e9e et de partis, digne des p\u00e9riodes les plus sombres de l\u2019histoire de la d\u00e9mocratie.<\/p>\n<p class=\"c7\"><span class=\"c3\"><strong>\u2022<\/strong><\/span> Nous voulions un pouvoir judiciaire ind\u00e9pendant, nous nous trouvons avec une justice qui laisse \u00e0 d\u00e9sirer et tout r\u00e9cemment, apr\u00e8s les accusations de hauts magistrats, nous avons un pouvoir judiciaire qui n\u2019est plus au dessus de tout soup\u00e7on.<\/p>\n<p class=\"c7\"><span class=\"c3\"><strong>\u2022<\/strong><\/span> Nous voulions un nouveau pouvoir de contr\u00f4le et de vigilance citoyenne \u00e0 travers des instances ind\u00e9pendantes, nous nous trouvons avec des instancesmalades en qu\u00eate d\u2019ind\u00e9pendance, et complices pour certaines d\u2019entre elles, des d\u00e9boires transitionnels.<\/p>\n<p class=\"c7\"><span class=\"c3\"><strong>\u2022<\/strong><\/span> Nous voulions une cour constitutionnelle digne de ce nom, nous nous trouvons avec des candidatures \u00e0 la cour soutenues par les organes qui vont op\u00e9rer les choix, qui sont le fruit de connivences et pas beaucoup de comp\u00e9tences, avec tout le respect envers certains candidats.<\/p>\n<p class=\"c7\"><span class=\"c3\"><strong>\u2022<\/strong><\/span> Enfin nous voulions am\u00e9liorer les conditions de vie quotidienne de tous les citoyens, nous nous trouvons avec un \u00e9largissement du foss\u00e9 des in\u00e9galit\u00e9s et un appauvrissement de toutes les cat\u00e9gories.<\/p>\n<p class=\"c4\">Le tableau institutionnel d\u00e9note donc d\u2019une v\u00e9ritable cacophonie qui ne peut soutenir que la th\u00e8se de la perte de l\u00e9gitimit\u00e9 de tout le syst\u00e8me, voire son an\u00e9antissement qui va crescendo.<\/p>\n<p class=\"c4\">Tableau qui se r\u00e9fl\u00e9chitillico-presto, n\u00e9gativement, sur le tableau social, \u00e9conomique et culturel.<\/p>\n<p class=\"c4\">N\u2019ayons pas peur des mots, et \u00e9vitons ensemble une certaine frilosit\u00e9 \u00e0 appeler les choses par leurs noms : notre r\u00e9gime politique ne fonctionne plus comme il se doit, et notre mod\u00e8le de d\u00e9veloppement peine \u00e0 apporter des r\u00e9ponses, et il est temps de les repenser.<\/p>\n<p class=\"c4\">Les temps qui courent n\u2019arrangent pas non plus les choses : crisessanitaire, \u00e9conomique et sociale li\u00e9es \u00e0 la Covid-19, mais \u00e9galement crises profondes li\u00e9es peut \u00eatre au vieillissement de nos mod\u00e8les de pens\u00e9es et de d\u00e9veloppement.<\/p>\n<p class=\"c4\">Nous nous trouvons donc en face de probl\u00e8mes conjoncturels, structurels et conceptuels, qui ne sont pas ais\u00e9s \u00e0 r\u00e9soudre dans un temps relativement exigu.<\/p>\n<p class=\"c4\">Au-del\u00e0 des facteurs endog\u00e8nes et des facteurs exog\u00e8nes qui ont favoris\u00e9 ce tableau sombre, y aurait-il une lueur d\u2019espoir, ou une perspective pour remonter la pente ? Et de quelle mani\u00e8re ?<\/p>\n<p class=\"c4\"><span class=\"c5\"><span class=\"c6\"><strong>II- Perspectives<\/strong><\/span><\/span><\/p>\n<p class=\"c4\">La r\u00e9ponse est sans doute positive pour la 1ere question, tout au moins c\u2019est l\u2019espoir de tout un chacun pour voir le bout du tunnel.<\/p>\n<p class=\"c4\">Mais l\u00e0 o\u00f9 le bas bless\u00e9, c\u2019est que le chemin du tunnel est tellement sinuso\u00efdal et labyrintal, que cela semble difficile, voire impossible pour les plus pessimistes.<\/p>\n<p class=\"c4\">Ajouter \u00e0 cela que les r\u00e9ponses des gouvernements successifs, n\u2019ont fait qu\u2019envenimer les choses au lieu de les r\u00e9soudre.<\/p>\n<p class=\"c4\">Ils se sont tous content\u00e9s de parer au plus urgent sans vision, sans choix d\u00e9lib\u00e9r\u00e9s et sans strat\u00e9gies ni p\u00e9dagogie.<\/p>\n<p class=\"c4\">Alors que faire ?<\/p>\n<p class=\"c4\">Certains avancent l\u2019id\u00e9e d\u2019une conf\u00e9rence de salut national, organis\u00e9e sous la tutelle de la pr\u00e9sidence de la r\u00e9publique et g\u00e9r\u00e9e par les \u00abgrosses cylindr\u00e9es \u00bb de nos organisations nationales traditionnelles.<br \/>L\u2019id\u00e9e semble all\u00e9chante, surtout avec la jurisprudence du dialogue national de 2013.<\/p>\n<p class=\"c4\">Mais ayant v\u00e9cu personnellement ce moment historique, je pense que les temps ne sont plus les m\u00eames et les conditions diff\u00e8rent substantiellement.<\/p>\n<p class=\"c4\">Il suffit, non pas de voir ce qui se passe \u00e0 l\u2019ARP, mais aussi d\u2019observer le climat de violence sous-jacente qui r\u00e8gne sur nos r\u00e9seaux sociaux.<\/p>\n<p class=\"c4\">La violence mat\u00e9rielle et physique, sipar malheur elle aurait lieu, de nouveau, ne serait plus un moteur de paix comme elle l\u2019a \u00e9t\u00e9 en 2013, bien au contraire elle sera le moteur pour un cycle infini de violence, pour la simple raison de l\u2019absence de l\u2019effet surprise.<\/p>\n<p class=\"c4\">Et puis en dehors des consid\u00e9rations de bonne foi et de bonne volont\u00e9, qui d\u00e9battra avec qui? Quand on voit les antagonismes actuels on peut sinc\u00e8rement douter de l\u2019issue d\u2019un tel dialogue.<br \/>C\u2019est pourquoi, et comptant sur l\u2019ing\u00e9niosit\u00e9 des tunisiens, leur cr\u00e9ativit\u00e9 et leur sens de l\u2019histoire, nous pensons qu\u2019une nouvelle alternative s\u2019impose.<\/p>\n<p class=\"c4\">Cette alternative reposera sur 3 axes de r\u00e9flexions:<\/p>\n<p class=\"c7\"><span class=\"c3\"><strong>\u2022<\/strong><\/span> <span class=\"c3\"><strong>Le premier<\/strong><\/span><span class=\"c3\"><strong>,<\/strong><\/span> traitera du nouveau mode de pens\u00e9e, bas\u00e9e sur la question de savoir si toutes les id\u00e9ologies r\u00e9gnantes, ont atteint leurs objectifs.<\/p>\n<p class=\"c7\"><span class=\"c3\"><strong>\u2022<\/strong><\/span> <span class=\"c3\"><strong>Le deuxi\u00e8me,<\/strong><\/span> serait celui de l\u2019adoption d\u2019une nouvelle philosophie du contrat social bas\u00e9e sur la question de savoir quel minimum d\u00e9cent pourrait satisfaire l\u2019\u00eatre et quel maximum ne serait pas ostentatoire.<\/p>\n<p class=\"c7\"><span class=\"c3\"><strong>\u2022<\/strong><\/span> <span class=\"c3\"><strong>Le troisi\u00e8me,<\/strong><\/span> c\u2019est de r\u00e9pondre \u00e0 la question de savoir si la culture du bonheur, du vivre ensemble et du bien \u00eatre d\u2019au moins 99% de la population, ne serait atteint qu\u2019\u00e0 traversl\u2019\u00e9quation Etat-Nation, ou par d\u2019autres alternatives.<\/p>\n<p class=\"c4\">La r\u00e9ponse \u00e0 ces questions, n\u00e9cessite \u00e0 notre modeste sens, un dialogue soci\u00e9tal et plus qu\u2019une conf\u00e9rence de salut national, \u00e0 qui l\u2019on conf\u00e8rerait peut \u00eatre la t\u00e2che de trouver des r\u00e9ponses conjoncturelles.<br \/>Et ce d\u00e9bat soci\u00e9tal ne devrait souffrir d\u2019aucune censure, ni institutionnelle ni morale, puisque la discussion serait libre et ind\u00e9pendante de toutes les tutelles, quelque soit levolontarisme des tuteurs.<br \/>Le Tunisien saura se surpasser, et ne laissera pas aux bleus la possibilit\u00e9 de d\u00e9t\u00e9rminer son sort.<\/p>\n<p class=\"c4\">Tout le monde a vu qu\u2019il y a un avant et un apr\u00e8s coronavirus.<\/p>\n<p class=\"c4\">Tout le monde a compris qu\u2019on ne peut plus r\u00e9soudre les probl\u00e8mes et les crises de la m\u00eame mani\u00e8re.<\/p>\n<p class=\"c4\">C\u2019est pourquoi, nous devons compter sur les forces vives du pays, et Dieu sait s\u2019il y en a, etqui seront au rendez-vous tant attendu.<\/p>\n<p class=\"c4\">Si les rapports de production sont un v\u00e9hicule de l\u2019histoire, le politique au sens Noble et la pens\u00e9een sont les moteurs.<\/p>\n<p class=\"c4\">Alors r\u00e9fl\u00e9chissons sur les modalit\u00e9s de mise en \u0153uvre de cette tentative de conceptualisation.<\/p>\n<p class=\"c4\"><span class=\"c6\"><span class=\"c5\"><strong>III- Mise en \u0153uvre<\/strong><\/span><\/span><\/p>\n<p class=\"c4\">Contrairement \u00e0 la perception g\u00e9n\u00e8rale,il n\u2019y a pas que des corrompus dans notre ch\u00e8re patrie. C\u2019est pourquoi il faudrait s\u2019adresser \u00e0 la grande majorit\u00e9 quelques fois silencieuse, quelques fois col\u00e9rique, via un appel qui sort des trippes et qui r\u00e9sumerait les \u00e9spoirs escompt\u00e9s.<\/p>\n<p class=\"c4\">Un appel rassembleur adress\u00e9 aux forces patriotiques qui croient encore \u00e0 la d\u00e9mocratie, aux valeurs r\u00e9publicaines et \u00e0 l\u2019humanisme.<\/p>\n<p class=\"c4\">Libert\u00e8,\u00e9galit\u00e9 et dignit\u00e9 sont les fondements de tous les droits humains, politiques, civiques, sociaux, \u00e9conomiques et culturels, et qui sont indissociables.<\/p>\n<p class=\"c4\">Un appel aussi o\u00f9 toutes les franges de la population trouvent leurs rep\u00e8res et leurs espoirs.<\/p>\n<p class=\"c4\">D\u2019ailleurs je profite de cette tribune pour\u00a0 lancer l\u2019appel pour une nouvelle R\u00e9publique qui ne ferait pas une table rase du pass\u00e9 mais qui saura valoriser les acquis et entrevoir les nouvelles perspectives au regard des nouvelles conceptions soci\u00e9tales.<\/p>\n<p class=\"c4\">En d\u2019autres termes, les changements escompt\u00e9s ne se limiteraient pas au r\u00e9gime politique, quoique n\u00e9cessaires, mais devraient s\u2019\u00e9tendre \u00e0 cette notion de bien \u00eatre collectif tout en respectant et en valorisant l\u2019\u00eatre dans son individualit\u00e9.<\/p>\n<p class=\"c4\">Ensuite, cet appel doit \u00eatre concr\u00e9tis\u00e9 par des d\u00e9bats qui ne se limiteraient pas aux intellectuels, mais auxquels seraient associ\u00e9es toutes les cat\u00e9gories sociales, dans tous les recoins de la patrie (cit\u00e9s populaires, milieux urbains, milieux ruraux, d\u00e9l\u00e9gations, imedet, banlieues chics, banlieues populaires\u2026)<\/p>\n<p class=\"c4\">Enfin, m\u00e9langer les genres et les d\u00e9bats pour arriver \u00e0 une synth\u00e8se \u00e0 tendance consensuelle mais pas compromettante vis-\u00e0-vis des principes sur lesquels s\u2019est fond\u00e9 l\u2019appel.<\/p>\n<p class=\"c4\">Evidemment, ce dialogue soci\u00e9tal prendra le temps qu\u2019il faudra puisque le m\u00fbrissement de toute pens\u00e9e n\u00e9cessite une p\u00e9riode de gestation avant l\u2019accouchement.<\/p>\n<p class=\"c4\">La mission n\u2019est pas impossible, elle serait m\u00eame ais\u00e9e si chacun d\u2019entre nous y met un peu du sien dans un \u00e9lan de responsabilit\u00e9 et d\u2019abn\u00e9gation, en attendant de trouver le vaccin pas seulement pour la Covid-19, mais aussi pour les \u00e9gos enfl\u00e9es.<\/p>\n<p class=\"c8\"><strong>Le B\u00e2tonnier Mohamed Fadhel Mahfoudh<\/strong><br \/><span class=\"c2\"><em>Laur\u00e9at du prix Nobel de la paix 2015<br \/>Ancien ministre des droits de l\u2019homme<\/em><\/span><\/p>\n<p>Auteur:<br \/>\n<a href=\"https:\/\/www.leaders.com.tn\/article\/30973-mohamed-fadhel-mahfoudh-confort-intellectuel-ou-necessites-societales\">Cliquez ici pour lire l&rsquo;article depuis sa source.<\/a><\/p>\n","protected":false},"excerpt":{"rendered":"<p>Par le b\u00e2tonnier Mohamed Fadhel Mahfoudh &#8211; Le paysage politique tunisien ressemble de plus en plus \u00e0 quelques longs m\u00e9trages de la \u00abnouvelle vague\u00bb qui sacrifient le sc\u00e9nario original au profit d\u2019une certaine esth\u00e9tique, et qui n\u00e9cessitent quelques fois un d\u00e9codage des \u00e9v\u00e8nements pour comprendre les tenants et les aboutissants de la trame. Et c\u2019est [&hellip;]<\/p>\n","protected":false},"author":1772,"featured_media":0,"comment_status":"closed","ping_status":"closed","sticky":false,"template":"","format":"standard","meta":{"fifu_image_url":"","fifu_image_alt":"","footnotes":""},"categories":[73,55],"tags":[],"class_list":["post-105517","post","type-post","status-publish","format-standard","hentry","category-actualite","category-tunisie"],"_links":{"self":[{"href":"https:\/\/linitiative.ca\/International\/wp-json\/wp\/v2\/posts\/105517","targetHints":{"allow":["GET"]}}],"collection":[{"href":"https:\/\/linitiative.ca\/International\/wp-json\/wp\/v2\/posts"}],"about":[{"href":"https:\/\/linitiative.ca\/International\/wp-json\/wp\/v2\/types\/post"}],"author":[{"embeddable":true,"href":"https:\/\/linitiative.ca\/International\/wp-json\/wp\/v2\/users\/1772"}],"replies":[{"embeddable":true,"href":"https:\/\/linitiative.ca\/International\/wp-json\/wp\/v2\/comments?post=105517"}],"version-history":[{"count":0,"href":"https:\/\/linitiative.ca\/International\/wp-json\/wp\/v2\/posts\/105517\/revisions"}],"wp:attachment":[{"href":"https:\/\/linitiative.ca\/International\/wp-json\/wp\/v2\/media?parent=105517"}],"wp:term":[{"taxonomy":"category","embeddable":true,"href":"https:\/\/linitiative.ca\/International\/wp-json\/wp\/v2\/categories?post=105517"},{"taxonomy":"post_tag","embeddable":true,"href":"https:\/\/linitiative.ca\/International\/wp-json\/wp\/v2\/tags?post=105517"}],"curies":[{"name":"wp","href":"https:\/\/api.w.org\/{rel}","templated":true}]}}