{"id":105523,"date":"2020-11-23T13:14:00","date_gmt":"2020-11-23T18:14:00","guid":{"rendered":"https:\/\/linitiative.ca\/International\/la-securite-presidentielle-etrenne-le-premier-numero-de-sa-revue\/"},"modified":"2020-11-23T13:14:00","modified_gmt":"2020-11-23T18:14:00","slug":"la-securite-presidentielle-etrenne-le-premier-numero-de-sa-revue","status":"publish","type":"post","link":"https:\/\/linitiative.ca\/International\/la-securite-presidentielle-etrenne-le-premier-numero-de-sa-revue\/","title":{"rendered":"La S\u00e9curit\u00e9 pr\u00e9sidentielle \u00e9trenne le premier num\u00e9ro de sa revue"},"content":{"rendered":"<p>Si l\u2019arm\u00e9e est connue pour \u00eatre la grande muette, la S\u00e9curit\u00e9 pr\u00e9sidentielle l\u2019est davantage, comme partout dans le monde. Cette discr\u00e9tion naturelle ne l\u2019emp\u00eache pas pour autant de lever un coin de voile <img decoding=\"async\" src=\"\/uploads\/FCK_files\/Gip-1.jpg\" alt=\"\" width=\"40%\" vspace=\"5\" hspace=\"5\" align=\"right\"\/>sur son historique, sa mission et sa l\u00e9gende. C\u2019est ce que vient de faire la direction g\u00e9n\u00e9rale de la S\u00e9curit\u00e9 du pr\u00e9sident de la R\u00e9publique et des personnalit\u00e9s officielles en Tunisie. Dans un superbe magazine, de plus de 100 pages, richement document\u00e9 et abondamment illustr\u00e9, qui vient de para\u00eetre, le lecteur d\u00e9couvre un grand corps d\u2019\u00e9lite qui se d\u00e9voue depuis l\u2019ind\u00e9pendance, au service de l\u2019\u00c9tat.<\/p>\n<p>Le contenu est copieux : le cadre institutionnel fondateur du Corps, l\u2019historique, \u00e0 travers les d\u00e9cades successives, les activit\u00e9s de l\u2019association Aoufiaa des retrait\u00e9s, du syndicat et de l\u2019action sociale, l\u2019hommage aux martyrs, et le club sportif, sans omettre la participation \u00e0 des missions sous la banni\u00e8re des Nations Unies\u2026 Une v\u00e9ritable le\u00e7on de patriotisme, de haut niveau op\u00e9rationnel, et d\u2019abn\u00e9gation. Pr\u00e9fac\u00e9 par le chef de l\u2019\u00c9tat, Kais Sa\u00efed, ce premier num\u00e9ro donne le ton : r\u00e9cit d\u2019un engagement r\u00e9publicain.<\/p>\n<p>Comme le mentionne le directeur g\u00e9n\u00e9ral de S\u00e9curit\u00e9 du pr\u00e9sident de la R\u00e9publique et des personnalit\u00e9s officielles, Khaled Yahyaoui, dans l\u2019adresse du Commandement, \u00ab le t\u00e9moignage d\u2019hommes valeureux qui ont \u0153uvr\u00e9 depuis l\u2019ind\u00e9pendance, illustre le parcours qui s\u2019accomplit et se poursuivra. \u00bb<\/p>\n<p>La restitution de cet historique est passionnante. Elle prolonge ses racines profondes dans le dispositif de la protection des personnalit\u00e9s officielles depuis les Aghlabides, puis les Fatimides, les Sanhajites, et les Hafsides. Le r\u00e9cit couvre les Deys, puis les Beys, avec ce fameux syst\u00e8me de \u00ab Assa \u00bb et l\u2019escorte des cort\u00e8ges. Une galerie de photos illustrant les uniformes adopt\u00e9s est exceptionnelle.<\/p>\n<p class=\"c2\"><img decoding=\"async\" src=\"\/uploads\/FCK_files\/Gip-2.jpg\" alt=\"\" width=\"100%\" vspace=\"5\" hspace=\"5\" align=\"middle\"\/><\/p>\n<p>La tunisification, avec l\u2019ind\u00e9pendance de la Police, le 18 avril 1956, marquera la cr\u00e9ation le jour-m\u00eame, du premier noyau de la garde pr\u00e9sidentielle. Les explications soutenues par des documents de premi\u00e8re main et des photos in\u00e9dites enrichissent la m\u00e9moire nationale. Prot\u00e9ger le pr\u00e9sident Bourguiba, d\u00e8s son accession au pouvoir, dans un contexte non sans risques s\u00e9curitaires, puis tout au long de son r\u00e8gne n\u2019\u00e9taient chose facile. Tout comme celle des dirigeants palestiniens, Abou Ammar en t\u00eate lors de l\u2019installation de l\u2019OLP \u00e0 Tunis et la d\u00e9localisation de la Ligue des \u00c9tats arabes. La noble mission se poursuivra sans rel\u00e2che, \u00e0 ce jour.<\/p>\n<p class=\"c2\"><img decoding=\"async\" src=\"\/uploads\/FCK_files\/Coloriage-L275X230-2.jpg\" width=\"100%\" vspace=\"5\" hspace=\"5\" align=\"middle\" alt=\"\"\/><\/p>\n<p>En historien \u00e9rudit, le professeur H\u00e9di Jalleb, sp\u00e9cialiste en histoire contemporaine et directeur g\u00e9n\u00e9ral des Archives nationales, gratifie les lecteurs d\u2019une monographie intitul\u00e9e : \u00ab De la garde royale \u00e0 la <img decoding=\"async\" src=\"\/uploads\/FCK_files\/Gip-3.jpg\" alt=\"\" width=\"40%\" vspace=\"5\" hspace=\"5\" align=\"right\"\/>s\u00e9curit\u00e9 pr\u00e9sidentielle, la protection du symbole de l\u2019\u00c9tat, expression de sa souverainet\u00e9 et incarnation de ses valeurs. \u00bb<\/p>\n<p>Dans un clin d\u2019\u0153il pour les enfants, la revue s\u2019accompagne d\u2019un cahier de coloriage, illustr\u00e9 pars des dessins et photos patriotiques. Une mani\u00e8re d\u2019initier les g\u00e9n\u00e9rations montantes \u00e0 l\u2019amour de la Patrie et de leur faire d\u00e9couvrir l\u2019abn\u00e9gation de ce corps d\u2019\u00e9lite.<\/p>\n<p>La parution de ce premier num\u00e9ro, ce 24 novembre 2020 a co\u00efncid\u00e9, \u00e0 dessein, avec la comm\u00e9moration d\u2019un souvenir douloureux : le martyr, il y a cinq ans, jour pour jour, de douze valeureux agents de la S\u00e9curit\u00e9 pr\u00e9sidentielle. Un attentat terroriste abjecte leur avait rafl\u00e9 la vie, dans leur bus \u00e0 l\u2019avenue Mohamed V, alors qu\u2019ils s\u2019appr\u00eataient avec leurs coll\u00e8gues, dont nombre avaient \u00e9t\u00e9 bless\u00e9s, \u00e0 rejoindre leurs postes et s\u2019acquitter de leur noble t\u00e2che. Ce magazine se veut alors une nouvelle marque d\u2019hommage \u00e0 leur sacrifice et de r\u00e9conforts \u00e0 leurs orphelins, proches et amis.<\/p>\n<p>Plus qu\u2019une revue, c\u2019est tout un livre. Il \u00e9tait temps de le publier.<br \/>\u00a0<\/p>\n<p>Auteur:<br \/>\n<a href=\"https:\/\/www.leaders.com.tn\/article\/30979-la-securite-presidentielle-etrenne-le-premier-numero-de-sa-revue\">Cliquez ici pour lire l&rsquo;article depuis sa source.<\/a><\/p>\n","protected":false},"excerpt":{"rendered":"<p>Si l\u2019arm\u00e9e est connue pour \u00eatre la grande muette, la S\u00e9curit\u00e9 pr\u00e9sidentielle l\u2019est davantage, comme partout dans le monde. Cette discr\u00e9tion naturelle ne l\u2019emp\u00eache pas pour autant de lever un coin de voile sur son historique, sa mission et sa l\u00e9gende. C\u2019est ce que vient de faire la direction g\u00e9n\u00e9rale de la S\u00e9curit\u00e9 du pr\u00e9sident [&hellip;]<\/p>\n","protected":false},"author":1772,"featured_media":105524,"comment_status":"closed","ping_status":"closed","sticky":false,"template":"","format":"standard","meta":{"fifu_image_url":"","fifu_image_alt":"","footnotes":""},"categories":[73,55],"tags":[],"class_list":["post-105523","post","type-post","status-publish","format-standard","has-post-thumbnail","hentry","category-actualite","category-tunisie"],"_links":{"self":[{"href":"https:\/\/linitiative.ca\/International\/wp-json\/wp\/v2\/posts\/105523","targetHints":{"allow":["GET"]}}],"collection":[{"href":"https:\/\/linitiative.ca\/International\/wp-json\/wp\/v2\/posts"}],"about":[{"href":"https:\/\/linitiative.ca\/International\/wp-json\/wp\/v2\/types\/post"}],"author":[{"embeddable":true,"href":"https:\/\/linitiative.ca\/International\/wp-json\/wp\/v2\/users\/1772"}],"replies":[{"embeddable":true,"href":"https:\/\/linitiative.ca\/International\/wp-json\/wp\/v2\/comments?post=105523"}],"version-history":[{"count":0,"href":"https:\/\/linitiative.ca\/International\/wp-json\/wp\/v2\/posts\/105523\/revisions"}],"wp:featuredmedia":[{"embeddable":true,"href":"https:\/\/linitiative.ca\/International\/wp-json\/"}],"wp:attachment":[{"href":"https:\/\/linitiative.ca\/International\/wp-json\/wp\/v2\/media?parent=105523"}],"wp:term":[{"taxonomy":"category","embeddable":true,"href":"https:\/\/linitiative.ca\/International\/wp-json\/wp\/v2\/categories?post=105523"},{"taxonomy":"post_tag","embeddable":true,"href":"https:\/\/linitiative.ca\/International\/wp-json\/wp\/v2\/tags?post=105523"}],"curies":[{"name":"wp","href":"https:\/\/api.w.org\/{rel}","templated":true}]}}