{"id":105527,"date":"2020-11-23T05:00:00","date_gmt":"2020-11-23T10:00:00","guid":{"rendered":"https:\/\/linitiative.ca\/International\/youcef-belaili-compte-sillustrer-davantage\/"},"modified":"2020-11-23T05:00:00","modified_gmt":"2020-11-23T10:00:00","slug":"youcef-belaili-compte-sillustrer-davantage","status":"publish","type":"post","link":"https:\/\/linitiative.ca\/International\/youcef-belaili-compte-sillustrer-davantage\/","title":{"rendered":"Youcef Bela\u00efli compte s\u2019\u00abillustrer davantage\u00bb"},"content":{"rendered":"<p>L\u2019international alg\u00e9rien, Youcef Bela\u00efli, buteur lors de la victoire de son \u00e9quipe le Qatar SC sur Al-Wakrah (1-0), samedi pour le compte de la 6e journ\u00e9e du championnat du Qatar, compte s\u2019\u00abillustrer davantage\u00bb et \u00abapporter un plus\u00bb \u00e0 sa nouvelle formation. Pour sa premi\u00e8re apparition sous les couleurs du Qatar SC, Bela\u00efli a \u00e9t\u00e9 cr\u00e9dit\u00e9 d\u2019une belle prestation, inscrivant l\u2019unique but du match en transformant un penalty siffl\u00e9 \u00e0 la 16e minute de jeu. \u00abJe crois qu\u2019aujourd\u2019hui, j\u2019ai donn\u00e9 le maximum de moi-m\u00eame pour ma premi\u00e8re apparition sous le maillot du Qatar SC. Je pense que j\u2019ai \u00e9t\u00e9 d\u00e9cisif, offrant le but de la victoire \u00e0 mon club\u00bb, a indiqu\u00e9 Bela\u00efli apr\u00e8s le match. \u00abJe souhaite continuer \u00e0 r\u00e9aliser de telles performances, pouvoir m\u2019am\u00e9liorer et surtout rendre heureux les supporters du Qatar SC\u00bb, a ajout\u00e9 le champion d\u2019Afrique alg\u00e9rien. Le natif d\u2019Oran a estim\u00e9 que la rencontre a \u00e9t\u00e9 d\u2019un \u00abbon\u00bb niveau entre deux clubs o\u00f9 \u00e9voluent de bons joueurs\u00bb. Apr\u00e8s ce succ\u00e8s, la formation du Qatar SC occupe la 8e position avec 6 points, juste derri\u00e8re son adversaire du jour, Al-Wakrah (7e avec 7 points).<\/p>\n<p>Auteur:<br \/>\n<a href=\"https:\/\/www.lesoirdalgerie.com\/sports\/youcef-belaili-compte-s-illustrer-davantage-51850\">Cliquez ici pour lire l&rsquo;article depuis sa source.<\/a><\/p>\n","protected":false},"excerpt":{"rendered":"<p>L\u2019international alg\u00e9rien, Youcef Bela\u00efli, buteur lors de la victoire de son \u00e9quipe le Qatar SC sur Al-Wakrah (1-0), samedi pour le compte de la 6e journ\u00e9e du championnat du Qatar, compte s\u2019\u00abillustrer davantage\u00bb et \u00abapporter un plus\u00bb \u00e0 sa nouvelle formation. Pour sa premi\u00e8re apparition sous les couleurs du Qatar SC, Bela\u00efli a \u00e9t\u00e9 cr\u00e9dit\u00e9 [&hellip;]<\/p>\n","protected":false},"author":1741,"featured_media":0,"comment_status":"closed","ping_status":"closed","sticky":false,"template":"","format":"standard","meta":{"fifu_image_url":"","fifu_image_alt":"","footnotes":""},"categories":[73,53],"tags":[],"class_list":["post-105527","post","type-post","status-publish","format-standard","hentry","category-actualite","category-algerie"],"_links":{"self":[{"href":"https:\/\/linitiative.ca\/International\/wp-json\/wp\/v2\/posts\/105527","targetHints":{"allow":["GET"]}}],"collection":[{"href":"https:\/\/linitiative.ca\/International\/wp-json\/wp\/v2\/posts"}],"about":[{"href":"https:\/\/linitiative.ca\/International\/wp-json\/wp\/v2\/types\/post"}],"author":[{"embeddable":true,"href":"https:\/\/linitiative.ca\/International\/wp-json\/wp\/v2\/users\/1741"}],"replies":[{"embeddable":true,"href":"https:\/\/linitiative.ca\/International\/wp-json\/wp\/v2\/comments?post=105527"}],"version-history":[{"count":0,"href":"https:\/\/linitiative.ca\/International\/wp-json\/wp\/v2\/posts\/105527\/revisions"}],"wp:attachment":[{"href":"https:\/\/linitiative.ca\/International\/wp-json\/wp\/v2\/media?parent=105527"}],"wp:term":[{"taxonomy":"category","embeddable":true,"href":"https:\/\/linitiative.ca\/International\/wp-json\/wp\/v2\/categories?post=105527"},{"taxonomy":"post_tag","embeddable":true,"href":"https:\/\/linitiative.ca\/International\/wp-json\/wp\/v2\/tags?post=105527"}],"curies":[{"name":"wp","href":"https:\/\/api.w.org\/{rel}","templated":true}]}}