{"id":105536,"date":"2020-11-23T16:46:56","date_gmt":"2020-11-23T21:46:56","guid":{"rendered":"https:\/\/linitiative.ca\/International\/tunisie-pourquoi-le-ministre-de-la-sante-et-ses-lieutenants-se-sont-ils-fait-inscrire-aux-abonnes-absents\/"},"modified":"2020-11-23T16:46:56","modified_gmt":"2020-11-23T21:46:56","slug":"tunisie-pourquoi-le-ministre-de-la-sante-et-ses-lieutenants-se-sont-ils-fait-inscrire-aux-abonnes-absents","status":"publish","type":"post","link":"https:\/\/linitiative.ca\/International\/tunisie-pourquoi-le-ministre-de-la-sante-et-ses-lieutenants-se-sont-ils-fait-inscrire-aux-abonnes-absents\/","title":{"rendered":"Tunisie \u2013 Pourquoi le ministre de la Sant\u00e9 et ses lieutenants se sont-ils fait inscrire aux abonn\u00e9s absents\u00a0?"},"content":{"rendered":"<div class=\"post-cont-in left relative\">\n<div id=\"post-info-wrap\" class=\"left relative post-info-out\">\n<div class=\"post-info-img left relative\"><img loading=\"lazy\" decoding=\"async\" alt=\"\" src=\"https:\/\/secure.gravatar.com\/avatar\/96253f4a657b482a18e837c1252096c2?s=50&amp;d=mm&amp;r=g\" srcset=\"https:\/\/secure.gravatar.com\/avatar\/96253f4a657b482a18e837c1252096c2?s=100&amp;d=mm&amp;r=g 2x\" class=\"avatar avatar-50 photo\" height=\"50\" width=\"50\"\/><\/div>\n<div class=\"post-info-in\">\n<div class=\"post-info-right left relative post-info-name left relative\"><span itemprop=\"author\" itemscope=\"\" itemtype=\"https:\/\/schema.org\/Person\"><span class=\"post-info-text\">Par<\/span> <span class=\"author-name vcard fn author\" itemprop=\"name\"><a href=\"https:\/\/www.tunisienumerique.com\/author\/saber\/\" title=\"Articles par Saber .\" rel=\"author\">Saber .<\/a><\/span><\/span> <span class=\"post-date updated\"><time class=\"post-date updated\" itemprop=\"datePublished\" datetime=\"2020-11-23\">\u00a0| Il y a 27 minutes<\/time><\/span><\/div>\n<div class=\"left relative\"><button id=\"listenButton1\" class=\"responsivevoice-button\" type=\"button\" value=\"Play\" title=\"&#xC9;coutez l'article\"><span>\ud83d\udd0a \u00c9coutez l&rsquo;article<\/span><\/button> <\/div>\n<\/div>\n<\/div>\n<p>Cela fait quelques jours que ni le ministre de la Sant\u00e9 ni les \u00e9minents membres de son staff, n\u2019ont fait ni apparitions m\u00e9diatiques ni de point de presse, ne serait-ce que pour donner les d\u00e9tails de la situation \u00e9pid\u00e9miologique en rapport avec la Covid. On ne le voit plus qu\u2019\u00e0 travers la page Facebook de son minist\u00e8re en train de garnir son carnet d\u2019adresses et d\u2019affiner ses connaissances, en pr\u00e9vision, peut-\u00eatre d\u2019un autre projet!<\/p>\n<div class=\"code-block code-block-1 c4\"><ins class=\"adsbygoogle c3\" data-ad-layout=\"in-article\" data-ad-format=\"fluid\" data-ad-client=\"ca-pub-2102118777505746\" data-ad-slot=\"7301775417\"\/> <\/div>\n<p>Il semble qu\u2019il vient de r\u00e9aliser, ainsi que ses assistants, d\u2019ailleurs, qu\u2019il est sur le d\u00e9part et que \u00e7\u00e0 ne saurait tarder. En effet, les bruits faisant \u00e9tat de son imminent limogeage ne cessent de s\u2019amplifier dans les couloirs et salons, du c\u00f4t\u00e9 des cercles d\u2019initi\u00e9s. Une d\u00e9cision qui, somme toute, demeure l\u00e9gitime au regard des exploits accumul\u00e9s par l\u2019actuel ministre de la Sant\u00e9, depuis sa prise de fonction, il y a plusieurs semaines, pour ainsi dire, rien du tout.<\/p>\n<p>Ce ministre n\u2019a, en effet, aucune r\u00e9alisation \u00e0 aligner \u00e0 son actif, depuis sa prise de fonctions. Il n\u2019a rien amen\u00e9, bien au contraire, avec lui, la situation s\u2019est notablement d\u00e9t\u00e9rior\u00e9e non seulement en rapport avec l\u2019\u00e9pid\u00e9mie, mais avec tout le syst\u00e8me sanitaire. Par ailleurs, il ne pourrait pr\u00e9tendre avoir pris la moindre d\u00e9cision justifi\u00e9e, sauf, peut-\u00eatre, par des pressions par-ci, par-l\u00e0.<\/p>\n<p>Sur le plan de la gestion de l\u2019\u00e9pid\u00e9mie, on ne comprend pas comment il a pu r\u00e9aliser cet exploit car avec lui, la situation est compl\u00e8tement devenue hors de contr\u00f4le. Le ministre donne l\u2019impression d\u2019\u00eatre r\u00e9duit \u00e0 suivre le mouvement qui est devenu inexorable, de fa\u00e7on \u00e0 ce que la maladie semble \u00e9voluer sur son erre, en attendant qu\u2019elle se stabilise \u00e0 la faveur d\u2019un degr\u00e9 d\u2019immunit\u00e9 communautaire suffisant.<\/p>\n<p>Maintenant, le deal est de penser s\u00e9rieusement \u00e0 la rel\u00e8ve !<\/p>\n<p>Il serait peut-\u00eatre temps que le chef du gouvernement pense \u00e0 mettre une vraie comp\u00e9tence \u00e0 ce poste d\u2019une d\u00e9licatesse extr\u00eame. Une comp\u00e9tence qui n\u2019a derri\u00e8re elle aucune recommandation, sauf, peut-\u00eatre son CV et son exp\u00e9rience. Sachant qu\u2019en ce qui concerne les d\u00e9fis actuels qui attendent le prochain ministre de la Sant\u00e9, plus que le CV garni, l\u2019exp\u00e9rience, notamment en la gestion de grandes crises et la f\u00e9d\u00e9ration des comp\u00e9tences et des \u00e9quipes, autour d\u2019un projet d\u2019int\u00e9r\u00eat national. Car, on ne saurait, en ces circonstances et avec cette urgence, se permettre d\u2019amener un ministre novice et d\u2019attendre qu\u2019il se familiarise avec ses \u00e9quipes et ses dossiers !<\/p>\n<div class=\"swp_social_panel swp_horizontal_panel swp_flat_fresh swp_default_full_color swp_individual_full_color swp_other_full_color scale-100 scale-\" data-min-width=\"1100\" data-float-color=\"#ffffff\" data-float=\"bottom\" data-float-mobile=\"bottom\" data-transition=\"slide\">\n<div class=\"nc_tweetContainer swp_share_button total_shares total_sharesalt\"><span class=\"swp_count\">3 <span class=\"swp_label\">Partages<\/span><\/span><\/div>\n<\/div>\n<p><strong>Que se passe-t-il en Tunisie?<\/strong><br \/>Nous expliquons sur notre <a href=\"https:\/\/www.youtube.com\/channel\/UCRzypVq0B_yBad5eGrwBx0Q?sub_confirmation=1\" target=\"_blank\" rel=\"noopener noreferrer\">cha\u00eene YouTube<\/a> . <a href=\"https:\/\/www.youtube.com\/channel\/UCRzypVq0B_yBad5eGrwBx0Q?sub_confirmation=1\" target=\"_blank\" rel=\"noopener noreferrer\">Abonnez-vous!<\/a><\/p>\n<div class=\"mvp-org-wrap mvp-org-logo\" itemprop=\"publisher\" itemscope=\"\" itemtype=\"https:\/\/schema.org\/Organization\"><img decoding=\"async\" src=\"https:\/\/www.tunisienumerique.com\/wp-content\/uploads\/2017\/02\/logo_tunisie_numerique.png\"\/><\/div>\n<div class=\"mvp-related-posts left relative\">\n<h4 class=\"post-header\"><span class=\"post-header\">Lire aussi<\/span><\/h4>\n<\/div>\n<div id=\"article-ad\"><ins class=\"adsbygoogle c5\" data-ad-client=\"ca-pub-2102118777505746\" data-ad-slot=\"6513972734\" data-ad-format=\"auto\" data-full-width-responsive=\"true\"\/> <\/div>\n<\/div>\n<div id=\"post-sidebar-wrap\"><ins class=\"adsbygoogle c5\" data-ad-client=\"ca-pub-2102118777505746\" data-ad-slot=\"6168283410\" data-ad-format=\"auto\" data-full-width-responsive=\"true\"\/> <\/div>\n<p>Auteur: Saber .<br \/>\n<a href=\"https:\/\/www.tunisienumerique.com\/tunisie-pourquoi-le-ministre-de-la-sante-et-ses-lieutenants-se-sont-ils-fait-inscrire-aux-abonnes-absents\/\">Cliquez ici pour lire l&rsquo;article depuis sa source.<\/a><\/p>\n","protected":false},"excerpt":{"rendered":"<p>Par Saber . \u00a0| Il y a 27 minutes \ud83d\udd0a \u00c9coutez l&rsquo;article Cela fait quelques jours que ni le ministre de la Sant\u00e9 ni les \u00e9minents membres de son staff, n\u2019ont fait ni apparitions m\u00e9diatiques ni de point de presse, ne serait-ce que pour donner les d\u00e9tails de la situation \u00e9pid\u00e9miologique en rapport avec la [&hellip;]<\/p>\n","protected":false},"author":1789,"featured_media":0,"comment_status":"closed","ping_status":"closed","sticky":false,"template":"","format":"standard","meta":{"fifu_image_url":"","fifu_image_alt":"","footnotes":""},"categories":[73,55],"tags":[],"class_list":["post-105536","post","type-post","status-publish","format-standard","hentry","category-actualite","category-tunisie"],"_links":{"self":[{"href":"https:\/\/linitiative.ca\/International\/wp-json\/wp\/v2\/posts\/105536","targetHints":{"allow":["GET"]}}],"collection":[{"href":"https:\/\/linitiative.ca\/International\/wp-json\/wp\/v2\/posts"}],"about":[{"href":"https:\/\/linitiative.ca\/International\/wp-json\/wp\/v2\/types\/post"}],"author":[{"embeddable":true,"href":"https:\/\/linitiative.ca\/International\/wp-json\/wp\/v2\/users\/1789"}],"replies":[{"embeddable":true,"href":"https:\/\/linitiative.ca\/International\/wp-json\/wp\/v2\/comments?post=105536"}],"version-history":[{"count":0,"href":"https:\/\/linitiative.ca\/International\/wp-json\/wp\/v2\/posts\/105536\/revisions"}],"wp:attachment":[{"href":"https:\/\/linitiative.ca\/International\/wp-json\/wp\/v2\/media?parent=105536"}],"wp:term":[{"taxonomy":"category","embeddable":true,"href":"https:\/\/linitiative.ca\/International\/wp-json\/wp\/v2\/categories?post=105536"},{"taxonomy":"post_tag","embeddable":true,"href":"https:\/\/linitiative.ca\/International\/wp-json\/wp\/v2\/tags?post=105536"}],"curies":[{"name":"wp","href":"https:\/\/api.w.org\/{rel}","templated":true}]}}