{"id":105540,"date":"2020-11-23T14:38:12","date_gmt":"2020-11-23T19:38:12","guid":{"rendered":"https:\/\/linitiative.ca\/International\/suspension-du-president-de-la-caf-pour-corruption\/"},"modified":"2020-11-23T14:38:12","modified_gmt":"2020-11-23T19:38:12","slug":"suspension-du-president-de-la-caf-pour-corruption","status":"publish","type":"post","link":"https:\/\/linitiative.ca\/International\/suspension-du-president-de-la-caf-pour-corruption\/","title":{"rendered":"SUSPENSION DU PRESIDENT DE LA CAF POUR CORRUPTION"},"content":{"rendered":"<div class=\"stream-item stream-item-above-post-content\">\n<p><noscript><\/p>\n<p><a href=\"\/\/www3.smartadserver.com\/ac?jump=1&amp;nwid=2136&amp;siteid=240610&amp;pgname=rg&amp;fmtid=49046&amp;visit=m&amp;tmstp=[timestamp]&amp;out=nonrich\" target=\"_blank\" rel=\"noopener noreferrer\"><img decoding=\"async\" src=\"http:\/\/www3.smartadserver.com\/ac?out=nonrich&amp;nwid=2136&amp;siteid=240610&amp;pgname=rg&amp;fmtid=49046&amp;visit=m&amp;tmstp=[timestamp]\" border=\"0\" alt=\"\"\/><\/a><\/p>\n<p><\/noscript><\/div>\n<p class=\"c3\"><em>L\u2019\u00e9p\u00e9e de Damocl\u00e8s planait depuis quelques mois et elle a fini par s\u2019abattre sur sa t\u00eate dans la matin\u00e9e du 23 novembre 2020. En effet, la Chambre de jugement de la Commission d\u2019\u00e9thique ind\u00e9pendante de la F\u00e9d\u00e9ration internationale de football association (FIFA), a jug\u00e9 le Malgache Ahmad Ahmad, pr\u00e9sident de la Conf\u00e9d\u00e9ration africaine de football (CAF), coupable d\u2019avoir enfreint ses articles dont, entre autres, le devoir de loyaut\u00e9, l\u2019acceptation et la distribution de cadeaux et autres avantages indus. En somme, Ahmad est reconnu coupable d\u2019abus de pouvoir, perception de pots-de-vin et d\u00e9tournement de fonds, selon les r\u00e9v\u00e9lations d\u2019une enqu\u00eate sur sa gestion \u00e0 la t\u00eate de la CAF entre 2017 et 2019. La Chambre a donc pris la d\u00e9cision de le suspendre, pour une dur\u00e9e de cinq ans, de toute activit\u00e9 relative au football aux niveaux national et international. \u00a0Il faut dire que cette sanction \u00e9tait plus ou moins attendue dans la mesure o\u00f9 dans les coulisses du football africain, on en parlait, depuis que la CAF avait fait appel \u00e0 la FIFA \u00e0 travers sa secr\u00e9taire g\u00e9n\u00e9rale, Fatma Samoura, pour donner une nouvelle impulsion \u00e0 la gouvernance de la conf\u00e9d\u00e9ration. Il \u00e9tait question d\u2019audit des proc\u00e9dures et du fonctionnement de l\u2019instance africaine de football. Depuis lors, que n\u2019avait-on pas entendu sur de nombreuses insuffisances dans la gouvernance de la CAF\u00a0? Ce qui faisait dire \u00e0 certains que la FIFA tenait l\u00e0, un bon moyen de chantage contre le pr\u00e9sident Ahmad. La CAF, laissait-on entendre, \u00e9tait plac\u00e9e sous tutelle de la FIFA dont le pr\u00e9sident, Gianni Infantino, se donnait des libert\u00e9s, disait-on, sur des propositions voire des d\u00e9cisions pour \u00ab\u00a0la bonne marche du sport roi sur le continent\u00a0\u00bb. Une attitude qui n\u2019\u00e9tait pas du go\u00fbt du Malgache Ahmad qui, \u00e0 son tour, faisait des observations qui irritaient l\u2019instance du football mondial.<\/em><\/p>\n<p class=\"c3\"><em>\u00a0<\/em><\/p>\n<p class=\"c4\"><strong><em>La suspension de Ahmad rappelle celles d\u00e9j\u00e0 subies par Sepp Blatter et Michel Platini<\/em><\/strong><\/p>\n<p class=\"c3\"><em>\u00a0<\/em><\/p>\n<p class=\"c3\"><em>Parmi les propositions de Gianni Infantino, fugurait celle d\u2019une CAN tous les quatre ans, que n\u2019approuvaient pas Ahmad et bon nombre de ses collaborateurs. Toute chose qui ressemblait bien \u00e0 un affront de la part du clan du pr\u00e9sident de la FIFA. Cela dit, les insuffisances observ\u00e9es lors des six mois de pr\u00e9sence de la secr\u00e9taire de la FIFA, Fatma Samoura, au sein de l\u2019administration de la CAF, ont \u00e9t\u00e9 r\u00e9v\u00e9l\u00e9es au grand jour \u00e0 quelques mois de l\u2019\u00e9lection du pr\u00e9sident de la CAF pr\u00e9vue pour le 12 mars 2021 \u00e0 Rabat au Maroc. Avec cette sanction, on peut affirmer que c\u2019est bien fini pour Ahmad qui tenait \u00e0 briguer un second mandat \u00e0 la pr\u00e9sidence de la CAF, m\u00eame s\u2019il peut toujours faire appel en attendant le 12 janvier, date pr\u00e9vue pour la validation des candidatures \u00e0 la pr\u00e9sidence de la CAF. Mais ce n\u2019est pas \u00e9vident pour le Malgache. \u00a0Pour rappel, il avait r\u00e9ussi, en 2017, \u00e0 vaincre le Camerounais Issa Hayatou, qui avait pass\u00e9 29 ans \u00e0 la t\u00eate de l\u2019instance du football africain. Pour quasiment les m\u00eames motifs que son pr\u00e9d\u00e9cesseur, \u00a0il va donc devoir\u00a0\u00a0\u00a0\u00a0 laisser\u00a0\u00a0\u00a0 la voie libre \u00e0 sa succession \u00e0 quatre autres pr\u00e9tendants que sont l\u2019Ivoirien Jacques Bernard Daniel Anouma, le Sud-africain Patrice Motsepe, le Mauritanien Ahmed Yahya et le S\u00e9n\u00e9galais Me Augustin Senghor. Poulain du pr\u00e9sident de la FIFA pour certaines,\u00a0 marionnette pour d\u2019autres d\u2019autant que Infantino l\u2019a soutenu dans son accession \u00e0 la pr\u00e9sidence de la CAF, Ahmad semblait soumis \u00e0 une forte pression. Malheureusement, et au vu des r\u00e9sultats de l\u2019enqu\u00eate men\u00e9e \u00e0 son encontre, \u00a0il a fait preuve d\u2019une grosse insuffisance dans sa gestion. En tout cas, ces accusations \u00e0 son encontre, si elles se confirment apr\u00e8s l\u2019appel, d\u00e9montreront une fois de plus que, de fa\u00e7on g\u00e9n\u00e9rale, le milieu du football est une v\u00e9ritable caverne d\u2019Ali Baba o\u00f9 les dirigeants viennent pour se servir sans jamais vouloir rendre compte. En tout cas, la suspension de Ahmad Ahmad rappelle celles d\u00e9j\u00e0 subies par le Suisse Sepp Blatter, ancien pr\u00e9sident de la FIFA et le Fran\u00e7ais Michel Platini, ancien pr\u00e9sident de l\u2019UEFA. Ce qui vient de se produire est une premi\u00e8re dans les annales de la CAF o\u00f9 un pr\u00e9sident est suspendu en plein mandat.<\/em><\/p>\n<p class=\"c3\"><em>\u00a0<\/em><\/p>\n<p class=\"c4\"><em><strong>Antoine BATTIONO\u00a0\u00a0<\/strong><\/em><\/p>\n<p class=\"c3\"><em>\u00a0<\/em><\/p>\n<p class=\"c3\"><em>\u00a0<\/em><\/p>\n<p class=\"c3\"><em>\u00a0<\/em><\/p>\n<p>Auteur: Le Pays<br \/>\n<a href=\"http:\/\/lepays.bf\/suspension-du-president-de-la-caf-pour-corruption\/\">Cliquez ici pour lire l&rsquo;article depuis sa source.<\/a><\/p>\n","protected":false},"excerpt":{"rendered":"<p>L\u2019\u00e9p\u00e9e de Damocl\u00e8s planait depuis quelques mois et elle a fini par s\u2019abattre sur sa t\u00eate dans la matin\u00e9e du 23 novembre 2020. En effet, la Chambre de jugement de la Commission d\u2019\u00e9thique ind\u00e9pendante de la F\u00e9d\u00e9ration internationale de football association (FIFA), a jug\u00e9 le Malgache Ahmad Ahmad, pr\u00e9sident de la Conf\u00e9d\u00e9ration africaine de football [&hellip;]<\/p>\n","protected":false},"author":1813,"featured_media":0,"comment_status":"closed","ping_status":"closed","sticky":false,"template":"","format":"standard","meta":{"fifu_image_url":"","fifu_image_alt":"","footnotes":""},"categories":[73,81],"tags":[],"class_list":["post-105540","post","type-post","status-publish","format-standard","hentry","category-actualite","category-burkina-faso"],"_links":{"self":[{"href":"https:\/\/linitiative.ca\/International\/wp-json\/wp\/v2\/posts\/105540","targetHints":{"allow":["GET"]}}],"collection":[{"href":"https:\/\/linitiative.ca\/International\/wp-json\/wp\/v2\/posts"}],"about":[{"href":"https:\/\/linitiative.ca\/International\/wp-json\/wp\/v2\/types\/post"}],"author":[{"embeddable":true,"href":"https:\/\/linitiative.ca\/International\/wp-json\/wp\/v2\/users\/1813"}],"replies":[{"embeddable":true,"href":"https:\/\/linitiative.ca\/International\/wp-json\/wp\/v2\/comments?post=105540"}],"version-history":[{"count":0,"href":"https:\/\/linitiative.ca\/International\/wp-json\/wp\/v2\/posts\/105540\/revisions"}],"wp:attachment":[{"href":"https:\/\/linitiative.ca\/International\/wp-json\/wp\/v2\/media?parent=105540"}],"wp:term":[{"taxonomy":"category","embeddable":true,"href":"https:\/\/linitiative.ca\/International\/wp-json\/wp\/v2\/categories?post=105540"},{"taxonomy":"post_tag","embeddable":true,"href":"https:\/\/linitiative.ca\/International\/wp-json\/wp\/v2\/tags?post=105540"}],"curies":[{"name":"wp","href":"https:\/\/api.w.org\/{rel}","templated":true}]}}