{"id":105543,"date":"2020-11-23T16:19:32","date_gmt":"2020-11-23T21:19:32","guid":{"rendered":"https:\/\/linitiative.ca\/International\/caf-le-president-amad-dans-de-beaux-draps\/"},"modified":"2020-11-23T16:19:32","modified_gmt":"2020-11-23T21:19:32","slug":"caf-le-president-amad-dans-de-beaux-draps","status":"publish","type":"post","link":"https:\/\/linitiative.ca\/International\/caf-le-president-amad-dans-de-beaux-draps\/","title":{"rendered":"CAF: le pr\u00e9sident Amad dans de beaux draps"},"content":{"rendered":"<div class=\"td-post-featured-image\"><a href=\"https:\/\/www.sidwaya.info\/wp-content\/uploads\/2020\/11\/amadehamade.jpg\" data-caption=\"\"><img loading=\"lazy\" decoding=\"async\" width=\"696\" height=\"398\" class=\"entry-thumb td-modal-image\" src=\"https:\/\/www.sidwaya.info\/wp-content\/uploads\/2020\/11\/amadehamade-696x398.jpg\" srcset=\"https:\/\/www.sidwaya.info\/wp-content\/uploads\/2020\/11\/amadehamade-696x398.jpg 696w, https:\/\/www.sidwaya.info\/wp-content\/uploads\/2020\/11\/amadehamade-300x172.jpg 300w, https:\/\/www.sidwaya.info\/wp-content\/uploads\/2020\/11\/amadehamade-768x439.jpg 768w, https:\/\/www.sidwaya.info\/wp-content\/uploads\/2020\/11\/amadehamade-150x86.jpg 150w, https:\/\/www.sidwaya.info\/wp-content\/uploads\/2020\/11\/amadehamade-735x420.jpg 735w, https:\/\/www.sidwaya.info\/wp-content\/uploads\/2020\/11\/amadehamade.jpg 787w\" sizes=\"auto, (max-width: 696px) 100vw, 696px\" alt=\"\" title=\"amadehamade\"\/><\/a><\/div>\n<p><strong>Le pr\u00e9sident de la Conf\u00e9d\u00e9ration africaine de football (CAF), Ahmad Ahmad, a \u00e9t\u00e9 suspendu pour une p\u00e9riode de cinq ans, le 23 novembre 2020, de toute activit\u00e9 relative au football par la Commission d\u2019\u00e9thique ind\u00e9pendante de la FIFA. Le Malgache, pr\u00e9sident sortant de la CAF et candidat \u00e0 sa propre succession en mars prochain \u00e0 la t\u00eate de l\u2019instance dirigeante du football africain est, entre autres, accus\u00e9 de d\u00e9tournement de fonds.<\/strong><\/p>\n<p>Une \u00e9p\u00e9e de Damocl\u00e8s planait au-dessus de la t\u00eate du pr\u00e9sident de la Conf\u00e9d\u00e9ration africaine de football (CAF) depuis sa garde \u00e0 vue en juin 2019 \u00e0 Paris pour des soup\u00e7ons de corruption. Le couperet est tomb\u00e9, hier 23 novembre sous la forme d\u2019un communiqu\u00e9 de la commission d\u2019\u00e9thique de la FIFA : Ahmad Ahmad est suspendu pour cinq ans de toutes activit\u00e9s li\u00e9e au football professionnel et d\u2019une amende de 185 mille euros. Le communiqu\u00e9 indique que le Malgache de 60 ans a \u00e9t\u00e9 reconnu coupable par la Commission d\u2019\u00e9thique ind\u00e9pendante de la FIFA d\u2019avoir \u00ab enfreint les articles 15 (Devoir de loyaut\u00e9), 20 (Acceptation et distribution de cadeaux ou autres avantages) et 25 (Abus de pouvoir) de l\u2019\u00e9dition 2020 du Code d\u2019\u00e9thique de la FIFA, ainsi que l\u2019article 28 (D\u00e9tournement de fonds) de son \u00e9dition 2018 \u00bb. En clair, la justice interne de la FIFA dont Ahmad est vice-pr\u00e9sident, estime qu\u2019il \u00ab a manqu\u00e9 \u00e0 son devoir de loyaut\u00e9, accord\u00e9 des cadeaux et d\u2019autres avantages, g\u00e9r\u00e9 des fonds de mani\u00e8re inappropri\u00e9e et abus\u00e9 de sa fonction de pr\u00e9sident de la CAF \u00bb. L\u2019enqu\u00eate de la commission, depuis des mois, a port\u00e9 sur diverses questions li\u00e9es \u00e0 la gouvernance de la CAF, dont l\u2019organisation et le financement d\u2019un p\u00e8lerinage \u00e0 La Mecque, ses accointances avec l\u2019entreprise d\u2019\u00e9quipement sportif Tactical Steel et d\u2019autres activit\u00e9s. Actuellement atteint de la COVID-19, ce jugement de la commission s\u2019apparente \u00e0 un coup de gr\u00e2ce pour Ahmad Ahmad.<br \/>Or son \u00e9lection \u00e0 la pr\u00e9sidence de la CAF, \u00e0 la surprise g\u00e9n\u00e9rale en mars 2017, en remplacement du vieillissant Issa Hayatou qui avait pass\u00e9 30 ans \u00e0 la t\u00eate de l\u2019institution, avait suscit\u00e9 de grands espoirs. Il \u00e9tait vu comme celui qui devrait r\u00e9volutionner le football africain. En un plus de trois ann\u00e9es \u00e0 la t\u00eate du comit\u00e9 ex\u00e9cutif, le pr\u00e9sident a pris quelques d\u00e9cisions fortes, notamment, l\u2019augmentation de 16 \u00e0 24, le nombre d\u2019\u00e9quipes pour les phases finales de CAN. Une promesse de campagne tenue qui r\u00e9jouit les petites nations de football, les v\u00e9ritables artisans de sa victoire sur Hayatou. Mais une d\u00e9cision qui alourdit les cahiers de charges des pays organisateurs, la preuve avec le Cameroun qui s\u2019est vu dessaisi de l\u2019organisation de la CAN 2019. Mais dans l\u2019ensemble, ce premier mandat de Ahmad a \u00e9t\u00e9 jalonn\u00e9 de nombreuses pol\u00e9miques et de probl\u00e8mes de gouvernance qui le rattrapent aujourd\u2019hui. La tension a \u00e9t\u00e9 vive en 2019 \u00e0 tel point qu\u2019il d\u00e9cide de limoger en avril le secr\u00e9taire g\u00e9n\u00e9ral de la CAF, l\u2019Egyptien Amr Fahmy (d\u00e9c\u00e9d\u00e9 le 23 f\u00e9vrier 2020) pour faute professionnelle. Ahmad Ahmad a montr\u00e9 au fil de son mandat qu\u2019il est incapable de reformer le football africain et surtout la CAF, une exigence de la FIFA de Gianni Infantino. Ahmad demande alors la mise sous tutelle de l\u2019institution en juin 2019, et pendant six mois la secr\u00e9taire g\u00e9n\u00e9rale de la FIFA, Fatma Samoura, va superviser le processus de r\u00e9formes de la CAF. Une intrusion que certains ont mal prise, estimant que l\u2019institution \u00e9chappait \u00e0 son pr\u00e9sident et \u00e0 l\u2019Afrique.<br \/>Ahmad Ahmad peut faire appel de sa suspension aupr\u00e8s du Tribunal arbitral du sport (TAS), mais cette d\u00e9cision de la commission d\u2019\u00e9thique met l\u2019ancien ministre de la p\u00eache de Madagascar dans de beaux draps. La prochaine \u00e9lection \u00e0 la pr\u00e9sidence de la CAF est fix\u00e9e en mars 2021 au Maroc et le pr\u00e9sident sortant avait annonc\u00e9 en fin octobre qu\u2019il briguerait un second mandat. Cette suspension met presque hors-jeu Ahmad puisque la validation des dossiers de candidature interviendra le 12 janvier prochain. Quatre candidats, dont certains \u00e9taient ses grands soutiens en 2017, ont flair\u00e9 le bon coup en d\u00e9posant \u00e9galement leurs dossiers. Il s\u2019agit du S\u00e9n\u00e9galais Augustin Senghor, de l\u2019Ivoirien Jacques Anouma, du Mauritanien Ahmed Yahya et du milliardaire Sud-africain Patrice Motsepe. Le compte \u00e0 rebours est enclench\u00e9 pour Ahmad Ahmad dans sa course pour un second mandat \u00e0 la t\u00eate de la CAF. A moins qu\u2019il ne d\u00e9cide d\u2019y renoncer et de mettre ses forces dans la bataille judiciaire qui s\u2019annonce, pour laver son honneur.<\/p>\n<p>Si\u00e9 Simplice HIEN<\/p>\n<div class=\"td-a-rec td-a-rec-id-content_bottom tdi_32_b1b td_block_template_1\"><img loading=\"lazy\" decoding=\"async\" class=\"aligncenter size-full wp-image-27454\" src=\"https:\/\/www.sidwaya.info\/wp-content\/uploads\/2020\/10\/PUB-Bandeau-paiement-mobile-siteweb.jpg\" alt=\"\" width=\"728\" height=\"90\"\/><\/div>\n<p>Auteur: BM. Sidwaya<br \/>\n<a href=\"https:\/\/www.sidwaya.info\/blog\/2020\/11\/23\/caf-le-president-amad-dans-de-beaux-draps\/\">Cliquez ici pour lire l&rsquo;article depuis sa source.<\/a><\/p>\n","protected":false},"excerpt":{"rendered":"<p>Le pr\u00e9sident de la Conf\u00e9d\u00e9ration africaine de football (CAF), Ahmad Ahmad, a \u00e9t\u00e9 suspendu pour une p\u00e9riode de cinq ans, le 23 novembre 2020, de toute activit\u00e9 relative au football par la Commission d\u2019\u00e9thique ind\u00e9pendante de la FIFA. Le Malgache, pr\u00e9sident sortant de la CAF et candidat \u00e0 sa propre succession en mars prochain \u00e0 [&hellip;]<\/p>\n","protected":false},"author":1816,"featured_media":105544,"comment_status":"closed","ping_status":"closed","sticky":false,"template":"","format":"standard","meta":{"fifu_image_url":"","fifu_image_alt":"","footnotes":""},"categories":[73,81],"tags":[],"class_list":["post-105543","post","type-post","status-publish","format-standard","has-post-thumbnail","hentry","category-actualite","category-burkina-faso"],"_links":{"self":[{"href":"https:\/\/linitiative.ca\/International\/wp-json\/wp\/v2\/posts\/105543","targetHints":{"allow":["GET"]}}],"collection":[{"href":"https:\/\/linitiative.ca\/International\/wp-json\/wp\/v2\/posts"}],"about":[{"href":"https:\/\/linitiative.ca\/International\/wp-json\/wp\/v2\/types\/post"}],"author":[{"embeddable":true,"href":"https:\/\/linitiative.ca\/International\/wp-json\/wp\/v2\/users\/1816"}],"replies":[{"embeddable":true,"href":"https:\/\/linitiative.ca\/International\/wp-json\/wp\/v2\/comments?post=105543"}],"version-history":[{"count":0,"href":"https:\/\/linitiative.ca\/International\/wp-json\/wp\/v2\/posts\/105543\/revisions"}],"wp:featuredmedia":[{"embeddable":true,"href":"https:\/\/linitiative.ca\/International\/wp-json\/"}],"wp:attachment":[{"href":"https:\/\/linitiative.ca\/International\/wp-json\/wp\/v2\/media?parent=105543"}],"wp:term":[{"taxonomy":"category","embeddable":true,"href":"https:\/\/linitiative.ca\/International\/wp-json\/wp\/v2\/categories?post=105543"},{"taxonomy":"post_tag","embeddable":true,"href":"https:\/\/linitiative.ca\/International\/wp-json\/wp\/v2\/tags?post=105543"}],"curies":[{"name":"wp","href":"https:\/\/api.w.org\/{rel}","templated":true}]}}