{"id":105545,"date":"2020-11-23T16:23:52","date_gmt":"2020-11-23T21:23:52","guid":{"rendered":"https:\/\/linitiative.ca\/International\/education-non-formelle-du-materiel-pour-prevenir-la-covid-19\/"},"modified":"2020-11-23T16:23:52","modified_gmt":"2020-11-23T21:23:52","slug":"education-non-formelle-du-materiel-pour-prevenir-la-covid-19","status":"publish","type":"post","link":"https:\/\/linitiative.ca\/International\/education-non-formelle-du-materiel-pour-prevenir-la-covid-19\/","title":{"rendered":"Education non formelle: du mat\u00e9riel pour pr\u00e9venir la COVID-19"},"content":{"rendered":"<div class=\"td-post-featured-image\"><a href=\"https:\/\/www.sidwaya.info\/wp-content\/uploads\/2020\/11\/coid024.jpg\" data-caption=\"\"><img loading=\"lazy\" decoding=\"async\" width=\"696\" height=\"392\" class=\"entry-thumb td-modal-image\" src=\"https:\/\/www.sidwaya.info\/wp-content\/uploads\/2020\/11\/coid024-696x392.jpg\" srcset=\"https:\/\/www.sidwaya.info\/wp-content\/uploads\/2020\/11\/coid024-696x392.jpg 696w, https:\/\/www.sidwaya.info\/wp-content\/uploads\/2020\/11\/coid024-300x169.jpg 300w, https:\/\/www.sidwaya.info\/wp-content\/uploads\/2020\/11\/coid024-768x432.jpg 768w, https:\/\/www.sidwaya.info\/wp-content\/uploads\/2020\/11\/coid024-150x84.jpg 150w, https:\/\/www.sidwaya.info\/wp-content\/uploads\/2020\/11\/coid024-746x420.jpg 746w, https:\/\/www.sidwaya.info\/wp-content\/uploads\/2020\/11\/coid024.jpg 787w\" sizes=\"auto, (max-width: 696px) 100vw, 696px\" alt=\"\" title=\"coid024\"\/><\/a><\/div>\n<p><strong>Le Fonds pour l\u2019alphab\u00e9tisation et de l\u2019\u00e9ducation non formelle (FONAENF) a remis, le vendredi 30 octobre 2020 \u00e0 Ouagadougou, du mat\u00e9riel de pr\u00e9vention de la COVID-19. Les b\u00e9n\u00e9ficiaires sont les apprenants des centres de Programmes de renforcement des capacit\u00e9s des jeunes.<\/strong><\/p>\n<p>Dans le cadre du Programme de renforcement des capacit\u00e9s des jeunes (PRCJ) de 14 \u00e0 18 ans d\u00e9scolaris\u00e9s des classes moyennes et des sortants des structures d\u2019\u00e9ducation non formelle, le Fonds pour l\u2019alphab\u00e9tisation et l\u2019\u00e9ducation non formelle (FONAENF) compte pr\u00e9venir la COVID-19. Ainsi, il a remis un lot de mat\u00e9riel, le vendredi 30 octobre 2020 \u00e0 Ouagadougou, aux mairies, conseils r\u00e9gionaux, gouvernorats et aux apprenants des centres PRCJ. D\u2019une valeur de 18 millions 747 mille 125 francs CFA, le don est compos\u00e9 entre autres de cache-nez, lave-mains et de savons. \u00ab Des journ\u00e9es d\u2019informations seront organis\u00e9es dans les r\u00e9gions du Centre-Sud, l\u2019Est et le Nord, dont le co\u00fbt est de 2 millions 726 mille francs CFA \u00bb, a confi\u00e9 le directeur g\u00e9n\u00e9ral du FONAENF, Dr Yombo Paul Diabouga. A l\u2019entendre, l\u2019enjeu du projet est de renforcer l\u2019employabilit\u00e9, les capacit\u00e9s entrepreneuriales et l\u2019insertion professionnelle de 15 mille jeunes d\u00e9scolaris\u00e9s afin qu\u2019ils puissent contribuer au d\u00e9veloppement du pays. Le directeur de cabinet du ministre de l\u2019Education nationale, de l\u2019Alphab\u00e9tisation et de la Promotion des langues nationales, Adama Bologo, a indiqu\u00e9 que le mat\u00e9riel r\u00e9pond \u00e0 l\u2019appel de son institution \u00e0 respecter des mesures-barri\u00e8res. \u00ab Nous avons pu sauver l\u2019ann\u00e9e scolaire<br \/>pass\u00e9e et nous devrons maintenir les directives barri\u00e8res pour une rentr\u00e9e 2020-2021 s\u00e9curis\u00e9e \u00bb, a-t-il ajout\u00e9. Il a soulign\u00e9 que dans l\u2019\u00e9ducation non<br \/>formelle, il y a une strat\u00e9gie du \u00ab faire-faire \u00bb. M. Bologo a invit\u00e9 les b\u00e9n\u00e9ficiaires \u00e0 faire bon usage du mat\u00e9riel et \u00e0 intensifier la sensibilisation pour barrer la route \u00e0 la pand\u00e9mie.<br \/>Le programme est financ\u00e9 par le Bureau de la coop\u00e9ration suisse au Burkina Faso. Pour le directeur adjoint de la coop\u00e9ration suisse, Thomas Piras, l\u2019\u00e9ducation fait partie des priorit\u00e9s de sa structure et l\u2019accompagnement vise \u00e0 assurer un espace \u00e9ducatif sain et protecteur aux jeunes. A l\u2019entendre, le projet a d\u00e9marr\u00e9 en novembre 2019 et<br \/>\u00ab les premiers r\u00e9sultats sont tr\u00e8s positifs avec l\u2019ouverture des centres qui accueillent plus de 4000 jeunes \u00bb. M. Piras a fait savoir qu\u2019\u00e0 la fin du programme en 2021, les impacts seront \u00e9valu\u00e9s afin de juger de la pertinence de l\u2019extension dudit projet dans d\u2019autres r\u00e9gions. Quant aux b\u00e9n\u00e9ficiaires, ils ont salu\u00e9 le don et ont promis d\u2019en faire bon usage.<\/p>\n<p>Frank POUGBILA<br \/>(Collaborateur)<\/p>\n<div class=\"td-a-rec td-a-rec-id-content_bottom tdi_32_0bb td_block_template_1\"><img loading=\"lazy\" decoding=\"async\" class=\"aligncenter size-full wp-image-27454\" src=\"https:\/\/www.sidwaya.info\/wp-content\/uploads\/2020\/10\/PUB-Bandeau-paiement-mobile-siteweb.jpg\" alt=\"\" width=\"728\" height=\"90\"\/><\/div>\n<p>Auteur: BM. Sidwaya<br \/>\n<a href=\"https:\/\/www.sidwaya.info\/blog\/2020\/11\/23\/education-non-formelle-du-materiel-pour-prevenir-la-covid-19\/\">Cliquez ici pour lire l&rsquo;article depuis sa source.<\/a><\/p>\n","protected":false},"excerpt":{"rendered":"<p>Le Fonds pour l\u2019alphab\u00e9tisation et de l\u2019\u00e9ducation non formelle (FONAENF) a remis, le vendredi 30 octobre 2020 \u00e0 Ouagadougou, du mat\u00e9riel de pr\u00e9vention de la COVID-19. Les b\u00e9n\u00e9ficiaires sont les apprenants des centres de Programmes de renforcement des capacit\u00e9s des jeunes. Dans le cadre du Programme de renforcement des capacit\u00e9s des jeunes (PRCJ) de 14 [&hellip;]<\/p>\n","protected":false},"author":1816,"featured_media":105546,"comment_status":"closed","ping_status":"closed","sticky":false,"template":"","format":"standard","meta":{"fifu_image_url":"","fifu_image_alt":"","footnotes":""},"categories":[73,81],"tags":[],"class_list":["post-105545","post","type-post","status-publish","format-standard","has-post-thumbnail","hentry","category-actualite","category-burkina-faso"],"_links":{"self":[{"href":"https:\/\/linitiative.ca\/International\/wp-json\/wp\/v2\/posts\/105545","targetHints":{"allow":["GET"]}}],"collection":[{"href":"https:\/\/linitiative.ca\/International\/wp-json\/wp\/v2\/posts"}],"about":[{"href":"https:\/\/linitiative.ca\/International\/wp-json\/wp\/v2\/types\/post"}],"author":[{"embeddable":true,"href":"https:\/\/linitiative.ca\/International\/wp-json\/wp\/v2\/users\/1816"}],"replies":[{"embeddable":true,"href":"https:\/\/linitiative.ca\/International\/wp-json\/wp\/v2\/comments?post=105545"}],"version-history":[{"count":0,"href":"https:\/\/linitiative.ca\/International\/wp-json\/wp\/v2\/posts\/105545\/revisions"}],"wp:featuredmedia":[{"embeddable":true,"href":"https:\/\/linitiative.ca\/International\/wp-json\/"}],"wp:attachment":[{"href":"https:\/\/linitiative.ca\/International\/wp-json\/wp\/v2\/media?parent=105545"}],"wp:term":[{"taxonomy":"category","embeddable":true,"href":"https:\/\/linitiative.ca\/International\/wp-json\/wp\/v2\/categories?post=105545"},{"taxonomy":"post_tag","embeddable":true,"href":"https:\/\/linitiative.ca\/International\/wp-json\/wp\/v2\/tags?post=105545"}],"curies":[{"name":"wp","href":"https:\/\/api.w.org\/{rel}","templated":true}]}}