{"id":105551,"date":"2020-11-23T15:36:41","date_gmt":"2020-11-23T20:36:41","guid":{"rendered":"https:\/\/linitiative.ca\/International\/greve-dans-les-tribunaux-le-gouvernement-recule-et-libere-les-avocats-arretes\/"},"modified":"2020-11-23T15:36:41","modified_gmt":"2020-11-23T20:36:41","slug":"greve-dans-les-tribunaux-le-gouvernement-recule-et-libere-les-avocats-arretes","status":"publish","type":"post","link":"https:\/\/linitiative.ca\/International\/greve-dans-les-tribunaux-le-gouvernement-recule-et-libere-les-avocats-arretes\/","title":{"rendered":"Gr\u00e8ve dans les tribunaux : le gouvernement recule et lib\u00e8re les avocats arr\u00eat\u00e9s"},"content":{"rendered":"<div readability=\"32\">\n<p>Publi\u00e9 le 23.11.2020 \u00e0 21h36 par JournalduCameroun.com<\/p>\n<\/div>\n<div readability=\"64\">\n<h2 class=\"c6\">Tamfuh Richard et Me Tchuemegne \u00e9copent de 6\u00a0mois de prison avec sursis de l\u2019abandon de certaines des charges retenues contre eux pour leur participation pr\u00e9sum\u00e9e aux \u00e9v\u00e8nements du 10\u00a0novembre dernier au tribunal de premi\u00e8re instance de Bonanjo.<\/h2>\n<p class=\"c7\">Face \u00e0 la gr\u00e8ve annonc\u00e9e des avocats du 30\u00a0novembre au 4\u00a0d\u00e9cembre 2020, le gouvernement tente de faire baisser la tension. Ce lundi 23\u00a0novembre, les juges du tribunal de premi\u00e8re instance de Douala-Bonanjo ont d\u00e9cid\u00e9 d\u2019abandonner les charges retenues contre Me Richard Tamfu et Me Armel Tchuemegne, avocats au Barreau du Cameroun.<\/p>\n<p class=\"c7\">Ils \u00e9taient sous le coup d\u2019une enqu\u00eate judiciaire pour <em>\u00ab d\u2019outrage \u00e0 magistrat, de troubles du service et destruction \u00bb.<\/em> \u00a0Ce qui leur a valu d\u2019\u00eatre en d\u00e9tention pr\u00e9ventive \u00e0 la prison de New-bell. Ce lundi, une d\u00e9cision de justice abandonne l\u2019accusation d\u2019outrage \u00e0 magistrat et retient les charges de troubles \u00e0 l\u2019ordre public et de destruction de bien. Ils \u00e9copent de 6\u00a0mois de prison avec sursis et d\u2019une amende de 100\u2009000\u00a0FCFA chacun.<\/p>\n<p class=\"c7\">Me Richard Tamfu et Me Armel Tchuemegne avaient \u00e9t\u00e9 arr\u00eat\u00e9s au lendemain des incidents du 10\u00a0novembre au Tpi de Bonajo.<\/p>\n<p class=\"c7\">Ce jour-l\u00e0, des avocats s\u2019opposent \u00e0 une d\u00e9cision du juge de mettre deux des leurs en d\u00e9tention provisoire pour une affaire de corruption alors qu\u2019ils demandaient une comparution libre. Le ton monte, \u00a0les forces de l\u2019ordre interviennent finalement et les avocats sont gaz\u00e9s.<\/p>\n<p class=\"c7\">La justice se met d\u00e8s lors aux trousses de 15\u00a0avocats pour leur participation pr\u00e9sum\u00e9e \u00e0 ces \u00e9v\u00e8nements.\u00a0 Ce qui provoque la col\u00e8re du Conseil de l\u2019<strong>Ordre des avocats<\/strong>. R\u00e9uni en session extraordinaire le 21\u00a0novembre, le Conseil adopte des r\u00e9solutions, dont celle d\u2019une <strong>gr\u00e8ve des tribunaux<\/strong> du 30\u00a0novembre au 4\u00a0d\u00e9cembre.<\/p>\n<p class=\"c7\">Ceci pour protester contre ce qu\u2019il appelle <em>\u00ab\u2009une pers\u00e9cution programm\u00e9e des avocats transform\u00e9s en d\u00e9linquants\u2009\u00bb<\/em>. Une menace qui semble avoir \u00e9t\u00e9 prise au s\u00e9rieux par le gouvernement.<\/p>\n<\/div>\n<p>Auteur: Ludovic Amara<br \/>\n<a href=\"https:\/\/www.journalducameroun.com\/greve-dans-les-tribunaux-le-gouvernement-recule-et-libere-les-avocats-arretes-cameroun\/\">Cliquez ici pour lire l&rsquo;article depuis sa source.<\/a><\/p>\n","protected":false},"excerpt":{"rendered":"<p>Publi\u00e9 le 23.11.2020 \u00e0 21h36 par JournalduCameroun.com Tamfuh Richard et Me Tchuemegne \u00e9copent de 6\u00a0mois de prison avec sursis de l\u2019abandon de certaines des charges retenues contre eux pour leur participation pr\u00e9sum\u00e9e aux \u00e9v\u00e8nements du 10\u00a0novembre dernier au tribunal de premi\u00e8re instance de Bonanjo. Face \u00e0 la gr\u00e8ve annonc\u00e9e des avocats du 30\u00a0novembre au 4\u00a0d\u00e9cembre [&hellip;]<\/p>\n","protected":false},"author":1965,"featured_media":0,"comment_status":"closed","ping_status":"closed","sticky":false,"template":"","format":"standard","meta":{"fifu_image_url":"","fifu_image_alt":"","footnotes":""},"categories":[73,82],"tags":[],"class_list":["post-105551","post","type-post","status-publish","format-standard","hentry","category-actualite","category-cameroun"],"_links":{"self":[{"href":"https:\/\/linitiative.ca\/International\/wp-json\/wp\/v2\/posts\/105551","targetHints":{"allow":["GET"]}}],"collection":[{"href":"https:\/\/linitiative.ca\/International\/wp-json\/wp\/v2\/posts"}],"about":[{"href":"https:\/\/linitiative.ca\/International\/wp-json\/wp\/v2\/types\/post"}],"author":[{"embeddable":true,"href":"https:\/\/linitiative.ca\/International\/wp-json\/wp\/v2\/users\/1965"}],"replies":[{"embeddable":true,"href":"https:\/\/linitiative.ca\/International\/wp-json\/wp\/v2\/comments?post=105551"}],"version-history":[{"count":0,"href":"https:\/\/linitiative.ca\/International\/wp-json\/wp\/v2\/posts\/105551\/revisions"}],"wp:attachment":[{"href":"https:\/\/linitiative.ca\/International\/wp-json\/wp\/v2\/media?parent=105551"}],"wp:term":[{"taxonomy":"category","embeddable":true,"href":"https:\/\/linitiative.ca\/International\/wp-json\/wp\/v2\/categories?post=105551"},{"taxonomy":"post_tag","embeddable":true,"href":"https:\/\/linitiative.ca\/International\/wp-json\/wp\/v2\/tags?post=105551"}],"curies":[{"name":"wp","href":"https:\/\/api.w.org\/{rel}","templated":true}]}}