{"id":105552,"date":"2020-11-23T16:18:06","date_gmt":"2020-11-23T21:18:06","guid":{"rendered":"https:\/\/linitiative.ca\/International\/burkina-le-pacte-de-bonne-conduite-mis-a-lepreuve\/"},"modified":"2020-11-23T16:18:06","modified_gmt":"2020-11-23T21:18:06","slug":"burkina-le-pacte-de-bonne-conduite-mis-a-lepreuve","status":"publish","type":"post","link":"https:\/\/linitiative.ca\/International\/burkina-le-pacte-de-bonne-conduite-mis-a-lepreuve\/","title":{"rendered":"Burkina : le pacte de bonne conduite mis \u00e0 l\u2019\u00e9preuve"},"content":{"rendered":"<div readability=\"32\">\n<p>Publi\u00e9 le 23.11.2020 \u00e0 22h18 par APA News<\/p>\n<\/div>\n<div readability=\"103\">\n<p>Au lendemain du double scrutin (pr\u00e9sidentielle et l\u00e9gislatives), les suspicions de fraude risquent de faire voler en \u00e9clat cet accord sign\u00e9 par les diff\u00e9rents acteurs en vue de tenir des \u00e9lections apais\u00e9es.Les urnes n\u2019ont pas encore livr\u00e9 leur verdict final. La Commission \u00e9lectorale nationale ind\u00e9pendante (Ceni) s\u2019att\u00e8le \u00e0 la compilation des r\u00e9sultats transmis par ses d\u00e9membrements. Au regard des premi\u00e8res tendances, le trio compos\u00e9 de Roch Marc Christian Kabor\u00e9, d\u2019Eddie Kombo\u00efgo et de Z\u00e9phirin Diabr\u00e9 semble se d\u00e9tacher des dix autres candidats.<\/p>\n<p>Le pr\u00e9sident sortant, s\u00fbr de sa force, a pr\u00e9dit un \u00ab\u00a0coup K.O.\u00a0\u00bb d\u00e8s le premier tour. Cette hypoth\u00e8se est rejet\u00e9e par l\u2019opposition qui d\u00e9nonce des actes de fraude. Parfois sans pouvoir apporter des \u00e9l\u00e9ments de preuve.<\/p>\n<p>Participant \u00e0 la nuit \u00e9lectorale de la Radiodiffusion T\u00e9l\u00e9vision du Burkina (RTB, publique), Moussa Zerbo, le porte-parole de l\u2019Union pour le Progr\u00e8s et le Changement (UPC) a soulign\u00e9 que \u00ab\u00a0la tendresse\u00a0\u00bb, dont le parti de M. Diabr\u00e9 a fait montre en 2015, ne sera pas en vigueur cette fois-ci en raison des \u00ab\u00a0anomalies\u00a0\u00bb not\u00e9es \u00e7\u00e0 et l\u00e0.<\/p>\n<p>Ce lundi 23 novembre, la Conf\u00e9rence des candidats signataires de l\u2019accord politique de Ouagadougou a tenu un point de presse dans la capitale pour exprimer \u00ab\u00a0toute (sa) consternation quant \u00e0 la mani\u00e8re dont ces \u00e9lections ont \u00e9t\u00e9 organis\u00e9es\u00a0\u00bb.<\/p>\n<p>Dans une d\u00e9claration lue par Tahirou Barry, l\u2019un des treize candidats engag\u00e9s dans la course \u00e0 la pr\u00e9sidentielle, ce collectif d\u2019opposants soutient que la publication au compte-gouttes par la Ceni de r\u00e9sultats \u00ab\u00a0largement favorables \u00e0 la majorit\u00e9 sortante\u00a0\u00bb est contraire \u00ab\u00a0aux dispositions du Code \u00e9lectoral qui pr\u00e9voient une compilation manuelle au niveau des centres communaux\u00a0\u00bb.<\/p>\n<p>A en croire ces partis de l\u2019opposition, \u00ab\u00a0la Ceni n\u2019a pas \u00e9t\u00e9 \u00e0 la hauteur de la mission de bonne organisation des \u00e9lections\u00a0\u00bb. Pour \u00e9tayer cette th\u00e8se, ils \u00e9num\u00e8rent des manquements : la modification \u00e0 la derni\u00e8re minute et de mani\u00e8re informelle du nombre et de la cartographie des bureaux de vote retenus pour les \u00e9lections, l\u2019ouverture tardive et la non-ouverture de plusieurs dizaines de bureaux sur l\u2019ensemble du territoire national, l\u2019absence ou le retard dans l\u2019acheminement du mat\u00e9riel \u00e9lectoral, le transport non s\u00e9curis\u00e9 d\u2019urnes sur les motos\u2026<\/p>\n<p>En d\u00e9finitive, les signataires de l\u2019accord politique de Ouagadougou d\u00e9clarent que \u00ab\u00a0l\u2019ensemble du processus (\u00e9lectoral) a \u00e9t\u00e9 fortememt \u00e9maill\u00e9 de fraudes\u00a0\u00bb. Les adversaires de Roch Marc Christian Kabor\u00e9 estiment que cela \u00ab\u00a0p\u00e9nalise les candidats de l\u2019opposition (et) jette un discr\u00e9dit sur les r\u00e9sultats de la Ceni\u00a0\u00bb.<\/p>\n<p>Partant de l\u00e0, ces aspirants \u00e0 la fonction pr\u00e9sidentielle \u00ab\u00a0n\u2019accepteront pas des r\u00e9sultats entach\u00e9s d\u2019irr\u00e9gularit\u00e9s et qui ne refl\u00e8tent pas la volont\u00e9 du peuple burkinab\u00e8\u00a0\u00bb. \u00a0<\/p>\n<p>Dans un communiqu\u00e9 dat\u00e9 du 21 novembre, Harouna Yoda, le Procureur du Faso pr\u00e8s le Tribunal de Grande Instance de Ouaga 1, a annonc\u00e9 l\u2019instauration d\u2019 \u00ab\u00a0une permanence\u00a0\u00bb aux fins de \u00ab\u00a0recevoir et juger\u00a0des infractions de fraude \u00e9lectorale et assimil\u00e9es relevant de son ressort de comp\u00e9tence\u00a0\u00bb. Z\u00e9phirin Diabr\u00e9, le chef de file de l\u2019opposition, l\u2019a d\u00e9j\u00e0 saisi d\u2019une plainte.<\/p>\n<p>Toutes choses qui font dire \u00e0 Lionel Bilgo, analyste politique burkinab\u00e8, que \u00ab\u00a0si les positions (restent) tendues, on craint une crise post-\u00e9lectorale mais des voix s\u2019\u00e9l\u00e8vent pour appeler les politiciens \u00e0 un sens de la responsabilit\u00e9\u00a0\u00bb.<\/p>\n<\/div>\n<p>Auteur: APA News<br \/>\n<a href=\"https:\/\/www.journalducameroun.com\/burkina-le-pacte-de-bonne-conduite-mis-a-lepreuve\/\">Cliquez ici pour lire l&rsquo;article depuis sa source.<\/a><\/p>\n","protected":false},"excerpt":{"rendered":"<p>Publi\u00e9 le 23.11.2020 \u00e0 22h18 par APA News Au lendemain du double scrutin (pr\u00e9sidentielle et l\u00e9gislatives), les suspicions de fraude risquent de faire voler en \u00e9clat cet accord sign\u00e9 par les diff\u00e9rents acteurs en vue de tenir des \u00e9lections apais\u00e9es.Les urnes n\u2019ont pas encore livr\u00e9 leur verdict final. La Commission \u00e9lectorale nationale ind\u00e9pendante (Ceni) s\u2019att\u00e8le [&hellip;]<\/p>\n","protected":false},"author":1965,"featured_media":0,"comment_status":"closed","ping_status":"closed","sticky":false,"template":"","format":"standard","meta":{"fifu_image_url":"","fifu_image_alt":"","footnotes":""},"categories":[73,82],"tags":[],"class_list":["post-105552","post","type-post","status-publish","format-standard","hentry","category-actualite","category-cameroun"],"_links":{"self":[{"href":"https:\/\/linitiative.ca\/International\/wp-json\/wp\/v2\/posts\/105552","targetHints":{"allow":["GET"]}}],"collection":[{"href":"https:\/\/linitiative.ca\/International\/wp-json\/wp\/v2\/posts"}],"about":[{"href":"https:\/\/linitiative.ca\/International\/wp-json\/wp\/v2\/types\/post"}],"author":[{"embeddable":true,"href":"https:\/\/linitiative.ca\/International\/wp-json\/wp\/v2\/users\/1965"}],"replies":[{"embeddable":true,"href":"https:\/\/linitiative.ca\/International\/wp-json\/wp\/v2\/comments?post=105552"}],"version-history":[{"count":0,"href":"https:\/\/linitiative.ca\/International\/wp-json\/wp\/v2\/posts\/105552\/revisions"}],"wp:attachment":[{"href":"https:\/\/linitiative.ca\/International\/wp-json\/wp\/v2\/media?parent=105552"}],"wp:term":[{"taxonomy":"category","embeddable":true,"href":"https:\/\/linitiative.ca\/International\/wp-json\/wp\/v2\/categories?post=105552"},{"taxonomy":"post_tag","embeddable":true,"href":"https:\/\/linitiative.ca\/International\/wp-json\/wp\/v2\/tags?post=105552"}],"curies":[{"name":"wp","href":"https:\/\/api.w.org\/{rel}","templated":true}]}}