{"id":105562,"date":"2020-11-24T09:45:15","date_gmt":"2020-11-24T14:45:15","guid":{"rendered":"https:\/\/linitiative.ca\/International\/beyond-tomorrow-la-science-de-la-donnee-faconnera-t-elle-notre-futur\/"},"modified":"2020-11-24T09:45:15","modified_gmt":"2020-11-24T14:45:15","slug":"beyond-tomorrow-la-science-de-la-donnee-faconnera-t-elle-notre-futur","status":"publish","type":"post","link":"https:\/\/linitiative.ca\/International\/beyond-tomorrow-la-science-de-la-donnee-faconnera-t-elle-notre-futur\/","title":{"rendered":"\u00abBeyond Tomorrow\u00bb : La science de la donn\u00e9e fa\u00e7onnera-t-elle notre futur ?"},"content":{"rendered":"<p><img decoding=\"async\" class=\"post_layout_5_img\" src=\"http:\/\/aujourdhui.ma\/wp-content\/uploads\/2020\/11\/Beyond-Tomorrow.jpg\" alt=\"&#xAB;Beyond Tomorrow&#xBB; : La science de la donn&#xE9;e fa&#xE7;onnera-t-elle notre futur ?\"\/><\/p>\n<p><span class=\"c5\"><strong>Le progr\u00e8s technologique r\u00e9volutionne le monde.<\/strong><\/span><span id=\"more-361279\"\/><\/p>\n<p>A l\u2019\u00e8re de la pand\u00e9mie de Covid-19, cette tendance s\u2019est accentu\u00e9e avec l\u2019utilisation de l\u2019intelligence artificielle et des services \u00e0 distance (t\u00e9l\u00e9m\u00e9decine, e-commerce, e-learning, drones). Le num\u00e9rique sera tr\u00e8s pr\u00e9sent dans le futur. Cela implique la n\u00e9cessit\u00e9 de r\u00e9fl\u00e9chir \u00e0 ce que sera le monde de demain. Pour obtenir des \u00e9l\u00e9ments de r\u00e9ponses, SAS, sp\u00e9cialis\u00e9 dans le domaine de l\u2019analytique et des solutions bas\u00e9es sur l\u2019intelligence artificielle, organise un \u00e9v\u00e8nement virtuel sous la th\u00e9matique \u00abBeyond Tomorrow\u00bb. Cette manifestation technologique a \u00e9t\u00e9 lanc\u00e9e le 23 novembre 2020 et se poursuit jusqu\u2019au 25 du m\u00eame mois. Durant ces trois jours, l\u2019avenir de l\u2019environnement \u00e9conomique et commercial \u00e0 l\u2019\u00e8re post-pand\u00e9mique sera abord\u00e9 sous tous ses aspects, notamment lors des s\u00e9ances pl\u00e9ni\u00e8res qui accompagneront cet \u00e9v\u00e9nement.<\/p>\n<p>La s\u00e9ance d\u2019ouverture s\u2019est focalis\u00e9e sur la nouvelle r\u00e9alit\u00e9 et les progr\u00e8s qui sont en train de s\u2019op\u00e9rer rapidement un peu partout dans le monde. Cette approche a \u00e9t\u00e9 d\u00e9crypt\u00e9e par Richard Van Hooijdonk (Trendwatcher and Futurist) qui a mis l\u2019accent sur le fait que les machines peuvent remplacer l\u2019humain dans les t\u00e2ches r\u00e9p\u00e9titives et qu\u2019il est n\u00e9cessaire d\u2019int\u00e9grer dans le syst\u00e8me d\u2019enseignement plus de sp\u00e9cialisation. La premi\u00e8re journ\u00e9e sous le signe de \u00abData science day\u00bb a r\u00e9uni pr\u00e8s de 2.300 personnes. Des repr\u00e9sentants des organisations, multinationales et entreprises d\u2019Europe, Moyen-Orient et d\u2019Afrique font part de cet \u00e9v\u00e8nement. \u00abSur les 100 plus grosses compagnies mondiales, 92 sont des clients de SAS, le groupe exer\u00e7ant dans 148 pays. Cet \u00e9v\u00e9nement r\u00e9pond aux besoins des entreprises, quels que soient la nature de leurs activit\u00e9s et leur(s) continent(s) op\u00e9rationnel(s), de s\u2019ajuster aux nouvelles conditions \u00e9conomiques et sociales, et ce tant au niveau local qu\u2019international\u00bb, expliquent les organisateurs de cette e-conf\u00e9rence internationale.<\/p>\n<p>Ainsi, les participants partageront leurs exp\u00e9riences et les moyens mis en \u0153uvre pour surmonter les effets de la pand\u00e9mie, discuter de nouvelles strat\u00e9gies et approches de travail, ainsi que sur les n\u00e9cessaires m\u00e9thodes d\u2019adaptation aux nouvelles circonstances. \u00abDepuis le d\u00e9but de l\u2019ann\u00e9e, nous sommes confront\u00e9s \u00e0 une adaptation rapide au travail \u00e0 distance, nous avons assist\u00e9 \u00e0 des changements sans pr\u00e9c\u00e9dent dans le comportement des consommateurs, tandis que de nombreux gouvernements ont mis en place de nouvelles mesures l\u00e9gislatives. Les strat\u00e9gies \u00e9tablies en d\u00e9but d\u2019ann\u00e9e ont d\u00fb \u00eatre r\u00e9\u00e9crites. La question est maintenant de savoir comment passer du mode r\u00e9actif au mode proactif\u00bb, rel\u00e8ve Shukri Dabaghi, vice-pr\u00e9sident r\u00e9gional de SAS CEMEA. Et de poursuivre: \u00abLa capacit\u00e9 de s\u2019adapter aux besoins en constante \u00e9volution du march\u00e9, de mettre en \u0153uvre rapidement des mod\u00e8les analytiques et de prendre des d\u00e9cisions commerciales bas\u00e9es sur des informations analytiques, devient cruciale pour surmonter la crise et prosp\u00e9rer dans la r\u00e9alit\u00e9 d\u2019aujourd\u2019hui\u00bb.<\/p>\n<p>Intelligence artificielle, analyse de donn\u00e9es avanc\u00e9e, l\u2019IoT, cloud\u2026 Cet \u00e9v\u00e9nement a \u00e9t\u00e9 con\u00e7u de mani\u00e8re interactive et permet aux participants de choisir parmi un contenu diversifi\u00e9, y compris dans les espaces d\u2019\u00e9changes et les zones de r\u00e9seautage. L\u2019objectif \u00e9tant de cr\u00e9er leur propre programme personnalis\u00e9. Dans ce sens, des pr\u00e9sentations en vid\u00e9o sont diffus\u00e9es. L\u2019espace de l\u2019\u00e9v\u00e9nement permet \u00e9galement aux participants d\u2019acc\u00e9der aux d\u00e9bats sur les tendances commerciales et technologiques. La programmation compte des sessions consacr\u00e9es aux professionnels de la science des donn\u00e9es. Au cours des diff\u00e9rentes s\u00e9ances, les panels se focalisent sur les industries intersectorielles et les domaines li\u00e9s aux \u00e9volutions technologiques encore.<\/p>\n<p>Dans cet \u00e9v\u00e9nement, les conf\u00e9renciers pr\u00e9sentent des cas commerciaux r\u00e9els sur la fa\u00e7on dont SAS peut aider \u00e0 transformer une grande quantit\u00e9 de donn\u00e9es en informations pertinentes qui permettra d\u2019am\u00e9liorer leurs strat\u00e9gies.<\/p>\n<p>Auteur: Ouchagour Leila<br \/>\n<a href=\"https:\/\/aujourdhui.ma\/economie\/beyond-tomorrow-la-science-de-la-donnee-faconnera-t-elle-notre-futur\">Cliquez ici pour lire l&rsquo;article depuis sa source.<\/a><\/p>\n","protected":false},"excerpt":{"rendered":"<p>Le progr\u00e8s technologique r\u00e9volutionne le monde. A l\u2019\u00e8re de la pand\u00e9mie de Covid-19, cette tendance s\u2019est accentu\u00e9e avec l\u2019utilisation de l\u2019intelligence artificielle et des services \u00e0 distance (t\u00e9l\u00e9m\u00e9decine, e-commerce, e-learning, drones). Le num\u00e9rique sera tr\u00e8s pr\u00e9sent dans le futur. Cela implique la n\u00e9cessit\u00e9 de r\u00e9fl\u00e9chir \u00e0 ce que sera le monde de demain. Pour obtenir [&hellip;]<\/p>\n","protected":false},"author":1759,"featured_media":105563,"comment_status":"closed","ping_status":"closed","sticky":false,"template":"","format":"standard","meta":{"fifu_image_url":"","fifu_image_alt":"","footnotes":""},"categories":[73,54],"tags":[],"class_list":["post-105562","post","type-post","status-publish","format-standard","has-post-thumbnail","hentry","category-actualite","category-maroc"],"_links":{"self":[{"href":"https:\/\/linitiative.ca\/International\/wp-json\/wp\/v2\/posts\/105562","targetHints":{"allow":["GET"]}}],"collection":[{"href":"https:\/\/linitiative.ca\/International\/wp-json\/wp\/v2\/posts"}],"about":[{"href":"https:\/\/linitiative.ca\/International\/wp-json\/wp\/v2\/types\/post"}],"author":[{"embeddable":true,"href":"https:\/\/linitiative.ca\/International\/wp-json\/wp\/v2\/users\/1759"}],"replies":[{"embeddable":true,"href":"https:\/\/linitiative.ca\/International\/wp-json\/wp\/v2\/comments?post=105562"}],"version-history":[{"count":0,"href":"https:\/\/linitiative.ca\/International\/wp-json\/wp\/v2\/posts\/105562\/revisions"}],"wp:featuredmedia":[{"embeddable":true,"href":"https:\/\/linitiative.ca\/International\/wp-json\/"}],"wp:attachment":[{"href":"https:\/\/linitiative.ca\/International\/wp-json\/wp\/v2\/media?parent=105562"}],"wp:term":[{"taxonomy":"category","embeddable":true,"href":"https:\/\/linitiative.ca\/International\/wp-json\/wp\/v2\/categories?post=105562"},{"taxonomy":"post_tag","embeddable":true,"href":"https:\/\/linitiative.ca\/International\/wp-json\/wp\/v2\/tags?post=105562"}],"curies":[{"name":"wp","href":"https:\/\/api.w.org\/{rel}","templated":true}]}}