{"id":105564,"date":"2020-11-24T09:47:12","date_gmt":"2020-11-24T14:47:12","guid":{"rendered":"https:\/\/linitiative.ca\/International\/la-campagne-de-vaccination-anti-covid-vise-25-millions-de-marocains\/"},"modified":"2020-11-24T09:47:12","modified_gmt":"2020-11-24T14:47:12","slug":"la-campagne-de-vaccination-anti-covid-vise-25-millions-de-marocains","status":"publish","type":"post","link":"https:\/\/linitiative.ca\/International\/la-campagne-de-vaccination-anti-covid-vise-25-millions-de-marocains\/","title":{"rendered":"La campagne de vaccination anti-Covid vise 25 millions de Marocains"},"content":{"rendered":"<p><img decoding=\"async\" class=\"post_layout_5_img\" src=\"http:\/\/aujourdhui.ma\/wp-content\/uploads\/2020\/06\/Khalid-Ait-Taleb.jpg\" alt=\"La campagne de vaccination anti-Covid vise 25 millions de Marocains\"\/><\/p>\n<p><span class=\"c5\"><strong>Pr\u00e8s de 3.000 centres seront d\u00e9ploy\u00e9s sur tout le territoire<\/strong><\/span><br \/><span id=\"more-361294\"\/><\/p>\n<p>Le ministre de la sant\u00e9 Khalid Ait Taleb a apport\u00e9 lundi plusieurs pr\u00e9cisions concernant la campagne de vaccination anti-Covid lors de la s\u00e9ance hebdomadaire des questions orales \u00e0 la Chambre des repr\u00e9sentants. Le ministre a indiqu\u00e9 que 2.888 centres de vaccination seront d\u00e9ploy\u00e9s sur tout le territoire. Des commissions centrales ont \u00e9t\u00e9 instaur\u00e9es en vue de pr\u00e9parer l\u2019ensemble des documents et plans ainsi que les outils n\u00e9cessaires pour la mise en \u0153uvre de la strat\u00e9gie nationale. Parmi celles-ci figure la commission technique charg\u00e9e de l\u2019\u00e9laboration des guides techniques sur le vaccin et de la formation des \u00e9quipes de vaccination.<\/p>\n<p>Pour sa part, la commission du m\u00e9dicament est charg\u00e9e de v\u00e9rifier le processus d\u2019homologation pour l\u2019utilisation du vaccin \u00e0 l\u2019\u00e9chelle nationale. La commission logistique veillera \u00e0 l\u2019\u00e9valuation des ressources disponibles et celles qui restent \u00e0 acqu\u00e9rir. La commission de communication a pour mission la pr\u00e9paration de la strat\u00e9gie nationale de communication et la commission de suivi et d\u2019\u00e9valuation veillera \u00e0 la pr\u00e9paration d\u2019un plan et des m\u00e9canismes d\u2019inscription des b\u00e9n\u00e9ficiaires. Elle suivra de pr\u00e8s leur \u00e9tat de sant\u00e9 durant et apr\u00e8s la vaccination.<\/p>\n<p>Il faut aussi relever qu\u2019une commission technique compos\u00e9e des repr\u00e9sentants de la Sant\u00e9 et de l\u2019Int\u00e9rieur supervisera l\u2019op\u00e9ration sur le terrain. Le ministre a aussi fait savoir que les aspects pratiques et techniques de l\u2019op\u00e9ration ont \u00e9t\u00e9 communiqu\u00e9s aux repr\u00e9sentants de la Direction r\u00e9gionale de la sant\u00e9, dans l\u2019objectif d\u2019\u00e9laborer des plans provinciaux et r\u00e9gionaux. Par ailleurs, le ministre a pr\u00e9cis\u00e9 que la vaccination se fera selon deux proc\u00e9d\u00e9s : statique et mobile. Le premier verra les b\u00e9n\u00e9ficiaires se d\u00e9placer eux-m\u00eames vers les centres de vaccination. Dans le deuxi\u00e8me, des unit\u00e9s mobiles feront le d\u00e9placement vers des h\u00f4pitaux, usines, administrations, cit\u00e9s universitaires ou prisons. La vaccination concernera les citoyens \u00e2g\u00e9s de plus de 18 ans. Elle s\u2019\u00e9talera sur une p\u00e9riode de 12 semaines. La vaccination aura lieu en deux temps, soit deux doses, s\u00e9par\u00e9es de 21 jours.<\/p>\n<p>Selon le ministre, la priorit\u00e9 sera donn\u00e9e aux staffs se trouvant en premi\u00e8re ligne, \u00e0 savoir le personnel de sant\u00e9, les autorit\u00e9s publiques, les forces de l\u2019ordre, le personnel de l\u2019\u00e9ducation nationale ainsi que les personnes \u00e2g\u00e9es et vuln\u00e9rables. Elle sera par la suite \u00e9tendue au reste de la population, tout en garantissant un taux de couverture vaccinale de pr\u00e8s de 80% de la population.<\/p>\n<p>Ainsi, l\u2019objectif est de vacciner un maximum de personnes \u00e2g\u00e9es de plus de 18 ans, soit 25 millions de personnes avec 50 millions d\u2019injections. Le ministre a affirm\u00e9 que les tests effectu\u00e9s pour le vaccin de Sinopharm ont donn\u00e9 des r\u00e9sultats positifs et efficaces. D\u2019ailleurs, une commission scientifique marocaine de haut niveau suit depuis le d\u00e9but la pr\u00e9paration du vaccin.<\/p>\n<p>Auteur: Laila Zerrour<br \/>\n<a href=\"https:\/\/aujourdhui.ma\/societe\/la-campagne-de-vaccination-anti-covid-vise-25-millions-de-marocains\">Cliquez ici pour lire l&rsquo;article depuis sa source.<\/a><\/p>\n","protected":false},"excerpt":{"rendered":"<p>Pr\u00e8s de 3.000 centres seront d\u00e9ploy\u00e9s sur tout le territoire Le ministre de la sant\u00e9 Khalid Ait Taleb a apport\u00e9 lundi plusieurs pr\u00e9cisions concernant la campagne de vaccination anti-Covid lors de la s\u00e9ance hebdomadaire des questions orales \u00e0 la Chambre des repr\u00e9sentants. Le ministre a indiqu\u00e9 que 2.888 centres de vaccination seront d\u00e9ploy\u00e9s sur tout [&hellip;]<\/p>\n","protected":false},"author":1759,"featured_media":105565,"comment_status":"closed","ping_status":"closed","sticky":false,"template":"","format":"standard","meta":{"fifu_image_url":"","fifu_image_alt":"","footnotes":""},"categories":[73,54],"tags":[],"class_list":["post-105564","post","type-post","status-publish","format-standard","has-post-thumbnail","hentry","category-actualite","category-maroc"],"_links":{"self":[{"href":"https:\/\/linitiative.ca\/International\/wp-json\/wp\/v2\/posts\/105564","targetHints":{"allow":["GET"]}}],"collection":[{"href":"https:\/\/linitiative.ca\/International\/wp-json\/wp\/v2\/posts"}],"about":[{"href":"https:\/\/linitiative.ca\/International\/wp-json\/wp\/v2\/types\/post"}],"author":[{"embeddable":true,"href":"https:\/\/linitiative.ca\/International\/wp-json\/wp\/v2\/users\/1759"}],"replies":[{"embeddable":true,"href":"https:\/\/linitiative.ca\/International\/wp-json\/wp\/v2\/comments?post=105564"}],"version-history":[{"count":0,"href":"https:\/\/linitiative.ca\/International\/wp-json\/wp\/v2\/posts\/105564\/revisions"}],"wp:featuredmedia":[{"embeddable":true,"href":"https:\/\/linitiative.ca\/International\/wp-json\/"}],"wp:attachment":[{"href":"https:\/\/linitiative.ca\/International\/wp-json\/wp\/v2\/media?parent=105564"}],"wp:term":[{"taxonomy":"category","embeddable":true,"href":"https:\/\/linitiative.ca\/International\/wp-json\/wp\/v2\/categories?post=105564"},{"taxonomy":"post_tag","embeddable":true,"href":"https:\/\/linitiative.ca\/International\/wp-json\/wp\/v2\/tags?post=105564"}],"curies":[{"name":"wp","href":"https:\/\/api.w.org\/{rel}","templated":true}]}}