{"id":105566,"date":"2020-11-24T10:29:27","date_gmt":"2020-11-24T15:29:27","guid":{"rendered":"https:\/\/linitiative.ca\/International\/loffice-des-changes-ouvre-un-bureau-dordre-a-casablanca\/"},"modified":"2020-11-24T10:29:27","modified_gmt":"2020-11-24T15:29:27","slug":"loffice-des-changes-ouvre-un-bureau-dordre-a-casablanca","status":"publish","type":"post","link":"https:\/\/linitiative.ca\/International\/loffice-des-changes-ouvre-un-bureau-dordre-a-casablanca\/","title":{"rendered":"L\u2019Office des changes ouvre un bureau d\u2019ordre \u00e0 Casablanca"},"content":{"rendered":"<header>\n<div class=\"entry-post-meta\">\n<div class=\"author-link\">Publi\u00e9 par <a itemprop=\"author\" itemscope=\"\" itemtype=\"https:\/\/schema.org\/Person\" href=\"https:\/\/aujourdhui.ma\/author\/blio\" rel=\"author\"><span itemprop=\"name\">ALM<\/span><\/a><\/div>\n<p>Date\u00a0:<time content=\"2020-11-24T16:29:27+01:00\" class=\"entry-date updated\" datetime=\"2020-11-24T16:29:27+01:00\">novembre 24, 2020<\/time><\/p>\n<div class=\"entry-cat\">dans:<a href=\"https:\/\/aujourdhui.ma\/category\/economie\" rel=\"category tag\">Economie<\/a><\/div>\n<p>26Vues<\/p>\n<\/div>\n<\/header>\n<div class=\"entry-content clearfix\" readability=\"48\"><img decoding=\"async\" class=\"post_layout_5_img\" src=\"http:\/\/aujourdhui.ma\/wp-content\/uploads\/2019\/09\/Office-des-changes.jpg\" alt=\"L&#x2019;Office des changes ouvre un bureau d&#x2019;ordre &#xE0; Casablanca\"\/><\/p>\n<p><span class=\"c5\"><strong>L\u2019Office des changes a annonc\u00e9 r\u00e9cemment l\u2019ouverture d\u2019un bureau d\u2019ordre \u00e0 Casablanca visant \u00e0 asseoir davantage sa proximit\u00e9 de ses usagers.<\/strong><\/span><span id=\"more-361277\"\/><\/p>\n<p>Situ\u00e9e en plein centre de Casablanca, rue Chatila, Quartier Palmier, cette nouvelle structure assurera l\u2019accueil, le renseignement ainsi que la r\u00e9ception des demandes et correspondances des usagers, ce qui apportera un gain de temps aux citoyens et op\u00e9rateurs \u00e9conomiques install\u00e9s dans la ville de Casablanca et r\u00e9gions, indique l\u2019Office dans un communiqu\u00e9. Cette initiative vient renforcer, davantage, l\u2019engagement de l\u2019Office des Changes dans la mise en \u0153uvre d\u2019une politique de rapprochement avec ses usagers, en particulier dans le contexte actuel de l\u2019\u00e9tat d\u2019urgence sanitaire, conclut la m\u00eame source.<\/p>\n<\/div>\n<p>Auteur: ALM<br \/>\n<a href=\"https:\/\/aujourdhui.ma\/economie\/loffice-des-changes-ouvre-un-bureau-dordre-a-casablanca\">Cliquez ici pour lire l&rsquo;article depuis sa source.<\/a><\/p>\n","protected":false},"excerpt":{"rendered":"<p>Publi\u00e9 par ALM Date\u00a0:novembre 24, 2020 dans:Economie 26Vues L\u2019Office des changes a annonc\u00e9 r\u00e9cemment l\u2019ouverture d\u2019un bureau d\u2019ordre \u00e0 Casablanca visant \u00e0 asseoir davantage sa proximit\u00e9 de ses usagers. Situ\u00e9e en plein centre de Casablanca, rue Chatila, Quartier Palmier, cette nouvelle structure assurera l\u2019accueil, le renseignement ainsi que la r\u00e9ception des demandes et correspondances des [&hellip;]<\/p>\n","protected":false},"author":1759,"featured_media":105567,"comment_status":"closed","ping_status":"closed","sticky":false,"template":"","format":"standard","meta":{"fifu_image_url":"","fifu_image_alt":"","footnotes":""},"categories":[73,54],"tags":[],"class_list":["post-105566","post","type-post","status-publish","format-standard","has-post-thumbnail","hentry","category-actualite","category-maroc"],"_links":{"self":[{"href":"https:\/\/linitiative.ca\/International\/wp-json\/wp\/v2\/posts\/105566","targetHints":{"allow":["GET"]}}],"collection":[{"href":"https:\/\/linitiative.ca\/International\/wp-json\/wp\/v2\/posts"}],"about":[{"href":"https:\/\/linitiative.ca\/International\/wp-json\/wp\/v2\/types\/post"}],"author":[{"embeddable":true,"href":"https:\/\/linitiative.ca\/International\/wp-json\/wp\/v2\/users\/1759"}],"replies":[{"embeddable":true,"href":"https:\/\/linitiative.ca\/International\/wp-json\/wp\/v2\/comments?post=105566"}],"version-history":[{"count":0,"href":"https:\/\/linitiative.ca\/International\/wp-json\/wp\/v2\/posts\/105566\/revisions"}],"wp:featuredmedia":[{"embeddable":true,"href":"https:\/\/linitiative.ca\/International\/wp-json\/"}],"wp:attachment":[{"href":"https:\/\/linitiative.ca\/International\/wp-json\/wp\/v2\/media?parent=105566"}],"wp:term":[{"taxonomy":"category","embeddable":true,"href":"https:\/\/linitiative.ca\/International\/wp-json\/wp\/v2\/categories?post=105566"},{"taxonomy":"post_tag","embeddable":true,"href":"https:\/\/linitiative.ca\/International\/wp-json\/wp\/v2\/tags?post=105566"}],"curies":[{"name":"wp","href":"https:\/\/api.w.org\/{rel}","templated":true}]}}