{"id":105568,"date":"2020-11-24T11:36:14","date_gmt":"2020-11-24T16:36:14","guid":{"rendered":"https:\/\/linitiative.ca\/International\/oppo-inno-day-2020-nouvelle-vision-technologique-et-des-produits-conceptuels\/"},"modified":"2020-11-24T11:36:14","modified_gmt":"2020-11-24T16:36:14","slug":"oppo-inno-day-2020-nouvelle-vision-technologique-et-des-produits-conceptuels","status":"publish","type":"post","link":"https:\/\/linitiative.ca\/International\/oppo-inno-day-2020-nouvelle-vision-technologique-et-des-produits-conceptuels\/","title":{"rendered":"OPPO INNO DAY 2020 : Nouvelle vision technologique et des produits conceptuels"},"content":{"rendered":"<header>\n<div class=\"entry-post-meta\">\n<div class=\"author-link\">Publi\u00e9 par <a itemprop=\"author\" itemscope=\"\" itemtype=\"https:\/\/schema.org\/Person\" href=\"https:\/\/aujourdhui.ma\/author\/blio\" rel=\"author\"><span itemprop=\"name\">ALM<\/span><\/a><\/div>\n<p>Date\u00a0:<time content=\"2020-11-24T17:36:14+01:00\" class=\"entry-date updated\" datetime=\"2020-11-24T17:36:14+01:00\">novembre 24, 2020<\/time><\/p>\n<div class=\"entry-cat\">dans:<a href=\"https:\/\/aujourdhui.ma\/category\/economie\" rel=\"category tag\">Economie<\/a><\/div>\n<p>1Vues<\/p>\n<\/div>\n<\/header>\n<div class=\"entry-content clearfix\" readability=\"48\"><img decoding=\"async\" class=\"post_layout_5_img\" src=\"http:\/\/aujourdhui.ma\/wp-content\/uploads\/2020\/11\/OPPO-X-2021.jpg\" alt=\"OPPO INNO DAY 2020 : Nouvelle vision technologique et des produits conceptuels\"\/><\/p>\n<p><span class=\"c5\"><strong>C\u2019est sous le th\u00e8me \u00abUn Saut vers le Futur\u00bb que s\u2019est tenu derni\u00e8rement l\u2019OPPO INNO DAY 2020.<\/strong><\/span><span id=\"more-361283\"\/><\/p>\n<p>Dans le contexte de l\u2019Internet de l\u2019Exp\u00e9rience, OPPO a propos\u00e9 \u00abDe La Technologie pour l\u2019Homme, de la Bienveillance pour le Monde\u00bb et \u00abL\u2019Innovation Vertueuse\u00bb, d\u00e9voilant pour la premi\u00e8re fois la strat\u00e9gie de d\u00e9veloppement technologique \u00ab3+N+X\u00bb.<br \/>Lors de l\u2019\u00e9v\u00e9nement, OPPO a \u00e9galement lanc\u00e9 le combin\u00e9 conceptuel enroulable OPPO X 2021, OPPO AR Glass 2021 et l\u2019application OPPO CybeReal AR. Au cours de l\u2019\u00e9v\u00e9nement, OPPO a \u00e9galement pr\u00e9sent\u00e9 trois produits conceptuels, qui ont d\u00e9montr\u00e9 de toutes nouvelles possibilit\u00e9s d\u2019interaction homme-technologie et d\u2019exploration de la technologie future \u00e0 savoir Oppo AR Glass 2021, Oppo X 2021 et CybeReal AR.<br \/>Oppo INNO DAY a \u00e9t\u00e9 organis\u00e9 avec succ\u00e8s pendant deux ann\u00e9es cons\u00e9cutives. Tony Chen, fondateur et PDG d\u2019 Oppo, a soulign\u00e9 lors de la conf\u00e9rence que OPPO esp\u00e8re cr\u00e9er un monde de gentillesse gr\u00e2ce \u00e0 l\u2019innovation vertueuse.<\/p>\n<\/div>\n<p>Auteur: ALM<br \/>\n<a href=\"https:\/\/aujourdhui.ma\/economie\/oppo-inno-day-2020-nouvelle-vision-technologique-et-des-produits-conceptuels\">Cliquez ici pour lire l&rsquo;article depuis sa source.<\/a><\/p>\n","protected":false},"excerpt":{"rendered":"<p>Publi\u00e9 par ALM Date\u00a0:novembre 24, 2020 dans:Economie 1Vues C\u2019est sous le th\u00e8me \u00abUn Saut vers le Futur\u00bb que s\u2019est tenu derni\u00e8rement l\u2019OPPO INNO DAY 2020. Dans le contexte de l\u2019Internet de l\u2019Exp\u00e9rience, OPPO a propos\u00e9 \u00abDe La Technologie pour l\u2019Homme, de la Bienveillance pour le Monde\u00bb et \u00abL\u2019Innovation Vertueuse\u00bb, d\u00e9voilant pour la premi\u00e8re fois la [&hellip;]<\/p>\n","protected":false},"author":1759,"featured_media":105569,"comment_status":"closed","ping_status":"closed","sticky":false,"template":"","format":"standard","meta":{"fifu_image_url":"","fifu_image_alt":"","footnotes":""},"categories":[73,54],"tags":[],"class_list":["post-105568","post","type-post","status-publish","format-standard","has-post-thumbnail","hentry","category-actualite","category-maroc"],"_links":{"self":[{"href":"https:\/\/linitiative.ca\/International\/wp-json\/wp\/v2\/posts\/105568","targetHints":{"allow":["GET"]}}],"collection":[{"href":"https:\/\/linitiative.ca\/International\/wp-json\/wp\/v2\/posts"}],"about":[{"href":"https:\/\/linitiative.ca\/International\/wp-json\/wp\/v2\/types\/post"}],"author":[{"embeddable":true,"href":"https:\/\/linitiative.ca\/International\/wp-json\/wp\/v2\/users\/1759"}],"replies":[{"embeddable":true,"href":"https:\/\/linitiative.ca\/International\/wp-json\/wp\/v2\/comments?post=105568"}],"version-history":[{"count":0,"href":"https:\/\/linitiative.ca\/International\/wp-json\/wp\/v2\/posts\/105568\/revisions"}],"wp:featuredmedia":[{"embeddable":true,"href":"https:\/\/linitiative.ca\/International\/wp-json\/"}],"wp:attachment":[{"href":"https:\/\/linitiative.ca\/International\/wp-json\/wp\/v2\/media?parent=105568"}],"wp:term":[{"taxonomy":"category","embeddable":true,"href":"https:\/\/linitiative.ca\/International\/wp-json\/wp\/v2\/categories?post=105568"},{"taxonomy":"post_tag","embeddable":true,"href":"https:\/\/linitiative.ca\/International\/wp-json\/wp\/v2\/tags?post=105568"}],"curies":[{"name":"wp","href":"https:\/\/api.w.org\/{rel}","templated":true}]}}