{"id":105597,"date":"2020-11-24T14:53:12","date_gmt":"2020-11-24T19:53:12","guid":{"rendered":"https:\/\/linitiative.ca\/International\/ocp-lactivite-toujours-resiliente\/"},"modified":"2020-11-24T14:53:12","modified_gmt":"2020-11-24T19:53:12","slug":"ocp-lactivite-toujours-resiliente","status":"publish","type":"post","link":"https:\/\/linitiative.ca\/International\/ocp-lactivite-toujours-resiliente\/","title":{"rendered":"OCP: L&rsquo;activit\u00e9 toujours r\u00e9siliente"},"content":{"rendered":"<div id=\"article\">\n<div class=\"field field-name-body field-type-text-with-summary field-label-hidden\">\n<div class=\"field-items\" readability=\"11\">\n<div class=\"field-item even\" property=\"content:encoded\" readability=\"17\">\n<p class=\"rtejustify\">Le groupe minier a d\u00e9gag\u00e9 un Ebitda en am\u00e9lioration de 4,5% \u00e0 13,7 milliards de DH \u00e0 fin septembre. Avec un chiffre d&rsquo;affaires quasi stable \u00e0 41,7 milliards de DH, la marge d&rsquo;Ebitda ressort \u00e0 33% contre 31% \u00e0 la m\u00eame p\u00e9riode l&rsquo;ann\u00e9e derni\u00e8re. Malgr\u00e9 la pand\u00e9mie qui perdure, le groupe demeure confiant sur ses perspectives pour le reste de l&rsquo;ann\u00e9e. \u00abSous r\u00e9serve d\u2019absence d\u2019impacts significatifs \u00e0 venir de la pand\u00e9mie Covid-19, l\u2019ann\u00e9e 2020 pr\u00e9sente des projections positives pour la fin de l\u2019exercice\u00bb, commente le management.<br \/><em>\u00a0F.Fa<\/em><\/p>\n<\/div>\n<\/div>\n<\/div>\n<\/div>\n<div class=\"eco-conseil\">\n<div class=\"view view-eco-conseil-16 view-id-eco_conseil_16 view-display-id-cookies view-dom-id-8f354ec78535d41eaef06d36bffe1aad\">\n<div class=\"view-content\">\n<div id=\"views-bootstrap-grid-1\" class=\"views-bootstrap-grid-plugin-style\">\n<div class=\"row\">\n<div class=\" col-xs-12 col-lg-4\">\n<div class=\"row\">\n<div class=\"col col-xs-12 col-lg-12\">\n<div class=\"field-content\"><a href=\"\/article\/1069965-covid-19-les-cliniques-privees-sous-controle\"><img loading=\"lazy\" decoding=\"async\" class=\"img-responsive\" typeof=\"foaf:Image\" src=\"https:\/\/www.leconomiste.com\/sites\/default\/files\/eco7\/public\/styles\/800x400\/public\/default_images\/default_une.jpg?itok=4jZlgnIZ\" width=\"660\" height=\"330\" alt=\"\"\/><\/a><\/div>\n<\/div>\n<div class=\" title_suite_2 col col-xs-12 col-lg-12\"> <a href=\"\/article\/1069965-covid-19-les-cliniques-privees-sous-controle\"\/><span class=\"field-content\">Covid-19: Les cliniques priv\u00e9es sous contr\u00f4le<\/span><\/div>\n<\/div>\n<\/div>\n<div class=\" col-xs-12 col-lg-4\">\n<div class=\"row\">\n<div class=\"col col-xs-12 col-lg-12\">\n<div class=\"field-content\"><a href=\"\/article\/1069964-un-super-groupement-universitaire\"><img loading=\"lazy\" decoding=\"async\" class=\"img-responsive\" typeof=\"foaf:Image\" src=\"https:\/\/www.leconomiste.com\/sites\/default\/files\/eco7\/public\/styles\/800x400\/public\/default_images\/default_une.jpg?itok=4jZlgnIZ\" width=\"660\" height=\"330\" alt=\"\"\/><\/a><\/div>\n<\/div>\n<div class=\" title_suite_2 col col-xs-12 col-lg-12\"> <a href=\"\/article\/1069964-un-super-groupement-universitaire\"\/><span class=\"field-content\">Un super groupement universitaire<\/span><\/div>\n<\/div>\n<\/div>\n<div class=\" col-xs-12 col-lg-4\">\n<div class=\"row\">\n<div class=\"col col-xs-12 col-lg-12\">\n<div class=\"field-content\"><a href=\"\/article\/1069963-le-label-cgem-pour-label-vie\"><img loading=\"lazy\" decoding=\"async\" class=\"img-responsive\" typeof=\"foaf:Image\" src=\"https:\/\/www.leconomiste.com\/sites\/default\/files\/eco7\/public\/styles\/800x400\/public\/default_images\/default_une.jpg?itok=4jZlgnIZ\" width=\"660\" height=\"330\" alt=\"\"\/><\/a><\/div>\n<\/div>\n<div class=\" title_suite_2 col col-xs-12 col-lg-12\"> <a href=\"\/article\/1069963-le-label-cgem-pour-label-vie\"\/><span class=\"field-content\">Le label CGEM pour Label\u2019Vie<\/span><\/div>\n<\/div>\n<\/div>\n<\/div>\n<\/div>\n<\/div>\n<\/div>\n<\/div>\n<p>Auteur: hlafriqi<br \/>\n<a href=\"https:\/\/www.leconomiste.com\/article\/1069961-ocp-l-activite-toujours-resiliente\">Cliquez ici pour lire l&rsquo;article depuis sa source.<\/a><\/p>\n","protected":false},"excerpt":{"rendered":"<p>Le groupe minier a d\u00e9gag\u00e9 un Ebitda en am\u00e9lioration de 4,5% \u00e0 13,7 milliards de DH \u00e0 fin septembre. Avec un chiffre d&rsquo;affaires quasi stable \u00e0 41,7 milliards de DH, la marge d&rsquo;Ebitda ressort \u00e0 33% contre 31% \u00e0 la m\u00eame p\u00e9riode l&rsquo;ann\u00e9e derni\u00e8re. Malgr\u00e9 la pand\u00e9mie qui perdure, le groupe demeure confiant sur ses [&hellip;]<\/p>\n","protected":false},"author":1763,"featured_media":0,"comment_status":"closed","ping_status":"closed","sticky":false,"template":"","format":"standard","meta":{"fifu_image_url":"","fifu_image_alt":"","footnotes":""},"categories":[78,54],"tags":[],"class_list":["post-105597","post","type-post","status-publish","format-standard","hentry","category-economie","category-maroc"],"_links":{"self":[{"href":"https:\/\/linitiative.ca\/International\/wp-json\/wp\/v2\/posts\/105597","targetHints":{"allow":["GET"]}}],"collection":[{"href":"https:\/\/linitiative.ca\/International\/wp-json\/wp\/v2\/posts"}],"about":[{"href":"https:\/\/linitiative.ca\/International\/wp-json\/wp\/v2\/types\/post"}],"author":[{"embeddable":true,"href":"https:\/\/linitiative.ca\/International\/wp-json\/wp\/v2\/users\/1763"}],"replies":[{"embeddable":true,"href":"https:\/\/linitiative.ca\/International\/wp-json\/wp\/v2\/comments?post=105597"}],"version-history":[{"count":0,"href":"https:\/\/linitiative.ca\/International\/wp-json\/wp\/v2\/posts\/105597\/revisions"}],"wp:attachment":[{"href":"https:\/\/linitiative.ca\/International\/wp-json\/wp\/v2\/media?parent=105597"}],"wp:term":[{"taxonomy":"category","embeddable":true,"href":"https:\/\/linitiative.ca\/International\/wp-json\/wp\/v2\/categories?post=105597"},{"taxonomy":"post_tag","embeddable":true,"href":"https:\/\/linitiative.ca\/International\/wp-json\/wp\/v2\/tags?post=105597"}],"curies":[{"name":"wp","href":"https:\/\/api.w.org\/{rel}","templated":true}]}}