{"id":105599,"date":"2020-11-24T14:53:19","date_gmt":"2020-11-24T19:53:19","guid":{"rendered":"https:\/\/linitiative.ca\/International\/le-label-cgem-pour-labelvie\/"},"modified":"2020-11-24T14:53:19","modified_gmt":"2020-11-24T19:53:19","slug":"le-label-cgem-pour-labelvie","status":"publish","type":"post","link":"https:\/\/linitiative.ca\/International\/le-label-cgem-pour-labelvie\/","title":{"rendered":"Le label CGEM pour Label\u2019Vie"},"content":{"rendered":"<div id=\"article\">\n<div class=\"field field-name-body field-type-text-with-summary field-label-hidden\">\n<div class=\"field-items\" readability=\"8\">\n<div class=\"field-item even\" property=\"content:encoded\" readability=\"11\">\n<p class=\"rtejustify\">Une premi\u00e8re dans la grande distribution au Maroc. Le groupe Labe\u2019Vie vient d\u2019obtenir le label de la Responsabilit\u00e9 soci\u00e9tale des entreprises de la CGEM. L\u2019obtention de ce label fait suite \u00e0 l\u2019\u00e9valuation de l\u2019agence de notation extra-financi\u00e8re Vigeo au regard de l&rsquo;ensemble des crit\u00e8res d\u00e9finis dans la Charte de responsabilit\u00e9 sociale RSE de la CGEM, en conformit\u00e9 avec les objectifs universels de responsabilit\u00e9 soci\u00e9tale. Il faut dire que la RSE est pleinement int\u00e9gr\u00e9e dans la politique du groupe depuis 2017. Elle est m\u00eame plac\u00e9e au c\u0153ur de sa strat\u00e9gie.<br \/><em>\u00a0M.A.B.<\/em><\/p>\n<\/div>\n<\/div>\n<\/div>\n<\/div>\n<div class=\"eco-conseil\">\n<div class=\"view view-eco-conseil-16 view-id-eco_conseil_16 view-display-id-cookies view-dom-id-e5a84a2d5887b44cf1904704f90d23a0\">\n<div class=\"view-content\">\n<div id=\"views-bootstrap-grid-1\" class=\"views-bootstrap-grid-plugin-style\">\n<div class=\"row\">\n<div class=\" col-xs-12 col-lg-4\">\n<div class=\"row\">\n<div class=\"col col-xs-12 col-lg-12\">\n<div class=\"field-content\"><a href=\"\/article\/1069965-covid-19-les-cliniques-privees-sous-controle\"><img loading=\"lazy\" decoding=\"async\" class=\"img-responsive\" typeof=\"foaf:Image\" src=\"https:\/\/www.leconomiste.com\/sites\/default\/files\/eco7\/public\/styles\/800x400\/public\/default_images\/default_une.jpg?itok=4jZlgnIZ\" width=\"660\" height=\"330\" alt=\"\"\/><\/a><\/div>\n<\/div>\n<div class=\" title_suite_2 col col-xs-12 col-lg-12\"> <a href=\"\/article\/1069965-covid-19-les-cliniques-privees-sous-controle\"\/><span class=\"field-content\">Covid-19: Les cliniques priv\u00e9es sous contr\u00f4le<\/span><\/div>\n<\/div>\n<\/div>\n<div class=\" col-xs-12 col-lg-4\">\n<div class=\"row\">\n<div class=\"col col-xs-12 col-lg-12\">\n<div class=\"field-content\"><a href=\"\/article\/1069964-un-super-groupement-universitaire\"><img loading=\"lazy\" decoding=\"async\" class=\"img-responsive\" typeof=\"foaf:Image\" src=\"https:\/\/www.leconomiste.com\/sites\/default\/files\/eco7\/public\/styles\/800x400\/public\/default_images\/default_une.jpg?itok=4jZlgnIZ\" width=\"660\" height=\"330\" alt=\"\"\/><\/a><\/div>\n<\/div>\n<div class=\" title_suite_2 col col-xs-12 col-lg-12\"> <a href=\"\/article\/1069964-un-super-groupement-universitaire\"\/><span class=\"field-content\">Un super groupement universitaire<\/span><\/div>\n<\/div>\n<\/div>\n<div class=\" col-xs-12 col-lg-4\">\n<div class=\"row\">\n<div class=\"col col-xs-12 col-lg-12\">\n<div class=\"field-content\"><a href=\"\/article\/1069962-cih-bank-renouvelle-sa-quadruple-certification-iso-9001\"><img loading=\"lazy\" decoding=\"async\" class=\"img-responsive\" typeof=\"foaf:Image\" src=\"https:\/\/www.leconomiste.com\/sites\/default\/files\/eco7\/public\/styles\/800x400\/public\/default_images\/default_une.jpg?itok=4jZlgnIZ\" width=\"660\" height=\"330\" alt=\"\"\/><\/a><\/div>\n<\/div>\n<div class=\" title_suite_2 col col-xs-12 col-lg-12\"> <a href=\"\/article\/1069962-cih-bank-renouvelle-sa-quadruple-certification-iso-9001\"\/><span class=\"field-content\">CIH Bank renouvelle sa quadruple certification ISO 9001<\/span><\/div>\n<\/div>\n<\/div>\n<\/div>\n<\/div>\n<\/div>\n<\/div>\n<\/div>\n<p>Auteur: hlafriqi<br \/>\n<a href=\"https:\/\/www.leconomiste.com\/article\/1069963-le-label-cgem-pour-label-vie\">Cliquez ici pour lire l&rsquo;article depuis sa source.<\/a><\/p>\n","protected":false},"excerpt":{"rendered":"<p>Une premi\u00e8re dans la grande distribution au Maroc. Le groupe Labe\u2019Vie vient d\u2019obtenir le label de la Responsabilit\u00e9 soci\u00e9tale des entreprises de la CGEM. L\u2019obtention de ce label fait suite \u00e0 l\u2019\u00e9valuation de l\u2019agence de notation extra-financi\u00e8re Vigeo au regard de l&rsquo;ensemble des crit\u00e8res d\u00e9finis dans la Charte de responsabilit\u00e9 sociale RSE de la CGEM, [&hellip;]<\/p>\n","protected":false},"author":1763,"featured_media":0,"comment_status":"closed","ping_status":"closed","sticky":false,"template":"","format":"standard","meta":{"fifu_image_url":"","fifu_image_alt":"","footnotes":""},"categories":[78,54],"tags":[],"class_list":["post-105599","post","type-post","status-publish","format-standard","hentry","category-economie","category-maroc"],"_links":{"self":[{"href":"https:\/\/linitiative.ca\/International\/wp-json\/wp\/v2\/posts\/105599","targetHints":{"allow":["GET"]}}],"collection":[{"href":"https:\/\/linitiative.ca\/International\/wp-json\/wp\/v2\/posts"}],"about":[{"href":"https:\/\/linitiative.ca\/International\/wp-json\/wp\/v2\/types\/post"}],"author":[{"embeddable":true,"href":"https:\/\/linitiative.ca\/International\/wp-json\/wp\/v2\/users\/1763"}],"replies":[{"embeddable":true,"href":"https:\/\/linitiative.ca\/International\/wp-json\/wp\/v2\/comments?post=105599"}],"version-history":[{"count":0,"href":"https:\/\/linitiative.ca\/International\/wp-json\/wp\/v2\/posts\/105599\/revisions"}],"wp:attachment":[{"href":"https:\/\/linitiative.ca\/International\/wp-json\/wp\/v2\/media?parent=105599"}],"wp:term":[{"taxonomy":"category","embeddable":true,"href":"https:\/\/linitiative.ca\/International\/wp-json\/wp\/v2\/categories?post=105599"},{"taxonomy":"post_tag","embeddable":true,"href":"https:\/\/linitiative.ca\/International\/wp-json\/wp\/v2\/tags?post=105599"}],"curies":[{"name":"wp","href":"https:\/\/api.w.org\/{rel}","templated":true}]}}