{"id":105601,"date":"2020-11-24T14:53:26","date_gmt":"2020-11-24T19:53:26","guid":{"rendered":"https:\/\/linitiative.ca\/International\/covid-19-les-cliniques-privees-sous-controle\/"},"modified":"2020-11-24T14:53:26","modified_gmt":"2020-11-24T19:53:26","slug":"covid-19-les-cliniques-privees-sous-controle","status":"publish","type":"post","link":"https:\/\/linitiative.ca\/International\/covid-19-les-cliniques-privees-sous-controle\/","title":{"rendered":"Covid-19: Les cliniques priv\u00e9es sous contr\u00f4le"},"content":{"rendered":"<div id=\"article\">\n<div class=\"field field-name-body field-type-text-with-summary field-label-hidden\">\n<div class=\"field-items\" readability=\"10.5\">\n<div class=\"field-item even\" property=\"content:encoded\" readability=\"16\">\n<p class=\"rtejustify\">Face aux prix appliqu\u00e9s par les cliniques priv\u00e9es pour la prise en charge des patients Covid-19, le minist\u00e8re de la Sant\u00e9 hausse le ton. Une commission centrale et des commissions r\u00e9gionales ont \u00e9t\u00e9 mises en place afin d\u2019assurer le suivi et le contr\u00f4le des tarifs. La premi\u00e8re est compos\u00e9e de l\u2019Inspection g\u00e9n\u00e9rale du minist\u00e8re, de l\u2019Agence nationale de l\u2019assurance maladie (ANAM) et de l\u2019Ordre national des m\u00e9decins. Quant aux commissions r\u00e9gionales, elles sont compos\u00e9es des inspecteurs r\u00e9gionaux relevant du d\u00e9partement de la Sant\u00e9 et des repr\u00e9sentants des conseils r\u00e9gionaux de l\u2019Ordre national des m\u00e9decins, en coordination avec l\u2019ANAM. \u00abTout d\u00e9passement des grilles tarifaires sera trait\u00e9 avec vigueur\u00bb, insiste le ministre de tutelle, Khalid Ait Taleb. Il promet \u00e9galement de trouver des solutions aux contraintes des cliniques priv\u00e9es li\u00e9es au co\u00fbt de la prise en charge des patients Covid-19.<br \/><em>\u00a0T.E.G.<\/em><\/p>\n<\/div>\n<\/div>\n<\/div>\n<\/div>\n<div class=\"eco-conseil\">\n<div class=\"view view-eco-conseil-16 view-id-eco_conseil_16 view-display-id-cookies view-dom-id-3e4ec6846fc9051e8200c7c410b01207\">\n<div class=\"view-content\">\n<div id=\"views-bootstrap-grid-1\" class=\"views-bootstrap-grid-plugin-style\">\n<div class=\"row\">\n<div class=\" col-xs-12 col-lg-4\">\n<div class=\"row\">\n<div class=\"col col-xs-12 col-lg-12\">\n<div class=\"field-content\"><a href=\"\/article\/1069964-un-super-groupement-universitaire\"><img loading=\"lazy\" decoding=\"async\" class=\"img-responsive\" typeof=\"foaf:Image\" src=\"https:\/\/www.leconomiste.com\/sites\/default\/files\/eco7\/public\/styles\/800x400\/public\/default_images\/default_une.jpg?itok=4jZlgnIZ\" width=\"660\" height=\"330\" alt=\"\"\/><\/a><\/div>\n<\/div>\n<div class=\" title_suite_2 col col-xs-12 col-lg-12\"> <a href=\"\/article\/1069964-un-super-groupement-universitaire\"\/><span class=\"field-content\">Un super groupement universitaire<\/span><\/div>\n<\/div>\n<\/div>\n<div class=\" col-xs-12 col-lg-4\">\n<div class=\"row\">\n<div class=\"col col-xs-12 col-lg-12\">\n<div class=\"field-content\"><a href=\"\/article\/1069963-le-label-cgem-pour-label-vie\"><img loading=\"lazy\" decoding=\"async\" class=\"img-responsive\" typeof=\"foaf:Image\" src=\"https:\/\/www.leconomiste.com\/sites\/default\/files\/eco7\/public\/styles\/800x400\/public\/default_images\/default_une.jpg?itok=4jZlgnIZ\" width=\"660\" height=\"330\" alt=\"\"\/><\/a><\/div>\n<\/div>\n<div class=\" title_suite_2 col col-xs-12 col-lg-12\"> <a href=\"\/article\/1069963-le-label-cgem-pour-label-vie\"\/><span class=\"field-content\">Le label CGEM pour Label\u2019Vie<\/span><\/div>\n<\/div>\n<\/div>\n<div class=\" col-xs-12 col-lg-4\">\n<div class=\"row\">\n<div class=\"col col-xs-12 col-lg-12\">\n<div class=\"field-content\"><a href=\"\/article\/1069962-cih-bank-renouvelle-sa-quadruple-certification-iso-9001\"><img loading=\"lazy\" decoding=\"async\" class=\"img-responsive\" typeof=\"foaf:Image\" src=\"https:\/\/www.leconomiste.com\/sites\/default\/files\/eco7\/public\/styles\/800x400\/public\/default_images\/default_une.jpg?itok=4jZlgnIZ\" width=\"660\" height=\"330\" alt=\"\"\/><\/a><\/div>\n<\/div>\n<div class=\" title_suite_2 col col-xs-12 col-lg-12\"> <a href=\"\/article\/1069962-cih-bank-renouvelle-sa-quadruple-certification-iso-9001\"\/><span class=\"field-content\">CIH Bank renouvelle sa quadruple certification ISO 9001<\/span><\/div>\n<\/div>\n<\/div>\n<\/div>\n<\/div>\n<\/div>\n<\/div>\n<\/div>\n<p>Auteur: hlafriqi<br \/>\n<a href=\"https:\/\/www.leconomiste.com\/article\/1069965-covid-19-les-cliniques-privees-sous-controle\">Cliquez ici pour lire l&rsquo;article depuis sa source.<\/a><\/p>\n","protected":false},"excerpt":{"rendered":"<p>Face aux prix appliqu\u00e9s par les cliniques priv\u00e9es pour la prise en charge des patients Covid-19, le minist\u00e8re de la Sant\u00e9 hausse le ton. Une commission centrale et des commissions r\u00e9gionales ont \u00e9t\u00e9 mises en place afin d\u2019assurer le suivi et le contr\u00f4le des tarifs. La premi\u00e8re est compos\u00e9e de l\u2019Inspection g\u00e9n\u00e9rale du minist\u00e8re, de [&hellip;]<\/p>\n","protected":false},"author":1763,"featured_media":0,"comment_status":"closed","ping_status":"closed","sticky":false,"template":"","format":"standard","meta":{"fifu_image_url":"","fifu_image_alt":"","footnotes":""},"categories":[78,54],"tags":[],"class_list":["post-105601","post","type-post","status-publish","format-standard","hentry","category-economie","category-maroc"],"_links":{"self":[{"href":"https:\/\/linitiative.ca\/International\/wp-json\/wp\/v2\/posts\/105601","targetHints":{"allow":["GET"]}}],"collection":[{"href":"https:\/\/linitiative.ca\/International\/wp-json\/wp\/v2\/posts"}],"about":[{"href":"https:\/\/linitiative.ca\/International\/wp-json\/wp\/v2\/types\/post"}],"author":[{"embeddable":true,"href":"https:\/\/linitiative.ca\/International\/wp-json\/wp\/v2\/users\/1763"}],"replies":[{"embeddable":true,"href":"https:\/\/linitiative.ca\/International\/wp-json\/wp\/v2\/comments?post=105601"}],"version-history":[{"count":0,"href":"https:\/\/linitiative.ca\/International\/wp-json\/wp\/v2\/posts\/105601\/revisions"}],"wp:attachment":[{"href":"https:\/\/linitiative.ca\/International\/wp-json\/wp\/v2\/media?parent=105601"}],"wp:term":[{"taxonomy":"category","embeddable":true,"href":"https:\/\/linitiative.ca\/International\/wp-json\/wp\/v2\/categories?post=105601"},{"taxonomy":"post_tag","embeddable":true,"href":"https:\/\/linitiative.ca\/International\/wp-json\/wp\/v2\/tags?post=105601"}],"curies":[{"name":"wp","href":"https:\/\/api.w.org\/{rel}","templated":true}]}}