{"id":105603,"date":"2020-11-24T11:30:00","date_gmt":"2020-11-24T16:30:00","guid":{"rendered":"https:\/\/linitiative.ca\/International\/ahmad-ahmad-suspendu-par-la-fifa-pour-5-ans\/"},"modified":"2020-11-24T11:30:00","modified_gmt":"2020-11-24T16:30:00","slug":"ahmad-ahmad-suspendu-par-la-fifa-pour-5-ans","status":"publish","type":"post","link":"https:\/\/linitiative.ca\/International\/ahmad-ahmad-suspendu-par-la-fifa-pour-5-ans\/","title":{"rendered":"Ahmad Ahmad suspendu par la FIFA pour 5 ans !"},"content":{"rendered":"<p class=\"p1 c3\"><span class=\"c2\">La F\u00e9d\u00e9ration Internationale de Football a d\u00e9cid\u00e9 de suspendre le pr\u00e9sident en exercice de la CAF, le Malgache Ahmed Ahmad pour une p\u00e9riode de cinq ans , pour mauvaise gestion financi\u00e8re.<\/span><\/p>\n<p class=\"p1 c3\"><span class=\"c2\">Le communiqu\u00e9 de la FIFA a indiqu\u00e9 \u00e0 ce sujet que sa commission de discipline a rendu son verdict apr\u00e8s avoir obtenu des preuves irr\u00e9futables de d\u00e9passements financiers de la part de Ahmed\u00a0Ahmed.<span class=\"Apple-converted-space\">\u00a0<\/span><\/span><\/p>\n<p class=\"p1 c3\"><span class=\"c2\">En plus de l\u2019interdiction de toute activit\u00e9 sportive durant cette p\u00e9riode, le pr\u00e9sident de la CAF dont le mandat prendra fin normalement au mois de mars prochain s\u2019est vu, de surcro\u00eet,\u00a0 infliger par l\u2019instance internationale du football une amende de 200 mille francs suisses.<span class=\"Apple-converted-space\">\u00a0<\/span><\/span><\/p>\n<p class=\"p1 c3\"><span class=\"c2\">Notons \u00e0 cet \u00e9gard que la gestion de la CAF a fait l\u2019objet, l\u2019ann\u00e9e pr\u00e9c\u00e9dente d\u2019une investigation approfondie\u00a0de la part d\u2019une \u00e9quipe d\u2019inspection dirig\u00e9e par la secr\u00e9taire g\u00e9n\u00e9rale de la FIFA Fatma Samba Diouf\u00a0Samoura.<\/span><\/p>\n<p class=\"p2 c4\"><span class=\"c2\"><strong>Une suspension qui lui interdit\u00a0de briguer<span class=\"Apple-converted-space\">\u00a0<\/span><\/strong><\/span><\/p>\n<p class=\"p2 c4\"><span class=\"c2\"><strong>un deuxi\u00e8me mandat<\/strong><\/span><\/p>\n<p class=\"p1 c3\"><span class=\"c2\">Cette suspension interdit au Malgacge de briguer un second mandat \u00e0 la t\u00eate de la CAF. Il y a lieu de se rappeler \u00e0 ce sujet que le Malgache vient de\u00a0pr\u00e9senter sa candidature pour un deuxi\u00e8me mandat candidature qui a b\u00e9n\u00e9fici\u00e9 du soutien de la majorit\u00e9 des f\u00e9d\u00e9rations r\u00e9gionales affili\u00e9es \u00e0 la CAF dont, croyons-nous savoir, celle de la FTF\u00a0\u00a0<\/span><\/p>\n<p class=\"p3 c5\"><span class=\"c2\"><strong>Ameur<span class=\"Apple-converted-space\">\u00a0<\/span> KERKENNI<\/strong><\/span><\/p>\n<p>Auteur: letemps1<br \/>\n<a href=\"http:\/\/www.letemps.com.tn\/article\/118216\/ahmad-ahmad-suspendu-par-la-fifa-pour-5-ans\">Cliquez ici pour lire l&rsquo;article depuis sa source.<\/a><\/p>\n","protected":false},"excerpt":{"rendered":"<p>La F\u00e9d\u00e9ration Internationale de Football a d\u00e9cid\u00e9 de suspendre le pr\u00e9sident en exercice de la CAF, le Malgache Ahmed Ahmad pour une p\u00e9riode de cinq ans , pour mauvaise gestion financi\u00e8re. Le communiqu\u00e9 de la FIFA a indiqu\u00e9 \u00e0 ce sujet que sa commission de discipline a rendu son verdict apr\u00e8s avoir obtenu des preuves [&hellip;]<\/p>\n","protected":false},"author":1773,"featured_media":0,"comment_status":"closed","ping_status":"closed","sticky":false,"template":"","format":"standard","meta":{"fifu_image_url":"","fifu_image_alt":"","footnotes":""},"categories":[73,55],"tags":[],"class_list":["post-105603","post","type-post","status-publish","format-standard","hentry","category-actualite","category-tunisie"],"_links":{"self":[{"href":"https:\/\/linitiative.ca\/International\/wp-json\/wp\/v2\/posts\/105603","targetHints":{"allow":["GET"]}}],"collection":[{"href":"https:\/\/linitiative.ca\/International\/wp-json\/wp\/v2\/posts"}],"about":[{"href":"https:\/\/linitiative.ca\/International\/wp-json\/wp\/v2\/types\/post"}],"author":[{"embeddable":true,"href":"https:\/\/linitiative.ca\/International\/wp-json\/wp\/v2\/users\/1773"}],"replies":[{"embeddable":true,"href":"https:\/\/linitiative.ca\/International\/wp-json\/wp\/v2\/comments?post=105603"}],"version-history":[{"count":0,"href":"https:\/\/linitiative.ca\/International\/wp-json\/wp\/v2\/posts\/105603\/revisions"}],"wp:attachment":[{"href":"https:\/\/linitiative.ca\/International\/wp-json\/wp\/v2\/media?parent=105603"}],"wp:term":[{"taxonomy":"category","embeddable":true,"href":"https:\/\/linitiative.ca\/International\/wp-json\/wp\/v2\/categories?post=105603"},{"taxonomy":"post_tag","embeddable":true,"href":"https:\/\/linitiative.ca\/International\/wp-json\/wp\/v2\/tags?post=105603"}],"curies":[{"name":"wp","href":"https:\/\/api.w.org\/{rel}","templated":true}]}}