{"id":105606,"date":"2020-11-24T11:30:00","date_gmt":"2020-11-24T16:30:00","guid":{"rendered":"https:\/\/linitiative.ca\/International\/le-jackpot-pour-le-joueur-algerien-du-milan-ac-bennacer\/"},"modified":"2020-11-24T11:30:00","modified_gmt":"2020-11-24T16:30:00","slug":"le-jackpot-pour-le-joueur-algerien-du-milan-ac-bennacer","status":"publish","type":"post","link":"https:\/\/linitiative.ca\/International\/le-jackpot-pour-le-joueur-algerien-du-milan-ac-bennacer\/","title":{"rendered":"Le jackpot pour le joueur alg\u00e9rien du Milan AC, Bennacer\u00a0!"},"content":{"rendered":"<p class=\"p1 c3\"><span class=\"c2\">Arriv\u00e9 au Milan AC \u00e0 l\u2019\u00e9t\u00e9 2019, Isma\u00ebl Bennacer est devenu en peu de temps, l\u2019un des \u00e9l\u00e9ments cl\u00e9s de l\u2019effectif du club lombard. Et ses dirigeants pensent d\u00e9j\u00e0 \u00e0 sa prolongation.<\/span><\/p>\n<p class=\"p1 c3\"><span class=\"c2\">Indispensable en milieu de terrain, l\u2019Alg\u00e9rien fait saliver de grandes \u00e9curies europ\u00e9ennes. Manchester United et surtout le Paris Saint-Germain sont int\u00e9ress\u00e9s. Son profil pla\u00eet beaucoup \u00e0 Leonardo, le directeur sportif du club francilien. Celui-ci a d\u00e9j\u00e0 tent\u00e9 de le recruter l\u2019\u00e9t\u00e9 dernier sans succ\u00e8s, mais poursuit les discussions en vue d\u2019y arriver.<\/span><\/p>\n<p class=\"p1 c3\"><span class=\"c2\">Selon\u00a0Tuttosport, le travail de Bennacer, ajout\u00e9 aux convoitises poussent les dirigeants milanais \u00e0 entamer les discussions avec les repr\u00e9sentants de l\u2019Alg\u00e9rien, en vue de la prolongation de son contrat.<\/span><\/p>\n<p class=\"p1 c3\"><span class=\"c2\">Le quotidien italien indique par ailleurs que le Milan AC aurait surtout en t\u00eate d\u2019augmenter sensiblement le salaire d\u2019Ismael Bennacer puis sa clause lib\u00e9ratoire afin d\u2019\u00e9loigner les potentiels pr\u00e9tendants aussi bien lors du mercato hivernal que l\u2019\u00e9t\u00e9 prochain.<\/span><\/p>\n<p>Auteur: letemps1<br \/>\n<a href=\"http:\/\/www.letemps.com.tn\/article\/118219\/le-jackpot-pour-le-joueur-alg%C3%A9rien-du-milan-ac-bennacer%C2%A0\">Cliquez ici pour lire l&rsquo;article depuis sa source.<\/a><\/p>\n","protected":false},"excerpt":{"rendered":"<p>Arriv\u00e9 au Milan AC \u00e0 l\u2019\u00e9t\u00e9 2019, Isma\u00ebl Bennacer est devenu en peu de temps, l\u2019un des \u00e9l\u00e9ments cl\u00e9s de l\u2019effectif du club lombard. Et ses dirigeants pensent d\u00e9j\u00e0 \u00e0 sa prolongation. Indispensable en milieu de terrain, l\u2019Alg\u00e9rien fait saliver de grandes \u00e9curies europ\u00e9ennes. Manchester United et surtout le Paris Saint-Germain sont int\u00e9ress\u00e9s. Son profil [&hellip;]<\/p>\n","protected":false},"author":1773,"featured_media":0,"comment_status":"closed","ping_status":"closed","sticky":false,"template":"","format":"standard","meta":{"fifu_image_url":"","fifu_image_alt":"","footnotes":""},"categories":[73,55],"tags":[],"class_list":["post-105606","post","type-post","status-publish","format-standard","hentry","category-actualite","category-tunisie"],"_links":{"self":[{"href":"https:\/\/linitiative.ca\/International\/wp-json\/wp\/v2\/posts\/105606","targetHints":{"allow":["GET"]}}],"collection":[{"href":"https:\/\/linitiative.ca\/International\/wp-json\/wp\/v2\/posts"}],"about":[{"href":"https:\/\/linitiative.ca\/International\/wp-json\/wp\/v2\/types\/post"}],"author":[{"embeddable":true,"href":"https:\/\/linitiative.ca\/International\/wp-json\/wp\/v2\/users\/1773"}],"replies":[{"embeddable":true,"href":"https:\/\/linitiative.ca\/International\/wp-json\/wp\/v2\/comments?post=105606"}],"version-history":[{"count":0,"href":"https:\/\/linitiative.ca\/International\/wp-json\/wp\/v2\/posts\/105606\/revisions"}],"wp:attachment":[{"href":"https:\/\/linitiative.ca\/International\/wp-json\/wp\/v2\/media?parent=105606"}],"wp:term":[{"taxonomy":"category","embeddable":true,"href":"https:\/\/linitiative.ca\/International\/wp-json\/wp\/v2\/categories?post=105606"},{"taxonomy":"post_tag","embeddable":true,"href":"https:\/\/linitiative.ca\/International\/wp-json\/wp\/v2\/tags?post=105606"}],"curies":[{"name":"wp","href":"https:\/\/api.w.org\/{rel}","templated":true}]}}