{"id":105613,"date":"2020-11-24T15:13:21","date_gmt":"2020-11-24T20:13:21","guid":{"rendered":"https:\/\/linitiative.ca\/International\/pros-schalke-04-bentaleb-sanctionne-par-le-club-jusqua-nouvel-ordre\/"},"modified":"2020-11-24T15:13:21","modified_gmt":"2020-11-24T20:13:21","slug":"pros-schalke-04-bentaleb-sanctionne-par-le-club-jusqua-nouvel-ordre","status":"publish","type":"post","link":"https:\/\/linitiative.ca\/International\/pros-schalke-04-bentaleb-sanctionne-par-le-club-jusqua-nouvel-ordre\/","title":{"rendered":"Pros : Schalke 04 : Bentaleb sanctionn\u00e9 par le club jusqu&rsquo;\u00e0 nouvel ordre"},"content":{"rendered":"<div readability=\"32\">\n<p>Auteur : <span class=\"time\">mardi 24 novembre 2020 20:20<\/span><\/p>\n<\/div>\n<div id=\"post_core\" readability=\"42\">\n<p>Vedad Ibisevic, qui en est venu aux mains avec l&rsquo;adjoint Naldo, quittera lui le club le 31 d\u00e9cembre 2020.<\/p>\n<p>\u00ab\u00a0Compte tenu de la situation sportive difficile et des cinq matchs importants de Bundesliga jusqu&rsquo;aux vacances de No\u00ebl, la direction sportive du FC Schalke 04 a d\u00e9cid\u00e9 de prendre les d\u00e9cisions de personnel suivantes: Nabil Bentaleb et Amine Harit seront pris en charge par l&rsquo;\u00e9quipe d&rsquo;entra\u00eeneurs de l&rsquo;\u00e9quipe licenci\u00e9e jusqu&rsquo;\u00e0 nouvel ordre. s&rsquo;entra\u00eener individuellement. Le contrat avec Vedad Ibisevic sera r\u00e9sili\u00e9 le 31 d\u00e9cembre 2020\u00a0\u00bb, peut-on lire dans le communiqu\u00e9 comme rapport\u00e9 par Footmercato. Schalke 04 frappe fort.<\/p>\n<p><strong>Publi\u00e9 dans :<\/strong> <span>bentaleb<\/span><\/p>\n<\/div>\n<p>Auteur:<br \/>\n<a href=\"http:\/\/www.lebuteur.com\/article\/detail?titre=schalke-04-bentaleb-sanctionne-par-le-club-jusqua-nouvel-ordre&#038;id=98092&#038;utm_source=feedburner&#038;utm_medium=feed&#038;utm_campaign=Feed%3A+GalerieFArtciles+%28Les+derniers+articles++-+lebuteur.com%29\">Cliquez ici pour lire l&rsquo;article depuis sa source.<\/a><\/p>\n","protected":false},"excerpt":{"rendered":"<p>Auteur : mardi 24 novembre 2020 20:20 Vedad Ibisevic, qui en est venu aux mains avec l&rsquo;adjoint Naldo, quittera lui le club le 31 d\u00e9cembre 2020. \u00ab\u00a0Compte tenu de la situation sportive difficile et des cinq matchs importants de Bundesliga jusqu&rsquo;aux vacances de No\u00ebl, la direction sportive du FC Schalke 04 a d\u00e9cid\u00e9 de prendre [&hellip;]<\/p>\n","protected":false},"author":1738,"featured_media":105614,"comment_status":"closed","ping_status":"closed","sticky":false,"template":"","format":"standard","meta":{"fifu_image_url":"","fifu_image_alt":"","footnotes":""},"categories":[53,75],"tags":[],"class_list":["post-105613","post","type-post","status-publish","format-standard","has-post-thumbnail","hentry","category-algerie","category-sport"],"_links":{"self":[{"href":"https:\/\/linitiative.ca\/International\/wp-json\/wp\/v2\/posts\/105613","targetHints":{"allow":["GET"]}}],"collection":[{"href":"https:\/\/linitiative.ca\/International\/wp-json\/wp\/v2\/posts"}],"about":[{"href":"https:\/\/linitiative.ca\/International\/wp-json\/wp\/v2\/types\/post"}],"author":[{"embeddable":true,"href":"https:\/\/linitiative.ca\/International\/wp-json\/wp\/v2\/users\/1738"}],"replies":[{"embeddable":true,"href":"https:\/\/linitiative.ca\/International\/wp-json\/wp\/v2\/comments?post=105613"}],"version-history":[{"count":0,"href":"https:\/\/linitiative.ca\/International\/wp-json\/wp\/v2\/posts\/105613\/revisions"}],"wp:featuredmedia":[{"embeddable":true,"href":"https:\/\/linitiative.ca\/International\/wp-json\/"}],"wp:attachment":[{"href":"https:\/\/linitiative.ca\/International\/wp-json\/wp\/v2\/media?parent=105613"}],"wp:term":[{"taxonomy":"category","embeddable":true,"href":"https:\/\/linitiative.ca\/International\/wp-json\/wp\/v2\/categories?post=105613"},{"taxonomy":"post_tag","embeddable":true,"href":"https:\/\/linitiative.ca\/International\/wp-json\/wp\/v2\/tags?post=105613"}],"curies":[{"name":"wp","href":"https:\/\/api.w.org\/{rel}","templated":true}]}}