{"id":105619,"date":"2020-11-24T09:10:00","date_gmt":"2020-11-24T14:10:00","guid":{"rendered":"https:\/\/linitiative.ca\/International\/113243-foot-ligue-1-2020-2021-medouar-prone-l-union-pour-reussir-une-saison-exceptionnelle\/"},"modified":"2020-11-24T09:10:00","modified_gmt":"2020-11-24T14:10:00","slug":"113243-foot-ligue-1-2020-2021-medouar-prone-l-union-pour-reussir-une-saison-exceptionnelle","status":"publish","type":"post","link":"https:\/\/linitiative.ca\/International\/113243-foot-ligue-1-2020-2021-medouar-prone-l-union-pour-reussir-une-saison-exceptionnelle\/","title":{"rendered":"Foot \/ Ligue 1 (2020-2021) : Medouar pr\u00f4ne l\u2019union pour r\u00e9ussir une saison \u00ab\u00a0exceptionnelle\u00a0\u00bb"},"content":{"rendered":"<div readability=\"35.485465116279\">\n<p><strong>ALGER- Le pr\u00e9sident de la <em><a href=\"https:\/\/lfp.dz\/article\/view?id=2237\" target=\"_blank\" rel=\"noopener noreferrer\">Ligue de football professionnel<\/a><\/em> (LFP), Abdelkrim Medouar, a appel\u00e9 mardi l\u2019ensemble des acteurs de la discipline \u00e0 l'\u00a0\u00bbunion sacr\u00e9e\u00a0\u00bb pour r\u00e9ussir une saison 2020-2021 \u00ab\u00a0exceptionnelle\u00a0\u00bb, \u00e0 trois jours du d\u00e9but de la comp\u00e9tition,\u00a0 apr\u00e8s un arr\u00eat de huit mois caus\u00e9 par la pand\u00e9mie de coronavirus (Covid-19).<\/strong><\/p>\n<\/div>\n<div readability=\"125.5\">\n<p>\u00ab\u00a0Apr\u00e8s huit mois de repos forc\u00e9, la comp\u00e9tition va enfin d\u00e9buter, mais elle ne sera pas comme les pr\u00e9c\u00e9dentes. La conjoncture li\u00e9e au Covid-19 a fait qu\u2019un protocole sanitaire soit mis en place, dont la stricte application conduira \u00e0 la r\u00e9ussite du championnat. Je sais que ce ne sera pas facile. J\u2019appelle l\u2019ensemble des acteurs du football, y compris la presse sportive, \u00e0 l\u2019union sacr\u00e9e pour r\u00e9ussir cet exercice qui va se jouer dans des conditions exceptionnelles\u00a0\u00bb, a indiqu\u00e9 \u00e0 l\u2019APS le premier responsable de la LFP.<\/p>\n<p>En pr\u00e9sence de 20 clubs au lieu de 16, la Ligue 1 professionnelle va reprendre ses droits le week-end prochain, \u00e0 huis clos, avec le d\u00e9roulement de huit rencontres, alors que deux autres sont report\u00e9es \u00e0 une date ult\u00e9rieure.<\/p>\n<blockquote readability=\"9\">\n<p><strong><em>\u00ab\u00a0La r\u00e9ussite de la saison ne d\u00e9pend pas uniquement de la LFP ou de la FAF (F\u00e9d\u00e9ration alg\u00e9rienne de football), mais \u00e9galement des pouvoirs publics et des autorit\u00e9s locales, communales et de wilayas. C\u2019est un tout \u00e0 ne pas dissocier\u00a0\u00bb.<\/em><\/strong><\/p>\n<\/blockquote>\n<p>Avant de poursuivre : \u00ab\u00a0Je pense que le mur de la peur s\u2019est effondr\u00e9 avec le d\u00e9roulement de la Supercoupe d\u2019Alg\u00e9rie dans d\u2019excellentes conditions. J\u2019esp\u00e8re que les matchs de championnat auront lieu dans des conditions similaires pour r\u00e9ussir l\u2019entame de saison\u00a0\u00bb.<\/p>\n<p><strong>\u00ab\u00a0Certains clubs souffrent le martyre\u00a0\u00bb<\/strong><\/p>\n<p>Medouar a regrett\u00e9 la situation \u00ab\u00a0catastrophique\u00a0\u00bb de certains clubs sur le plan financier qui, selon ses propos, n\u2019ont re\u00e7u aucune subvention depuis le mois de septembre, ce qui les met d\u2019ores et d\u00e9j\u00e0 dans une position d\u00e9licate \u00e0 la veille du nouvel exercice.<\/p>\n<p>\u00ab\u00a0La majorit\u00e9 des clubs professionnels ne sont pas \u00e0 l\u2019aise sur le plan financier, ils vont se retrouver face \u00e0 de vrais soucis cette saison. L\u2019application du protocole sanitaire n\u00e9cessite beaucoup de moyens et d\u2019assistance. Il y aura des d\u00e9penses suppl\u00e9mentaires par rapport aux exercices pr\u00e9c\u00e9dents. Il y a un manque de sponsoring flagrant chez certaines \u00e9quipes, qui n\u2019ont re\u00e7u \u00e0 ce jour aucun centime depuis le d\u00e9but des entra\u00eenements (en septembre, ndlr), preuves \u00e0 l\u2019appui. Elles souffrent le martyre\u00a0\u00bb.<\/p>\n<p>Le pr\u00e9sident de l\u2019instance dirigeante de la comp\u00e9tition a r\u00e9it\u00e9r\u00e9 la volont\u00e9 de la LFP \u00e0 leur venir en aide, dans l\u2019optique notamment de l\u2019application du protocole sanitaire.<\/p>\n<blockquote readability=\"10\">\n<p><strong><em>\u00ab\u00a0Nous allons soumettre un projet au Bureau f\u00e9d\u00e9ral de la FAF, qui consiste \u00e0 prendre en charge les tests PCR de Covid-19 de l\u2019ensemble des clubs de l\u2019\u00e9lite et leurs \u00e9quipes de la r\u00e9serve. Nous avons eu l\u2019accord de principe du pr\u00e9sident (Kheireddine Zetchi, ndlr). Une d\u00e9marche qui va dans l\u2019int\u00e9r\u00eat g\u00e9n\u00e9ral des clubs\u00a0\u00bb.<\/em><\/strong><\/p>\n<\/blockquote>\n<p>Toutefois, le patron de la LFP a conditionn\u00e9 la r\u00e9alisation de ce projet par l\u2019\u00a0\u00bbentr\u00e9e dans les caisses de l\u2019argent repr\u00e9sentant les droits TV pour les deux saisons 2018-2019 et 2019-2020. Nous allons n\u00e9gocier avec les structures concern\u00e9es les prix des tests PCR pour un tarif attractif. Les d\u00e9penses li\u00e9es aux tests PCR seront d\u00e9bit\u00e9es des droits TV de l&rsquo;exercice<\/p>\n<p>2020-2021&Prime;.<\/p>\n<p><strong>\u00ab\u00a0Un championnat \u00e0 38 journ\u00e9es ? Aucune appr\u00e9hension\u00a0\u00bb<\/strong><\/p>\n<p>Concernant le volet programmation, qui a souvent provoqu\u00e9 des perturbations par le pass\u00e9, Medouar s\u2019est montr\u00e9 serein quant \u00e0 la possibilit\u00e9 de son instance \u00e0 \u00e9laborer un calendrier \u00ab\u00a0dans les r\u00e8gles de l\u2019art\u00a0\u00bb, pour un championnat qui va s&rsquo;\u00e9taler pour la premi\u00e8re fois sur 38 journ\u00e9es.<\/p>\n<blockquote readability=\"9\">\n<p><strong><em>\u00ab\u00a0Sur ce sujet, je n\u2019ai aucune appr\u00e9hension \u00e0 me faire. Nous avons d\u00e9j\u00e0 \u00e9tabli un calendrier pour les six premi\u00e8res journ\u00e9es de comp\u00e9tition. Nous avons d\u00e9cid\u00e9 d\u2019all\u00e9ger la programmation au d\u00e9but pour permettre aux clubs de monter crescendo dans le rythme apr\u00e8s une longue p\u00e9riode d\u2019inactivit\u00e9\u00a0\u00bb.<\/em><\/strong><\/p>\n<\/blockquote>\n<p>Pour les clubs engag\u00e9s dans les comp\u00e9titions continentales, Medouar a fait savoir qu\u2019une\u00a0 \u00ab\u00a0r\u00e9union est pr\u00e9vue la semaine prochaine avec les formations concern\u00e9es pour aborder ce volet. J\u2019esp\u00e8re qu\u2019il y aura une compr\u00e9hension et de la souplesse de leur part pour \u00e9viter un cumul de matchs en retard. La LFP va les aider certainement, \u00e0 eux de jouer le jeu\u00a0\u00bb.<\/p>\n<p>Interrog\u00e9 sur un \u00e9ventuel arr\u00eat du championnat pour des raisons sanitaires, comme cela avait \u00e9t\u00e9 le cas en mars dernier, Medouar n\u2019a pas voulu anticiper sur le sujet.<\/p>\n<p>\u00ab\u00a0En cas d\u2019\u00e9ventuelle d\u00e9cision des pouvoirs publics de suspendre le championnat, on n\u2019aura pas d\u2019autre choix que d\u2019accepter. Je ne peux pas anticiper sur cette question. Je suis bien \u00e9videmment contre l\u2019id\u00e9e d\u2019arr\u00eater la comp\u00e9tition, du moment que nous devons cohabiter avec le virus, tout en restant vigilants\u00a0\u00bb.<\/p>\n<p>Enfin, l&rsquo;ancien pr\u00e9sident de l&rsquo;ASO Chlef a estim\u00e9 que le titre de la saison 2020-2021 sera \u00ab\u00a0\u00e2prement disput\u00e9 entre plusieurs clubs, du moment que la programmation des matchs \u00e0 huis clos va cette fois-ci changer la donne\u00a0\u00bb.<\/p>\n<\/div>\n<p>Auteur:<br \/>\n<a href=\"http:\/\/www.aps.dz\/sport\/113243-foot-ligue-1-2020-2021-medouar-prone-l-union-pour-reussir-une-saison-exceptionnelle?utm_source=feedburner&#038;utm_medium=feed&#038;utm_campaign=Feed%3A+aps-sport+%28APS+-+SPORT%29\">Cliquez ici pour lire l&rsquo;article depuis sa source.<\/a><\/p>\n","protected":false},"excerpt":{"rendered":"<p>ALGER- Le pr\u00e9sident de la Ligue de football professionnel (LFP), Abdelkrim Medouar, a appel\u00e9 mardi l\u2019ensemble des acteurs de la discipline \u00e0 l&rsquo;\u00a0\u00bbunion sacr\u00e9e\u00a0\u00bb pour r\u00e9ussir une saison 2020-2021 \u00ab\u00a0exceptionnelle\u00a0\u00bb, \u00e0 trois jours du d\u00e9but de la comp\u00e9tition,\u00a0 apr\u00e8s un arr\u00eat de huit mois caus\u00e9 par la pand\u00e9mie de coronavirus (Covid-19). \u00ab\u00a0Apr\u00e8s huit mois de [&hellip;]<\/p>\n","protected":false},"author":1790,"featured_media":0,"comment_status":"closed","ping_status":"closed","sticky":false,"template":"","format":"standard","meta":{"fifu_image_url":"","fifu_image_alt":"","footnotes":""},"categories":[53,75],"tags":[],"class_list":["post-105619","post","type-post","status-publish","format-standard","hentry","category-algerie","category-sport"],"_links":{"self":[{"href":"https:\/\/linitiative.ca\/International\/wp-json\/wp\/v2\/posts\/105619","targetHints":{"allow":["GET"]}}],"collection":[{"href":"https:\/\/linitiative.ca\/International\/wp-json\/wp\/v2\/posts"}],"about":[{"href":"https:\/\/linitiative.ca\/International\/wp-json\/wp\/v2\/types\/post"}],"author":[{"embeddable":true,"href":"https:\/\/linitiative.ca\/International\/wp-json\/wp\/v2\/users\/1790"}],"replies":[{"embeddable":true,"href":"https:\/\/linitiative.ca\/International\/wp-json\/wp\/v2\/comments?post=105619"}],"version-history":[{"count":0,"href":"https:\/\/linitiative.ca\/International\/wp-json\/wp\/v2\/posts\/105619\/revisions"}],"wp:attachment":[{"href":"https:\/\/linitiative.ca\/International\/wp-json\/wp\/v2\/media?parent=105619"}],"wp:term":[{"taxonomy":"category","embeddable":true,"href":"https:\/\/linitiative.ca\/International\/wp-json\/wp\/v2\/categories?post=105619"},{"taxonomy":"post_tag","embeddable":true,"href":"https:\/\/linitiative.ca\/International\/wp-json\/wp\/v2\/tags?post=105619"}],"curies":[{"name":"wp","href":"https:\/\/api.w.org\/{rel}","templated":true}]}}