{"id":105622,"date":"2020-11-24T09:46:00","date_gmt":"2020-11-24T14:46:00","guid":{"rendered":"https:\/\/linitiative.ca\/International\/depuis-lapparition-du-coronavirus-deces-de-120-employes-de-la-sante\/"},"modified":"2020-11-24T09:46:00","modified_gmt":"2020-11-24T14:46:00","slug":"depuis-lapparition-du-coronavirus-deces-de-120-employes-de-la-sante","status":"publish","type":"post","link":"https:\/\/linitiative.ca\/International\/depuis-lapparition-du-coronavirus-deces-de-120-employes-de-la-sante\/","title":{"rendered":"DEPUIS L&rsquo;APPARITION DU CORONAVIRUS : D\u00e9c\u00e8s de 120 employ\u00e9s de la Sant\u00e9"},"content":{"rendered":"<p><br id=\"sep_para_1\" class=\"sep_para access\"\/><\/p>\n<div id=\"para_1\" class=\"para_39657949 resize\">\n<div class=\"texte access firstletter\">Le Directeur de la pr\u00e9vention et la promotion de la sant\u00e9, Dr. Djamel Fourar a fait \u00e9tat de 120 employ\u00e9s du secteur de la sant\u00e9 d\u00e9c\u00e9d\u00e9s et 9.146 autres contamin\u00e9s depuis l&rsquo;apparition du coronavirus en Alg\u00e9rie. Invit\u00e9 \u00e0 la radio nationale en compagnie du ministre de la Sant\u00e9, Abderrahmane Benbouzid et du DG de l&rsquo;INSP, Pr. Lyes Rahal, le porte-parole du Comit\u00e9 de suivi de l&rsquo;\u00e9volution du coronavirus, a pr\u00e9cis\u00e9, en chiffres, que \u00ab\u00a0jusque-l\u00e0 120 employ\u00e9s de la sant\u00e9, tous corps confondus, ont trouv\u00e9 la mort et 9.146 autres ont \u00e9t\u00e9 contamin\u00e9 par le virus\u00a0\u00bb. Pr. Abderrazak Bouamra avait alert\u00e9 sur la s\u00e9ropr\u00e9valence du Sars-Cov-2 en milieu professionnel hospitalier, les professionnels \u00e9tant \u00ab\u00a0\u00e0 l&rsquo;avant-garde dans la prise en charge des citoyens\u00a0\u00bb, indiquant que les r\u00e9sultats de l&rsquo;\u00e9tude men\u00e9e en collaboration avec l&rsquo;institut Pasteur d&rsquo;Alger, ont fait ressortir un taux de 17,1% des personnels soignants test\u00e9s positifs au coronavirus \u00e0 l&rsquo;h\u00f4pital Frantz Fanon de Blida. La wilaya de Blida est consid\u00e9r\u00e9e comme l\u2019\u00e9picentre de la pand\u00e9mie en Alg\u00e9rie et un \u00e9chantillon pr\u00e9cieux pour l\u2019\u00e9tude, a soulign\u00e9 Pr. Bouamra, indiquant que le taux de s\u00e9ropr\u00e9valence chez les param\u00e9dicaux, m\u00e9decins g\u00e9n\u00e9ralistes et pharmaciens \u00e9taient les plus touch\u00e9s, par rapport au personnel administratif et autres corps. De son c\u00f4t\u00e9, M. Benbouzid avait jug\u00e9 imp\u00e9ratif de \u00ab\u00a0prot\u00e9ger ces corps\u00a0\u00bb, en respectant scrupuleusement les gestes barri\u00e8res afin de casser la cha\u00eene de contagion et desserrer l&rsquo;\u00e9tau sur les \u00e9tablissements de sant\u00e9.\u00a0<\/div>\n<\/div>\n<p>Auteur: Nadine<br \/>\n<a href=\"https:\/\/www.reflexiondz.net\/DEPUIS-L-APPARITION-DU-CORONAVIRUS-Deces-de-120-employes-de-la-Sante_a66421.html\">Cliquez ici pour lire l&rsquo;article depuis sa source.<\/a><\/p>\n","protected":false},"excerpt":{"rendered":"<p>Le Directeur de la pr\u00e9vention et la promotion de la sant\u00e9, Dr. Djamel Fourar a fait \u00e9tat de 120 employ\u00e9s du secteur de la sant\u00e9 d\u00e9c\u00e9d\u00e9s et 9.146 autres contamin\u00e9s depuis l&rsquo;apparition du coronavirus en Alg\u00e9rie. Invit\u00e9 \u00e0 la radio nationale en compagnie du ministre de la Sant\u00e9, Abderrahmane Benbouzid et du DG de l&rsquo;INSP, [&hellip;]<\/p>\n","protected":false},"author":1740,"featured_media":0,"comment_status":"closed","ping_status":"closed","sticky":false,"template":"","format":"standard","meta":{"fifu_image_url":"","fifu_image_alt":"","footnotes":""},"categories":[53,76],"tags":[],"class_list":["post-105622","post","type-post","status-publish","format-standard","hentry","category-algerie","category-regions"],"_links":{"self":[{"href":"https:\/\/linitiative.ca\/International\/wp-json\/wp\/v2\/posts\/105622","targetHints":{"allow":["GET"]}}],"collection":[{"href":"https:\/\/linitiative.ca\/International\/wp-json\/wp\/v2\/posts"}],"about":[{"href":"https:\/\/linitiative.ca\/International\/wp-json\/wp\/v2\/types\/post"}],"author":[{"embeddable":true,"href":"https:\/\/linitiative.ca\/International\/wp-json\/wp\/v2\/users\/1740"}],"replies":[{"embeddable":true,"href":"https:\/\/linitiative.ca\/International\/wp-json\/wp\/v2\/comments?post=105622"}],"version-history":[{"count":0,"href":"https:\/\/linitiative.ca\/International\/wp-json\/wp\/v2\/posts\/105622\/revisions"}],"wp:attachment":[{"href":"https:\/\/linitiative.ca\/International\/wp-json\/wp\/v2\/media?parent=105622"}],"wp:term":[{"taxonomy":"category","embeddable":true,"href":"https:\/\/linitiative.ca\/International\/wp-json\/wp\/v2\/categories?post=105622"},{"taxonomy":"post_tag","embeddable":true,"href":"https:\/\/linitiative.ca\/International\/wp-json\/wp\/v2\/tags?post=105622"}],"curies":[{"name":"wp","href":"https:\/\/api.w.org\/{rel}","templated":true}]}}