{"id":105623,"date":"2020-11-24T09:46:00","date_gmt":"2020-11-24T14:46:00","guid":{"rendered":"https:\/\/linitiative.ca\/International\/sahara-occidental-le-maroc-plante-des-mines-a-el-guerguerat\/"},"modified":"2020-11-24T09:46:00","modified_gmt":"2020-11-24T14:46:00","slug":"sahara-occidental-le-maroc-plante-des-mines-a-el-guerguerat","status":"publish","type":"post","link":"https:\/\/linitiative.ca\/International\/sahara-occidental-le-maroc-plante-des-mines-a-el-guerguerat\/","title":{"rendered":"Sahara occidental:  le Maroc plante des mines \u00e0 El-Guerguerat"},"content":{"rendered":"<p><br id=\"sep_para_1\" class=\"sep_para access\"\/><\/p>\n<div id=\"para_1\" class=\"para_39658001 resize\">\n<div class=\"photo shadow left\"><a href=\"javascript:void(0)\" rel=\"https:\/\/www.reflexiondz.net\/photo\/art\/grande\/51763557-39658001.jpg?v=1606231070&amp;ibox\" title=\"Sahara occidental: le Maroc plante des mines \u00e0 El-Guerguerat\"><img decoding=\"async\" class=\"responsive c9\" src=\"https:\/\/www.reflexiondz.net\/photo\/art\/grande\/51763557-39658001.jpg?v=1606231070\" alt=\"Sahara occidental: le Maroc plante des mines \u00e0 El-Guerguerat\" title=\"Sahara occidental: le Maroc plante des mines \u00e0 El-Guerguerat\"\/><img decoding=\"async\" class=\"not-responsive\" src=\"https:\/\/www.reflexiondz.net\/photo\/art\/default\/51763557-39658001.jpg?v=1606231072\" alt=\"Sahara occidental: le Maroc plante des mines \u00e0 El-Guerguerat\" title=\"Sahara occidental: le Maroc plante des mines \u00e0 El-Guerguerat\"\/><\/a><\/div>\n<div class=\"texte access firstletter\">L&rsquo;implantation par le Maroc de milliers de mines antipersonnel et antichar le long du nouveau mur est une perte \u00ab\u00a0injustifi\u00e9e\u00a0\u00bb des efforts d\u00e9ploy\u00e9s durant de longues ann\u00e9es dans la lutte anti mines, a affirm\u00e9 le Bureau sahraoui de coordination des actions anti-mines (SMACO). \u00ab\u00a0Sur rapports fiables parvenus d&rsquo;El-Guerguerat, l\u2019arm\u00e9e de l\u2019occupation a proc\u00e9d\u00e9, apr\u00e8s l\u2019\u00e9dification du nouveau mur, \u00e0 l\u2019implantation de milliers de mines antipersonnel et antichars\u00a0\u00bb, a d\u00e9nonc\u00e9 le SMACO dans un communiqu\u00e9 rapport\u00e9 par l\u2019agence SPS. Et de relever \u00ab\u00a0ces explosifs ainsi que la pollution entrain\u00e9e par l\u2019utilisation des diff\u00e9rentes munitions feront de nombreuses victimes parmi des civils, et aggraveront m\u00eame la trag\u00e9die quotidienne que vivent les Sahraouis livr\u00e9s au d\u00e9placement et \u00e0 l\u2019expulsion\u00a0\u00bb. \u00ab\u00a0Une telle attitude ne constitue pas seulement une transgression \u00e9hont\u00e9e des deux accords militaires 1 et 2, sinon une perte injustifi\u00e9e des efforts fournis, des ann\u00e9es durant, dans la lutte anti mines\u00a0\u00bb, rapporte l\u2019agence de presse SPS. Pour le SMACO, la rupture du cessez-le-feu par le Maroc le 13 novembre courant \u00e0 El-Guerguarat vient r\u00e9duire \u00e0 n\u00e9ant 14 ann\u00e9es d&rsquo;efforts consentis pour d\u00e9miner l&rsquo;est du mur et \u00e9purer quelque 149.6 millions M\u00b2 des territoires lib\u00e9r\u00e9s de la RASD, gr\u00e2ce aux efforts du gouvernement sahraoui, de l&rsquo;ONU et d&rsquo;autres acteurs internationaux. Cet acte sape aussi les efforts pour un monde sans mines en 2025, a-t-on ajout\u00e9.\u00a0\u00a0 Condamnant l&rsquo;utilisation des mines, sous toutes leurs formes, la m\u00eame instance a appel\u00e9 la communaut\u00e9 internationale et les organisations internationales comp\u00e9tentes \u00e0 \u00ab\u00a0faire pression sur le Maroc\u00a0\u00bb pour l&rsquo;amener \u00e0 cesser la pose de ces engins. \u00ab\u00a0Le Maroc doit savoir que la pose de ces mines, internationalement est interdite, en plus de compromettre in\u00e9luctablement les efforts de paix nationaux et internationaux, est de nature \u00e0 inciter \u00e0 la violence et \u00e0 \u00e9branler les efforts des donateurs internationaux\u00a0\u00bb, a ajout\u00e9 l&rsquo;instance sahraouie.\u00a0 Rappelant enfin que le \u00ab\u00a0Maroc demeure parmi les rares pays non signataires de la Convention sur l&rsquo;interdiction des mines antipersonnel\u00a0\u00bb, le SMACO a affirm\u00e9 que le r\u00e9gime marocain persiste dans l&rsquo;utilisation des mines antipersonnel en contradiction totale avec les prescriptions du droit international humanitaire, de la loi sur les droits de l&rsquo;homme et des conventions sign\u00e9es par les deux parties.<\/div>\n<\/div>\n<p>Auteur: R\u00e9flexion<br \/>\n<a href=\"https:\/\/www.reflexiondz.net\/Sahara-occidental-le-Maroc-plante-des-mines-a-El-Guerguerat_a66427.html\">Cliquez ici pour lire l&rsquo;article depuis sa source.<\/a><\/p>\n","protected":false},"excerpt":{"rendered":"<p>L&rsquo;implantation par le Maroc de milliers de mines antipersonnel et antichar le long du nouveau mur est une perte \u00ab\u00a0injustifi\u00e9e\u00a0\u00bb des efforts d\u00e9ploy\u00e9s durant de longues ann\u00e9es dans la lutte anti mines, a affirm\u00e9 le Bureau sahraoui de coordination des actions anti-mines (SMACO). \u00ab\u00a0Sur rapports fiables parvenus d&rsquo;El-Guerguerat, l\u2019arm\u00e9e de l\u2019occupation a proc\u00e9d\u00e9, apr\u00e8s l\u2019\u00e9dification [&hellip;]<\/p>\n","protected":false},"author":1740,"featured_media":0,"comment_status":"closed","ping_status":"closed","sticky":false,"template":"","format":"standard","meta":{"fifu_image_url":"","fifu_image_alt":"","footnotes":""},"categories":[53,76],"tags":[],"class_list":["post-105623","post","type-post","status-publish","format-standard","hentry","category-algerie","category-regions"],"_links":{"self":[{"href":"https:\/\/linitiative.ca\/International\/wp-json\/wp\/v2\/posts\/105623","targetHints":{"allow":["GET"]}}],"collection":[{"href":"https:\/\/linitiative.ca\/International\/wp-json\/wp\/v2\/posts"}],"about":[{"href":"https:\/\/linitiative.ca\/International\/wp-json\/wp\/v2\/types\/post"}],"author":[{"embeddable":true,"href":"https:\/\/linitiative.ca\/International\/wp-json\/wp\/v2\/users\/1740"}],"replies":[{"embeddable":true,"href":"https:\/\/linitiative.ca\/International\/wp-json\/wp\/v2\/comments?post=105623"}],"version-history":[{"count":0,"href":"https:\/\/linitiative.ca\/International\/wp-json\/wp\/v2\/posts\/105623\/revisions"}],"wp:attachment":[{"href":"https:\/\/linitiative.ca\/International\/wp-json\/wp\/v2\/media?parent=105623"}],"wp:term":[{"taxonomy":"category","embeddable":true,"href":"https:\/\/linitiative.ca\/International\/wp-json\/wp\/v2\/categories?post=105623"},{"taxonomy":"post_tag","embeddable":true,"href":"https:\/\/linitiative.ca\/International\/wp-json\/wp\/v2\/tags?post=105623"}],"curies":[{"name":"wp","href":"https:\/\/api.w.org\/{rel}","templated":true}]}}