{"id":105624,"date":"2020-11-24T09:46:00","date_gmt":"2020-11-24T14:46:00","guid":{"rendered":"https:\/\/linitiative.ca\/International\/le-ministre-belhimer-affirme-elaboration-dun-projet-de-loi-sur-la-publicite\/"},"modified":"2020-11-24T09:46:00","modified_gmt":"2020-11-24T14:46:00","slug":"le-ministre-belhimer-affirme-elaboration-dun-projet-de-loi-sur-la-publicite","status":"publish","type":"post","link":"https:\/\/linitiative.ca\/International\/le-ministre-belhimer-affirme-elaboration-dun-projet-de-loi-sur-la-publicite\/","title":{"rendered":"LE MINISTRE BELHIMER AFFIRME :   Elaboration d\u2019un projet  de loi sur la publicit\u00e9"},"content":{"rendered":"<p><br id=\"sep_para_1\" class=\"sep_para access\"\/><\/p>\n<div id=\"para_1\" class=\"para_39657946 resize\">\n<div class=\"texte access firstletter\">Dans un entretien diffus\u00e9 sur le site \u00e9lectronique \u00ab\u00a0Dzair-Tube\u00a0\u00bb, le ministre a pr\u00e9cis\u00e9 que \u00ab\u00a0la publicit\u00e9 n\u00e9cessite une r\u00e9gulation urgente pour \u00e9viter l&rsquo;anarchie et certaines pratiques n\u00e9gatives et non professionnelles\u00a0\u00bb, annon\u00e7ant que le minist\u00e8re \u00e9tait en passe\u00a0 d'\u00a0\u00bb\u00e9laborer un projet de loi sur la publicit\u00e9, \u00e0 m\u00eame de corriger les dysfonctionnements enregistr\u00e9s sur le terrain\u00a0\u00bb. \u00ab\u00a0Pour ce faire et \u00e0 titre transitoire, il a \u00e9t\u00e9 proc\u00e9d\u00e9 \u00e0 la mise en place de 15 crit\u00e8res objectifs pour b\u00e9n\u00e9ficier de la publicit\u00e9 publique, ces crit\u00e8res devant \u00eatre mis en \u0153uvre au d\u00e9but du mois de janvier 2021\u00a0\u00bb, a-t-il expliqu\u00e9. Par ailleurs, le ministre a affirm\u00e9 que la derni\u00e8re r\u00e9vision constitutionnelle avait \u00ab\u00a0consacr\u00e9 la libert\u00e9 de la presse et renforc\u00e9 son exercice\u00a0\u00bb, ce qui impliquerait \u00ab\u00a0de tenir compte des derniers d\u00e9veloppements et des acquis remport\u00e9s lors du processus d&rsquo;adaptation des lois organiques\u00a0\u00bb. M. Belhimer a relev\u00e9, dans ce cadre, que l&rsquo;amendement et l&rsquo;actualisation de ces lois, \u00ab\u00a0seront op\u00e9r\u00e9s conform\u00e9ment \u00e0 la vision et aux cadres nouveaux\u00a0\u00bb pr\u00e9vus dans l&rsquo;amendement constitutionnel en mati\u00e8re d&rsquo;information et de communication. \u00ab\u00a0Les cadres juridiques et les textes r\u00e9gissant le secteur de la communication, en t\u00eate desquels la loi organique relative \u00e0 l&rsquo;information et la loi sur l&rsquo;activit\u00e9 audiovisuelle ainsi que celle sur la publicit\u00e9 constituent l&rsquo;objet d&rsquo;un des ateliers de r\u00e9forme adopt\u00e9s\u00a0\u00bb, a-t-il dit. Affirmant que le minist\u00e8re \u00ab\u00a0poursuivra l&rsquo;op\u00e9ration d&rsquo;actualisation et d&rsquo;\u00e9laboration des nouveaux textes en ad\u00e9quation avec le dernier amendement constitutionnel ainsi que les \u00e9volutions que connait le monde dans le domaine de l&rsquo;information et de la communication\u00a0\u00bb, le ministre de la\u00a0 Communication a mis en exergue que le secteur de la communication \u00ab\u00a0veille \u00e0 redoubler les efforts pour la r\u00e9ussite de l&rsquo;op\u00e9ration de num\u00e9risation\u00a0\u00bb.\u00a0\u00a0\u00a0 Il a fait savoir, dans ce sens, que \u00ab\u00a0des \u00e9tapes consid\u00e9rables\u00a0\u00bb avaient \u00e9t\u00e9 franchies jusqu&rsquo;\u00e0 ce jour dans le domaine du num\u00e9rique, notamment depuis le mois de juin dernier, o\u00f9 la transmission analogique a \u00e9t\u00e9 remplac\u00e9e par la transmission num\u00e9rique et ce dans les d\u00e9lais fix\u00e9s par l&rsquo;Union internationale des t\u00e9l\u00e9communications (UIT)\u00a0\u00bb.<\/div>\n<\/div>\n<p>Auteur: Ismain<br \/>\n<a href=\"https:\/\/www.reflexiondz.net\/LE-MINISTRE-BELHIMER-AFFIRME-Elaboration-d-un-projet-de-loi-sur-la-publicite_a66420.html\">Cliquez ici pour lire l&rsquo;article depuis sa source.<\/a><\/p>\n","protected":false},"excerpt":{"rendered":"<p>Dans un entretien diffus\u00e9 sur le site \u00e9lectronique \u00ab\u00a0Dzair-Tube\u00a0\u00bb, le ministre a pr\u00e9cis\u00e9 que \u00ab\u00a0la publicit\u00e9 n\u00e9cessite une r\u00e9gulation urgente pour \u00e9viter l&rsquo;anarchie et certaines pratiques n\u00e9gatives et non professionnelles\u00a0\u00bb, annon\u00e7ant que le minist\u00e8re \u00e9tait en passe\u00a0 d&rsquo;\u00a0\u00bb\u00e9laborer un projet de loi sur la publicit\u00e9, \u00e0 m\u00eame de corriger les dysfonctionnements enregistr\u00e9s sur le terrain\u00a0\u00bb. [&hellip;]<\/p>\n","protected":false},"author":1740,"featured_media":0,"comment_status":"closed","ping_status":"closed","sticky":false,"template":"","format":"standard","meta":{"fifu_image_url":"","fifu_image_alt":"","footnotes":""},"categories":[53,76],"tags":[],"class_list":["post-105624","post","type-post","status-publish","format-standard","hentry","category-algerie","category-regions"],"_links":{"self":[{"href":"https:\/\/linitiative.ca\/International\/wp-json\/wp\/v2\/posts\/105624","targetHints":{"allow":["GET"]}}],"collection":[{"href":"https:\/\/linitiative.ca\/International\/wp-json\/wp\/v2\/posts"}],"about":[{"href":"https:\/\/linitiative.ca\/International\/wp-json\/wp\/v2\/types\/post"}],"author":[{"embeddable":true,"href":"https:\/\/linitiative.ca\/International\/wp-json\/wp\/v2\/users\/1740"}],"replies":[{"embeddable":true,"href":"https:\/\/linitiative.ca\/International\/wp-json\/wp\/v2\/comments?post=105624"}],"version-history":[{"count":0,"href":"https:\/\/linitiative.ca\/International\/wp-json\/wp\/v2\/posts\/105624\/revisions"}],"wp:attachment":[{"href":"https:\/\/linitiative.ca\/International\/wp-json\/wp\/v2\/media?parent=105624"}],"wp:term":[{"taxonomy":"category","embeddable":true,"href":"https:\/\/linitiative.ca\/International\/wp-json\/wp\/v2\/categories?post=105624"},{"taxonomy":"post_tag","embeddable":true,"href":"https:\/\/linitiative.ca\/International\/wp-json\/wp\/v2\/tags?post=105624"}],"curies":[{"name":"wp","href":"https:\/\/api.w.org\/{rel}","templated":true}]}}