{"id":105635,"date":"2020-11-24T05:00:00","date_gmt":"2020-11-24T10:00:00","guid":{"rendered":"https:\/\/linitiative.ca\/International\/les-remarques-et-les-interrogations-des-senateurs\/"},"modified":"2020-11-24T05:00:00","modified_gmt":"2020-11-24T10:00:00","slug":"les-remarques-et-les-interrogations-des-senateurs","status":"publish","type":"post","link":"https:\/\/linitiative.ca\/International\/les-remarques-et-les-interrogations-des-senateurs\/","title":{"rendered":"Les remarques et les interrogations des s\u00e9nateurs"},"content":{"rendered":"<p>Le projet de loi de finances pour l\u2019ann\u00e9e 2021 intervient dans une conjoncture in\u00e9dite frapp\u00e9e du double sceau d\u2019une crise sanitaire aigu\u00eb induite par la pand\u00e9mie de la Covid-19 et de la chute des cours de l\u2019or noir dont le pays tire l\u2019essentiel de ses revenus.<br \/>M. Kebci &#8211; Alger (Le Soir) &#8211; C\u2019est ce que le ministre des Finances a soutenu, hier lundi, devant les membres du Conseil de la nation qui ont entam\u00e9 les d\u00e9bats autour de ce texte adopt\u00e9, faut-il le rappeler, la semaine \u00e9coul\u00e9e, par les parlementaires de l\u2019Assembl\u00e9e populaire nationale. Un projet de loi de finances qui, selon Aymen Benabderrahmane, plusieurs objectifs \u00e9conomiques \u00e9tal\u00e9s sur les moyen et court termes. Des objectifs qui d\u00e9pendent, a-t-il tenu \u00e0 pr\u00e9ciser, de l\u2019\u00e9volution de la situation sanitaire et de la demande mondiale des produits p\u00e9troliers dont le pays tire l\u2019essentiel de ses revenus. Le ministre a ainsi affirm\u00e9 que ce projet de loi de finances a \u00e9t\u00e9 \u00e9labor\u00e9 sur la base de la situation \u00e9conomique, financi\u00e8re et sociale du pays durant l\u2019ann\u00e9e en cours et sur la base d\u2019un prix du baril du p\u00e9trole de l\u2019ordre de 40 milliards de dollars durant la p\u00e9riode allant de 2021 \u00e0 2023. Avec en sus la pr\u00e9vision d\u2019un taux d\u2019inflation de 4,50% en 2021, de 4,05% en 2022 et de 4,72% en 2023.<br \/>Concernant les d\u00e9penses globales pr\u00e9vues durant la p\u00e9riode 2021-2023, elles passeront de 7 372,7 milliards de dinars \u00e0 31 113 milliards de dinars en 2021 pour atteindre les 8 605,5 milliards de dinars en 2022 et 8 680,3 milliards de dinars en 2023, soit une augmentation de 0,9%. Quant au budget de fonctionnement, il augmentera de 5,1% durant la p\u00e9riode 2021-2023 pour atteindre le seuil des 5 314,5 milliards de dinars l\u2019ann\u00e9e prochaine, 5 358,9 milliards de dinars en 2022 et 5 005,4 milliards de dinars en 2023. Aussi, Benaderrahmane a soutenu que ce PLF 2021 objecte la rationalisation de l&rsquo;exploitation des ressources budg\u00e9taires et l&rsquo;\u00e9largissement de l&rsquo;assiette fiscale, la lutte contre la fraude et l&rsquo;\u00e9vasion fiscales, ainsi que la surfacturation \u00e0 travers la cr\u00e9ation d&rsquo;un syst\u00e8me de veille fiscale pour la lutte contre la fraude et l&rsquo;\u00e9vasion dans le souci de prot\u00e9ger l&rsquo;\u00e9conomie nationale, l\u2019all\u00e8gement de la pression fiscale sur les entreprises l\u00e9s\u00e9es, la relance des activit\u00e9s des soci\u00e9t\u00e9s et op\u00e9rateurs \u00e9conomiques, notamment ceux touch\u00e9s par la crise sanitaire (Covid-19), permettant de contribuer \u00e0 la relance \u00e9conomique<br \/>Lors des d\u00e9bats entam\u00e9s, juste apr\u00e8s l\u2019expos\u00e9 du ministre des Finances, les s\u00e9nateurs ont, notamment, mis l\u2019accent sur les mesures pr\u00e9vues par le gouvernement \u00e0 l\u2019effet de \u00abcombler le d\u00e9ficit budg\u00e9taire de l\u2019ordre de 2 785 milliards de dinars\u00bb. Des mesures qui, selon plus d\u2019un intervenant, \u00abne sont pas \u00e0 m\u00eame d\u2019atteindre le taux de croissance de 4% escompt\u00e9 par l\u2019ex\u00e9cutif. Dans ce sens, le s\u00e9nateur Hamid Bouzekri a \u00e9t\u00e9 jusqu\u2019\u00e0 pr\u00e9coniser le recours au financement non conventionnel pour \u00e9galement freiner la d\u00e9valuation de la monnaie nationale qui a atteint, selon lui, le seuil inqui\u00e9tant de 11%, invitant le gouvernement \u00e0 explorer les secteurs de l\u2019agriculture, du tourisme, des \u00e9nergies renouvelables dont le pays regorge d\u2019atouts insoup\u00e7onn\u00e9s.<br \/>Son coll\u00e8gue Abid Bibi r\u00e9clamera la relance des chantiers \u00e0 l\u2019arr\u00eat depuis des ann\u00e9es et une allocation-ch\u00f4mage faute de pouvoir embaucher les centaines de milliers de sans-emploi renforc\u00e9s annuellement par des bataillons de nouveaux dipl\u00f4m\u00e9s des universit\u00e9s instituts et autres centres de formation.<br \/>\u00c0 noter que les d\u00e9bats autour de ce projet de loi de finances 2021 se poursuivront, aujourd\u2019hui mardi, avec, notamment, les interventions des groupes parlementaires au sein du Conseil de la nation avant que le ministre des Finances ne r\u00e9ponde aux remarques et autres interrogations des s\u00e9nateurs. La s\u00e9ance de vote se tiendra apr\u00e8s-demain jeudi.<br \/>M. K.<\/p>\n<p>Auteur:<br \/>\n<a href=\"https:\/\/www.lesoirdalgerie.com\/actualites\/les-remarques-et-les-interrogations-des-senateurs-51971\">Cliquez ici pour lire l&rsquo;article depuis sa source.<\/a><\/p>\n","protected":false},"excerpt":{"rendered":"<p>Le projet de loi de finances pour l\u2019ann\u00e9e 2021 intervient dans une conjoncture in\u00e9dite frapp\u00e9e du double sceau d\u2019une crise sanitaire aigu\u00eb induite par la pand\u00e9mie de la Covid-19 et de la chute des cours de l\u2019or noir dont le pays tire l\u2019essentiel de ses revenus.M. Kebci &#8211; Alger (Le Soir) &#8211; C\u2019est ce que [&hellip;]<\/p>\n","protected":false},"author":1741,"featured_media":0,"comment_status":"closed","ping_status":"closed","sticky":false,"template":"","format":"standard","meta":{"fifu_image_url":"","fifu_image_alt":"","footnotes":""},"categories":[73,53],"tags":[],"class_list":["post-105635","post","type-post","status-publish","format-standard","hentry","category-actualite","category-algerie"],"_links":{"self":[{"href":"https:\/\/linitiative.ca\/International\/wp-json\/wp\/v2\/posts\/105635","targetHints":{"allow":["GET"]}}],"collection":[{"href":"https:\/\/linitiative.ca\/International\/wp-json\/wp\/v2\/posts"}],"about":[{"href":"https:\/\/linitiative.ca\/International\/wp-json\/wp\/v2\/types\/post"}],"author":[{"embeddable":true,"href":"https:\/\/linitiative.ca\/International\/wp-json\/wp\/v2\/users\/1741"}],"replies":[{"embeddable":true,"href":"https:\/\/linitiative.ca\/International\/wp-json\/wp\/v2\/comments?post=105635"}],"version-history":[{"count":0,"href":"https:\/\/linitiative.ca\/International\/wp-json\/wp\/v2\/posts\/105635\/revisions"}],"wp:attachment":[{"href":"https:\/\/linitiative.ca\/International\/wp-json\/wp\/v2\/media?parent=105635"}],"wp:term":[{"taxonomy":"category","embeddable":true,"href":"https:\/\/linitiative.ca\/International\/wp-json\/wp\/v2\/categories?post=105635"},{"taxonomy":"post_tag","embeddable":true,"href":"https:\/\/linitiative.ca\/International\/wp-json\/wp\/v2\/tags?post=105635"}],"curies":[{"name":"wp","href":"https:\/\/api.w.org\/{rel}","templated":true}]}}