{"id":105636,"date":"2020-11-24T05:00:00","date_gmt":"2020-11-24T10:00:00","guid":{"rendered":"https:\/\/linitiative.ca\/International\/lalgerie-perd-2-milliards-de-m3-de-gaz-a-lexportation\/"},"modified":"2020-11-24T05:00:00","modified_gmt":"2020-11-24T10:00:00","slug":"lalgerie-perd-2-milliards-de-m3-de-gaz-a-lexportation","status":"publish","type":"post","link":"https:\/\/linitiative.ca\/International\/lalgerie-perd-2-milliards-de-m3-de-gaz-a-lexportation\/","title":{"rendered":"L&rsquo;Alg\u00e9rie perd 2 milliards de m3 de gaz \u00e0 l\u2019exportation"},"content":{"rendered":"<div class=\"picture\"><img class=\"lazy\" data-original=\"\/data\/images\/article\/thumbs\/d-lalgerie-perd-2-milliards-de-m3-de-gaz-a-lexportation-42a5f.jpg\"\/>\n<\/div>\n<p>Alors qu\u2019il y a quelques semaines \u00e0 peine des perspectives plut\u00f4t optimistes \u00e9taient \u00e9mises quant au march\u00e9 du gaz, des propos du ministre alg\u00e9rien de l\u2019\u00c9nergie, Abdelmadjid Attar, sont venus, dimanche, refroidir quelque peu l\u2019ambiance.<br \/>Les exportations alg\u00e9riennes de gaz atteindront cette ann\u00e9e 41 milliards de m\u00e8tres cubes, soit 2 milliards de moins que l\u2019ann\u00e9e derni\u00e8re, selon les pr\u00e9dictions annonc\u00e9es par Abdelmadjid Attar qui le confiait, il y a deux jours, \u00e0 Reuters.<br \/>Une information qui vient ainsi assombrir encore plus un tableau d\u00e9j\u00e0 bien terne pour les hydrocarbures alg\u00e9riens, source de financement quasi exclusive de l\u2019\u00e9conomie nationale. Ce sont donc 4,7% de moins que les exportations de gaz de l\u2019ann\u00e9e derni\u00e8re que Sonatrach et ses traders parviendront \u00e0 placer sur le march\u00e9 mondial, \u00e9reint\u00e9 comme toute l\u2019\u00e9conomie \u00e0 l\u2019\u00e9chelle plan\u00e9taire par les cons\u00e9quences de la pand\u00e9mie de coronavirus.<br \/>March\u00e9 du gaz qui, selon des perspectives, devrait conna\u00eetre un d\u00e9but de remont\u00e9e avec le d\u00e9but du grand froid, mais ce dont, apparemment, l\u2019Alg\u00e9rie ne pourra tirer profit en raison, d\u2019un, de la contraction de la demande chez nos partenaires europ\u00e9ens, et de deux, du fait de la grande concurrence impos\u00e9e par le gaz am\u00e9ricain, moins cher, \u00e0 tous les habituels exportateurs qui dominaient le march\u00e9 jusqu\u2019\u00e0 il n\u2019y a pas encore longtemps.<br \/>Les grandes difficult\u00e9s impos\u00e9es au march\u00e9 du gaz ont \u00e9t\u00e9 illustr\u00e9es, pas plus tard que la semaine derni\u00e8re, par une nouvelle chute des prix en dessous de 2,70 dollars le million de Btu (MMBtu) alors que deux semaines plus t\u00f4t, le MMbtu avait bondi jusqu\u2019\u00e0 3,50 dollars.<br \/>Une baisse des prix due au temps doux ayant caract\u00e9ris\u00e9 le d\u00e9but du mois de novembre, ce qui a renvers\u00e9 tous les sc\u00e9narios \u00e9mis il y a \u00e0 peine deux mois, lorsque \u00e9tait pr\u00e9dit un rebond de la demande, entre autres par le Forum des pays exportateurs de gaz qui, d\u00e9but octobre dernier, statuait sur une augmentation de la demande mondiale de 4 milliards de m\u00e8tres cubes durant la p\u00e9riode hivernale qui s\u2019annonce alors qu\u2019une experte pour le compte d\u2019un site sp\u00e9cialis\u00e9 am\u00e9ricain pariait sur \u00abune mont\u00e9e en fl\u00e8che du prix du gaz\u00bb en prenant en r\u00e9f\u00e9rence le GNL am\u00e9ricain pour attester que \u00ab les prix de r\u00e9f\u00e9rence tr\u00e8s volatils du gaz naturel aux \u00c9tats-Unis devraient augmenter dans les mois \u00e0 venir dans un contexte de baisse de la production int\u00e9rieure, de hausse de la demande en hiver et de reprise des prix mondiaux du gaz en Europe et en Asie, principales destinations d&rsquo;exportation des \u00c9tats-Unis pour le gaz naturel liqu\u00e9fi\u00e9 (GNL) \u00bb.<br \/>Le gaz am\u00e9ricain qui se trouve \u00eatre une des raisons de la baisse des exportations alg\u00e9riennes, comme le rel\u00e8ve d\u2019ailleurs Abdelmadjid Attar dans les propos rapport\u00e9s par Reuters, il y a deux jours, lorsqu\u2019il expliquait les raisons de la baisse de nos exportations de gaz, frapp\u00e9es par une demande r\u00e9duite de l\u2019Europe et, donc, la concurrence des approvisionnements am\u00e9ricains moins chers.<br \/>Le ministre Attar qui a annonc\u00e9 que la production totale de gaz atteindra 126 milliards de m\u00e8tres cubes, contre 127 milliards de m\u00e8tres cubes en 2019, avec une production entrav\u00e9e par le vieillissement des champs et le manque d\u2019investissement au moment o\u00f9 la consommation int\u00e9rieure a augment\u00e9 de 5,3% par an depuis 2009 pour atteindre 46 milliards de m\u00e8tres cubes l&rsquo;ann\u00e9e derni\u00e8re.<br \/>Azedine Maktour<\/p>\n<p>Auteur:<br \/>\n<a href=\"https:\/\/www.lesoirdalgerie.com\/actualites\/lalgerie-perd-2-milliards-de-m3-de-gaz-a-lexportation-51970\">Cliquez ici pour lire l&rsquo;article depuis sa source.<\/a><\/p>\n","protected":false},"excerpt":{"rendered":"<p>Alors qu\u2019il y a quelques semaines \u00e0 peine des perspectives plut\u00f4t optimistes \u00e9taient \u00e9mises quant au march\u00e9 du gaz, des propos du ministre alg\u00e9rien de l\u2019\u00c9nergie, Abdelmadjid Attar, sont venus, dimanche, refroidir quelque peu l\u2019ambiance.Les exportations alg\u00e9riennes de gaz atteindront cette ann\u00e9e 41 milliards de m\u00e8tres cubes, soit 2 milliards de moins que l\u2019ann\u00e9e derni\u00e8re, [&hellip;]<\/p>\n","protected":false},"author":1741,"featured_media":0,"comment_status":"closed","ping_status":"closed","sticky":false,"template":"","format":"standard","meta":{"fifu_image_url":"","fifu_image_alt":"","footnotes":""},"categories":[73,53],"tags":[],"class_list":["post-105636","post","type-post","status-publish","format-standard","hentry","category-actualite","category-algerie"],"_links":{"self":[{"href":"https:\/\/linitiative.ca\/International\/wp-json\/wp\/v2\/posts\/105636","targetHints":{"allow":["GET"]}}],"collection":[{"href":"https:\/\/linitiative.ca\/International\/wp-json\/wp\/v2\/posts"}],"about":[{"href":"https:\/\/linitiative.ca\/International\/wp-json\/wp\/v2\/types\/post"}],"author":[{"embeddable":true,"href":"https:\/\/linitiative.ca\/International\/wp-json\/wp\/v2\/users\/1741"}],"replies":[{"embeddable":true,"href":"https:\/\/linitiative.ca\/International\/wp-json\/wp\/v2\/comments?post=105636"}],"version-history":[{"count":0,"href":"https:\/\/linitiative.ca\/International\/wp-json\/wp\/v2\/posts\/105636\/revisions"}],"wp:attachment":[{"href":"https:\/\/linitiative.ca\/International\/wp-json\/wp\/v2\/media?parent=105636"}],"wp:term":[{"taxonomy":"category","embeddable":true,"href":"https:\/\/linitiative.ca\/International\/wp-json\/wp\/v2\/categories?post=105636"},{"taxonomy":"post_tag","embeddable":true,"href":"https:\/\/linitiative.ca\/International\/wp-json\/wp\/v2\/tags?post=105636"}],"curies":[{"name":"wp","href":"https:\/\/api.w.org\/{rel}","templated":true}]}}