{"id":105639,"date":"2020-11-24T10:04:21","date_gmt":"2020-11-24T15:04:21","guid":{"rendered":"https:\/\/linitiative.ca\/International\/microcredit-un-fonds-de-garantie-sera-bientot-lance\/"},"modified":"2020-11-24T10:04:21","modified_gmt":"2020-11-24T15:04:21","slug":"microcredit-un-fonds-de-garantie-sera-bientot-lance","status":"publish","type":"post","link":"https:\/\/linitiative.ca\/International\/microcredit-un-fonds-de-garantie-sera-bientot-lance\/","title":{"rendered":"Microcr\u00e9dit : un fonds de garantie sera bient\u00f4t lanc\u00e9"},"content":{"rendered":"<p><strong>Bonne nouvelle pour les op\u00e9rateurs du secteur de la microfinance. Bank Al-Maghrib et le minist\u00e8re de l\u2019Economie, des Finances et de la R\u00e9forme de l\u2019Administration sont en train de finaliser la mise en place d\u2019un fonds de garantie au profit des associations de microcr\u00e9dit (AMC). Les d\u00e9tails.<\/strong><\/p>\n<div class=\"c10\"\/>\n<p>C\u2019est le Wali de Bank Al-Maghrib, Abdellatif Jouahri, lui-m\u00eame, qui a confirm\u00e9 l\u2019information devant les d\u00e9put\u00e9s. En effet, lors de son passage le 24 novembre devant le Commission des finances et du d\u00e9veloppement \u00e9conomique \u00e0 la Chambre des Repr\u00e9sentants, le Gouverneur de la Banque Centrale a indiqu\u00e9 qu\u2019un fonds de garantie au profit des AMC est en gestation et que son objectif sera de couvrir les cr\u00e9dits restructur\u00e9s et additionnels accord\u00e9s dans le cadre de la r\u00e9ponse \u00e0 la crise de Covid-19. L\u2019accord cadre cr\u00e9ant ce fonds, a \u00e9t\u00e9 sign\u00e9 le 12 novembre 2020 par le minist\u00e8re et la Caisse centrale de garantie (CCG). Notons que pour les AMC qui ont \u00e9t\u00e9 confront\u00e9es \u00e0 un arr\u00eat quasi total des activit\u00e9s d\u2019octroi et de recouvrement, la Banque a mis en place une ligne de refinancement des cr\u00e9dits r\u00e9\u00e9chelonn\u00e9s, ainsi que de nouveaux cr\u00e9dits qui leur sont accord\u00e9s par les banques au cours de la p\u00e9riode allant du 2\u00e8me trimestre 2020 au dernier trimestre de 2021.<\/p>\n<p><strong>Lire aussi| <a href=\"https:\/\/www.challenge.ma\/damane-oxygene-137-milliards-de-dh-decaisses-au-profit-de-41-142-entreprises-a-fin-octobre-166394\/\">Damane Oxyg\u00e8ne : 13,7 milliards de DH d\u00e9caiss\u00e9s au profit de 41.142 entreprises \u00e0 fin octobre<\/a><\/strong><\/p>\n<p>Ce refinancement est trimestriel pour une dur\u00e9e d\u2019un an. De m\u00eame, la Banque centrale a accept\u00e9 de reprendre comme garantie, en plus des actifs \u00e9ligibles aux op\u00e9rations de politique mon\u00e9taire, les effets repr\u00e9sentatifs de cr\u00e9ances sur les AMC. Par ailleurs sur un autre plan, le Wali de Bank Al \u2013Maghrib a pr\u00e9cis\u00e9 que pour r\u00e9pondre aux besoins des banques participatives, une ligne de refinancement des \u00ab\u00a0Wakala Bil Istitmar\u00a0\u00bb conclue avec les banques conventionnelles au cours de la p\u00e9riode allant du 2\u00e8me trimestre de 2020 au dernier trimestre de 2021, a \u00e9t\u00e9 mise en place.<\/p>\n<p><strong>Lire aussi| <a href=\"https:\/\/www.challenge.ma\/polyester-les-producteurs-locaux-sinsurgent-contre-labrogation-de-la-hausse-des-droits-de-douane-166367\/\">Polyester : les producteurs locaux s\u2019insurgent contre l\u2019abrogation de la hausse des droits de douane<\/a><\/strong><\/p>\n<p>\u00ab\u00a0Le refinancement est trimestriel pour une dur\u00e9e d\u2019un an en contrepartie de l\u2019application par les banques b\u00e9n\u00e9ficiaires des Wakala bil Istitmar conclues avec des banques participatives et refinanc\u00e9es par Bank Al Maghrib, d\u2019un taux de rendement ne d\u00e9passant pas le taux directeur, net des frais de gestion \u00e0 la charge de la banque participative\u00a0\u00bb, a-t-il pr\u00e9cis\u00e9, ajoutant que les banques peuvent mobiliser, en garantie du refinancement accord\u00e9 par BAM, les effets repr\u00e9sentatifs de \u00ab\u00a0Wakala Bil Istitmar\u00a0\u00bb conclues avec des banques participatives.<\/p>\n<p>Auteur: challenge<br \/>\n<a href=\"https:\/\/www.challenge.ma\/microcredit-un-fonds-de-garantie-sera-bientot-lance-166415\/\">Cliquez ici pour lire l&rsquo;article depuis sa source.<\/a><\/p>\n","protected":false},"excerpt":{"rendered":"<p>Bonne nouvelle pour les op\u00e9rateurs du secteur de la microfinance. Bank Al-Maghrib et le minist\u00e8re de l\u2019Economie, des Finances et de la R\u00e9forme de l\u2019Administration sont en train de finaliser la mise en place d\u2019un fonds de garantie au profit des associations de microcr\u00e9dit (AMC). Les d\u00e9tails. C\u2019est le Wali de Bank Al-Maghrib, Abdellatif Jouahri, [&hellip;]<\/p>\n","protected":false},"author":1787,"featured_media":0,"comment_status":"closed","ping_status":"closed","sticky":false,"template":"","format":"standard","meta":{"fifu_image_url":"","fifu_image_alt":"","footnotes":""},"categories":[78,54],"tags":[],"class_list":["post-105639","post","type-post","status-publish","format-standard","hentry","category-economie","category-maroc"],"_links":{"self":[{"href":"https:\/\/linitiative.ca\/International\/wp-json\/wp\/v2\/posts\/105639","targetHints":{"allow":["GET"]}}],"collection":[{"href":"https:\/\/linitiative.ca\/International\/wp-json\/wp\/v2\/posts"}],"about":[{"href":"https:\/\/linitiative.ca\/International\/wp-json\/wp\/v2\/types\/post"}],"author":[{"embeddable":true,"href":"https:\/\/linitiative.ca\/International\/wp-json\/wp\/v2\/users\/1787"}],"replies":[{"embeddable":true,"href":"https:\/\/linitiative.ca\/International\/wp-json\/wp\/v2\/comments?post=105639"}],"version-history":[{"count":0,"href":"https:\/\/linitiative.ca\/International\/wp-json\/wp\/v2\/posts\/105639\/revisions"}],"wp:attachment":[{"href":"https:\/\/linitiative.ca\/International\/wp-json\/wp\/v2\/media?parent=105639"}],"wp:term":[{"taxonomy":"category","embeddable":true,"href":"https:\/\/linitiative.ca\/International\/wp-json\/wp\/v2\/categories?post=105639"},{"taxonomy":"post_tag","embeddable":true,"href":"https:\/\/linitiative.ca\/International\/wp-json\/wp\/v2\/tags?post=105639"}],"curies":[{"name":"wp","href":"https:\/\/api.w.org\/{rel}","templated":true}]}}