{"id":105642,"date":"2020-11-24T11:26:59","date_gmt":"2020-11-24T16:26:59","guid":{"rendered":"https:\/\/linitiative.ca\/International\/video-c-i-n-comme-garantie-ce-que-dit-la-loi-mfm-radio\/"},"modified":"2020-11-24T11:26:59","modified_gmt":"2020-11-24T16:26:59","slug":"video-c-i-n-comme-garantie-ce-que-dit-la-loi-mfm-radio","status":"publish","type":"post","link":"https:\/\/linitiative.ca\/International\/video-c-i-n-comme-garantie-ce-que-dit-la-loi-mfm-radio\/","title":{"rendered":"[Vid\u00e9o] C.I.N. comme garantie : ce que dit la loi [MFM Radio]"},"content":{"rendered":"<p><strong>Pourtant puni par la loi, le fait de pr\u00e9senter la Carte d\u2019Identit\u00e9 Nationale (C.I.N.) comme garantie est largement pratiqu\u00e9. Plus d\u2019explications avec Ilham Zidouhia, Ghali A\u00e2jane et Khaoula Daho dans l\u2019\u00e9mission Sbah lkhir ya bladi diffus\u00e9e de 7h \u00e0 9h du lundi et vendredi sur <a href=\"https:\/\/www.mfmradio.ma\/\" target=\"_blank\" rel=\"noreferrer noopener\">MFM Radio<\/a>.<\/strong><\/p>\n<div class=\"c10\"\/>\n<p><strong>Lire aussi | <a href=\"https:\/\/www.challenge.ma\/croissance-economique-et-rationalisation-des-choix-budgetaires-cas-du-maroc-tribune-166405\/\" target=\"_blank\" rel=\"noreferrer noopener\">Croissance \u00e9conomique et rationalisation des choix budg\u00e9taires : cas du Maroc [Tribune]<\/a><\/strong><\/p>\n<p><iframe loading=\"lazy\" width=\"1013\" height=\"570\" src=\"https:\/\/www.youtube.com\/embed\/CYkhegqsWrg\" frameborder=\"0\" allow=\"accelerometer; autoplay; clipboard-write; encrypted-media; gyroscope; picture-in-picture\" allowfullscreen=\"\">[embedded content]<\/iframe><\/p>\n<p>Auteur: Karim Handaoui<br \/>\n<a href=\"https:\/\/www.challenge.ma\/c-i-n-comme-garantie-ce-que-dit-la-loi-mfm-radio-166440\/\">Cliquez ici pour lire l&rsquo;article depuis sa source.<\/a><\/p>\n","protected":false},"excerpt":{"rendered":"<p>Pourtant puni par la loi, le fait de pr\u00e9senter la Carte d\u2019Identit\u00e9 Nationale (C.I.N.) comme garantie est largement pratiqu\u00e9. Plus d\u2019explications avec Ilham Zidouhia, Ghali A\u00e2jane et Khaoula Daho dans l\u2019\u00e9mission Sbah lkhir ya bladi diffus\u00e9e de 7h \u00e0 9h du lundi et vendredi sur MFM Radio. Lire aussi | Croissance \u00e9conomique et rationalisation des [&hellip;]<\/p>\n","protected":false},"author":1787,"featured_media":0,"comment_status":"closed","ping_status":"closed","sticky":false,"template":"","format":"standard","meta":{"fifu_image_url":"","fifu_image_alt":"","footnotes":""},"categories":[78,54],"tags":[],"class_list":["post-105642","post","type-post","status-publish","format-standard","hentry","category-economie","category-maroc"],"_links":{"self":[{"href":"https:\/\/linitiative.ca\/International\/wp-json\/wp\/v2\/posts\/105642","targetHints":{"allow":["GET"]}}],"collection":[{"href":"https:\/\/linitiative.ca\/International\/wp-json\/wp\/v2\/posts"}],"about":[{"href":"https:\/\/linitiative.ca\/International\/wp-json\/wp\/v2\/types\/post"}],"author":[{"embeddable":true,"href":"https:\/\/linitiative.ca\/International\/wp-json\/wp\/v2\/users\/1787"}],"replies":[{"embeddable":true,"href":"https:\/\/linitiative.ca\/International\/wp-json\/wp\/v2\/comments?post=105642"}],"version-history":[{"count":0,"href":"https:\/\/linitiative.ca\/International\/wp-json\/wp\/v2\/posts\/105642\/revisions"}],"wp:attachment":[{"href":"https:\/\/linitiative.ca\/International\/wp-json\/wp\/v2\/media?parent=105642"}],"wp:term":[{"taxonomy":"category","embeddable":true,"href":"https:\/\/linitiative.ca\/International\/wp-json\/wp\/v2\/categories?post=105642"},{"taxonomy":"post_tag","embeddable":true,"href":"https:\/\/linitiative.ca\/International\/wp-json\/wp\/v2\/tags?post=105642"}],"curies":[{"name":"wp","href":"https:\/\/api.w.org\/{rel}","templated":true}]}}