{"id":105643,"date":"2020-11-24T11:41:48","date_gmt":"2020-11-24T16:41:48","guid":{"rendered":"https:\/\/linitiative.ca\/International\/vrai-ou-fake-sur-la-covid-19-au-maroc-mardi-24-novembre\/"},"modified":"2020-11-24T11:41:48","modified_gmt":"2020-11-24T16:41:48","slug":"vrai-ou-fake-sur-la-covid-19-au-maroc-mardi-24-novembre","status":"publish","type":"post","link":"https:\/\/linitiative.ca\/International\/vrai-ou-fake-sur-la-covid-19-au-maroc-mardi-24-novembre\/","title":{"rendered":"Vrai ou Fake sur la Covid-19 au Maroc, mardi 24 novembre"},"content":{"rendered":"<p><strong>Le coronavirus, qui a contamin\u00e9 plus de 59 millions de personnes dans le monde, est \u00e0 l\u2019origine d\u2019un flot de Fake news relay\u00e9es par des sites d\u2019information et sur les r\u00e9seaux sociaux.<\/strong><\/p>\n<div class=\"c10\"\/>\n<p>\u2013 600 volontaires marocains participent actuellement \u00e0 des essais cliniques men\u00e9s par le Royaume dans le cadre de la strat\u00e9gie de vaccination mise en place par une commission sp\u00e9ciale chapeaut\u00e9e par le minist\u00e8re de la Sant\u00e9. <strong>VRAI<\/strong><\/p>\n<p>\u2013 Les autorit\u00e9s ont annonc\u00e9 la date du 15 novembre pour le d\u00e9marrage de la campagne de vaccination contre le coronavirus. <strong>FAKE<\/strong><\/p>\n<p>\u2013 Les essais cliniques du vaccin anti-covid-19 qui ont \u00e9t\u00e9 effectu\u00e9s jusqu\u2019\u00e0 pr\u00e9sent ont prouv\u00e9 la s\u00e9curit\u00e9 et l\u2019efficacit\u00e9 du vaccin choisi par le Maroc. <strong>VRAI<\/strong><\/p>\n<p><strong>Lire aussi |<\/strong><a href=\"https:\/\/www.challenge.ma\/coronavirus-voici-les-metiers-les-plus-a-risque-etude-166320\/\"><strong>Coronavirus : voici les m\u00e9tiers les plus \u00e0 risque [\u00c9tude]<\/strong><\/a><\/p>\n<p>\u2013 Le coronavirus peut \u00eatre transmis via la monnaie.\u00a0<strong>FAKE<\/strong><br \/>Le risque d\u2019\u00eatre infect\u00e9 via des objets sujets \u00e0 de nombreux \u00e9changes tels que des pi\u00e8ces de monnaie, des billets de banque ou des cartes de cr\u00e9dits est \u00ab\u00a0tr\u00e8s faible\u00a0\u00bb.<\/p>\n<p>\u2013 L\u2019op\u00e9ration de vaccination anti-covid-19 concerne les citoyens de plus de 18 ans selon un calendrier vaccinal en deux injections. <strong>VRAI<\/strong><\/p>\n<p>\u2013 La pand\u00e9mie du coronavirus a fait au moins 1.397.322 morts dans le monde depuis son apparition. <strong>VRAI<\/strong><\/p>\n<p><strong>Lire aussi |<\/strong><a href=\"https:\/\/www.challenge.ma\/toni-perez-nouveau-directeur-general-de-glovo-maroc-166380\/\"><strong>Toni P\u00e9rez, nouveau directeur g\u00e9n\u00e9ral de Glovo Maroc<\/strong><\/a><\/p>\n<p>Auteur: Hajar DARI<br \/>\n<a href=\"https:\/\/www.challenge.ma\/vrai-ou-fake-sur-la-covid-19-au-maroc-mardi-24-novembre-166374\/\">Cliquez ici pour lire l&rsquo;article depuis sa source.<\/a><\/p>\n","protected":false},"excerpt":{"rendered":"<p>Le coronavirus, qui a contamin\u00e9 plus de 59 millions de personnes dans le monde, est \u00e0 l\u2019origine d\u2019un flot de Fake news relay\u00e9es par des sites d\u2019information et sur les r\u00e9seaux sociaux. \u2013 600 volontaires marocains participent actuellement \u00e0 des essais cliniques men\u00e9s par le Royaume dans le cadre de la strat\u00e9gie de vaccination mise [&hellip;]<\/p>\n","protected":false},"author":1787,"featured_media":0,"comment_status":"closed","ping_status":"closed","sticky":false,"template":"","format":"standard","meta":{"fifu_image_url":"","fifu_image_alt":"","footnotes":""},"categories":[78,54],"tags":[],"class_list":["post-105643","post","type-post","status-publish","format-standard","hentry","category-economie","category-maroc"],"_links":{"self":[{"href":"https:\/\/linitiative.ca\/International\/wp-json\/wp\/v2\/posts\/105643","targetHints":{"allow":["GET"]}}],"collection":[{"href":"https:\/\/linitiative.ca\/International\/wp-json\/wp\/v2\/posts"}],"about":[{"href":"https:\/\/linitiative.ca\/International\/wp-json\/wp\/v2\/types\/post"}],"author":[{"embeddable":true,"href":"https:\/\/linitiative.ca\/International\/wp-json\/wp\/v2\/users\/1787"}],"replies":[{"embeddable":true,"href":"https:\/\/linitiative.ca\/International\/wp-json\/wp\/v2\/comments?post=105643"}],"version-history":[{"count":0,"href":"https:\/\/linitiative.ca\/International\/wp-json\/wp\/v2\/posts\/105643\/revisions"}],"wp:attachment":[{"href":"https:\/\/linitiative.ca\/International\/wp-json\/wp\/v2\/media?parent=105643"}],"wp:term":[{"taxonomy":"category","embeddable":true,"href":"https:\/\/linitiative.ca\/International\/wp-json\/wp\/v2\/categories?post=105643"},{"taxonomy":"post_tag","embeddable":true,"href":"https:\/\/linitiative.ca\/International\/wp-json\/wp\/v2\/tags?post=105643"}],"curies":[{"name":"wp","href":"https:\/\/api.w.org\/{rel}","templated":true}]}}