{"id":105644,"date":"2020-11-24T14:25:27","date_gmt":"2020-11-24T19:25:27","guid":{"rendered":"https:\/\/linitiative.ca\/International\/la-douche-froide-dabdellatif-jouahri\/"},"modified":"2020-11-24T14:25:27","modified_gmt":"2020-11-24T19:25:27","slug":"la-douche-froide-dabdellatif-jouahri","status":"publish","type":"post","link":"https:\/\/linitiative.ca\/International\/la-douche-froide-dabdellatif-jouahri\/","title":{"rendered":"La \u00ab douche froide \u00bb d\u2019Abdellatif Jouahri"},"content":{"rendered":"<p><strong>Invit\u00e9 par la commission des finances de la Chambre des Repr\u00e9sentants, ce 24 novembre, le Walli de Bank Al-Maghrib a pr\u00e9sent\u00e9 un tableau noir de la situation socio-\u00e9conomique au Maroc et a tir\u00e9 la sonnette d\u2019alarme quant \u00e0 l\u2019urgence d\u2019acc\u00e9l\u00e9rer les grandes r\u00e9formes.<\/strong><\/p>\n<div class=\"c10\"\/>\n<p>Le ch\u00f4mage a atteint 12,7% au niveau national, touchant 46,7% des jeunes urbains \u00e2g\u00e9s de 15 \u00e0 24 ans. Plus de 580.000 postes ont \u00e9t\u00e9 d\u00e9truits. La r\u00e9cession devrait se situer entre 5,8% et 7,2%. Le d\u00e9ficit budg\u00e9taire devra atteindre -7,9%, avec une explosion de l\u2019endettement du Tr\u00e9sor public passant de 65% \u00e0 76% du PIB. La relance ne serait possible qu\u2019\u00e0 partir de 2023.<\/p>\n<p><strong>Lire aussi | <a href=\"https:\/\/www.challenge.ma\/microcredit-un-fonds-de-garantie-sera-bientot-lance-166415\/\" target=\"_blank\" rel=\"noreferrer noopener\">Microcr\u00e9dit : un fonds de garantie sera bient\u00f4t lanc\u00e9<\/a><\/strong><\/p>\n<p>Le mot r\u00e9current, au niveau international, est l\u2019incertitude. La sortie du \u00ab brouillard \u00bb n\u2019est pas pour demain. C\u2019est dans ces termes qu\u2019Abdellatif Jouahri a \u00ab froidement douch\u00e9 \u00bb les repr\u00e9sentants de la commission des finances de la Chambre des repr\u00e9sentants. Son poste d\u2019observateur privil\u00e9gi\u00e9 de l\u2019\u00e9conomie, aux niveaux national et international, lui permet de saisir l\u2019ampleur r\u00e9elle de la crise. Que propose Abdellatif Jouahri, face \u00e0 cette r\u00e9alit\u00e9 ?<\/p>\n<p><strong>Lire aussi | <a href=\"https:\/\/www.challenge.ma\/croissance-economique-et-rationalisation-des-choix-budgetaires-cas-du-maroc-tribune-166405\/\" target=\"_blank\" rel=\"noreferrer noopener\">Croissance \u00e9conomique et rationalisation des choix budg\u00e9taires : cas du Maroc [Tribune]<\/a><\/strong><\/p>\n<p>Abandonner le r\u00f4le de \u00ab sapeurs-pompiers \u00bb et se mettre au travail pour renforcer la r\u00e9silience du pays. Comment ? En acc\u00e9l\u00e9rant le rythme des r\u00e9formes et en entamant les chantiers strat\u00e9giques, notamment celui relatif \u00e0 la g\u00e9n\u00e9ralisation\u00a0de la couverture sociale. C\u2019est cette voie qui devrait permettre de renforcer l\u2019immunit\u00e9 de la nation. Les grandes menaces sont d\u00e9j\u00e0 l\u00e0. Choc climatique et stress hydrique sont devenus une r\u00e9alit\u00e9 palpable. Il ne faut plus attendre. Notre pays compte \u00e0 peine 500 grandes entreprises. \u00ab Le secteur priv\u00e9 doit se reprendre \u00bb. Il \u00ab doit sortir de la logique du mur des lamentations \u00bb. Abdellatif Jouahri met, au centre des priorit\u00e9s, l\u2019investissement massif dans le capital humain, principale cl\u00e9 de la future r\u00e9silience. Education, sant\u00e9 et couverture sociale, sans oublier la r\u00e9forme du mode de gouvernance qui doit dor\u00e9navant \u00eatre fond\u00e9 sur la reddition syst\u00e9matique des comptes, \u00e0 tous les niveaux de responsabilit\u00e9. Car, a-t-il dit, \u00ab la corruption est le principal frein au d\u00e9veloppement \u00bb.<\/p>\n<p>Pour Abdellatif Jouahri, les voies de la facilit\u00e9 sont \u00e0 \u00e9carter. C\u2019est le cas de la \u00ab planche \u00e0 billets \u00bb. L\u2019\u00e9volution de l\u2019inflation r\u00e9sulte de l\u2019\u00e9conomie r\u00e9elle. BAM a un pouvoir d\u2019influence tr\u00e8s limit\u00e9 sur le taux d\u2019inflation. Peut-\u00eatre que cette \u00ab douche froide \u00bb aurait \u00e9t\u00e9 plus utile avant l\u2019examen du projet de loi de finances 2021. Mais il n\u2019est jamais trop tard. L\u2019intervention d\u2019Abdellatif Jouahri aura certainement un \u00e9cho sur la Chambre des Conseillers\u2026<\/p>\n<p>Auteur: Mohamed Amine<br \/>\n<a href=\"https:\/\/www.challenge.ma\/la-douche-froide-dabdellatif-jouahri-166473\/\">Cliquez ici pour lire l&rsquo;article depuis sa source.<\/a><\/p>\n","protected":false},"excerpt":{"rendered":"<p>Invit\u00e9 par la commission des finances de la Chambre des Repr\u00e9sentants, ce 24 novembre, le Walli de Bank Al-Maghrib a pr\u00e9sent\u00e9 un tableau noir de la situation socio-\u00e9conomique au Maroc et a tir\u00e9 la sonnette d\u2019alarme quant \u00e0 l\u2019urgence d\u2019acc\u00e9l\u00e9rer les grandes r\u00e9formes. Le ch\u00f4mage a atteint 12,7% au niveau national, touchant 46,7% des jeunes [&hellip;]<\/p>\n","protected":false},"author":1787,"featured_media":0,"comment_status":"closed","ping_status":"closed","sticky":false,"template":"","format":"standard","meta":{"fifu_image_url":"","fifu_image_alt":"","footnotes":""},"categories":[78,54],"tags":[],"class_list":["post-105644","post","type-post","status-publish","format-standard","hentry","category-economie","category-maroc"],"_links":{"self":[{"href":"https:\/\/linitiative.ca\/International\/wp-json\/wp\/v2\/posts\/105644","targetHints":{"allow":["GET"]}}],"collection":[{"href":"https:\/\/linitiative.ca\/International\/wp-json\/wp\/v2\/posts"}],"about":[{"href":"https:\/\/linitiative.ca\/International\/wp-json\/wp\/v2\/types\/post"}],"author":[{"embeddable":true,"href":"https:\/\/linitiative.ca\/International\/wp-json\/wp\/v2\/users\/1787"}],"replies":[{"embeddable":true,"href":"https:\/\/linitiative.ca\/International\/wp-json\/wp\/v2\/comments?post=105644"}],"version-history":[{"count":0,"href":"https:\/\/linitiative.ca\/International\/wp-json\/wp\/v2\/posts\/105644\/revisions"}],"wp:attachment":[{"href":"https:\/\/linitiative.ca\/International\/wp-json\/wp\/v2\/media?parent=105644"}],"wp:term":[{"taxonomy":"category","embeddable":true,"href":"https:\/\/linitiative.ca\/International\/wp-json\/wp\/v2\/categories?post=105644"},{"taxonomy":"post_tag","embeddable":true,"href":"https:\/\/linitiative.ca\/International\/wp-json\/wp\/v2\/tags?post=105644"}],"curies":[{"name":"wp","href":"https:\/\/api.w.org\/{rel}","templated":true}]}}