{"id":105682,"date":"2020-11-25T04:51:29","date_gmt":"2020-11-25T09:51:29","guid":{"rendered":"https:\/\/linitiative.ca\/International\/region-mena-le-fida-et-la-fao-sassocient-pour-soutenir-lagriculture-familiale\/"},"modified":"2020-11-25T04:51:29","modified_gmt":"2020-11-25T09:51:29","slug":"region-mena-le-fida-et-la-fao-sassocient-pour-soutenir-lagriculture-familiale","status":"publish","type":"post","link":"https:\/\/linitiative.ca\/International\/region-mena-le-fida-et-la-fao-sassocient-pour-soutenir-lagriculture-familiale\/","title":{"rendered":"R\u00e9gion MENA: Le FIDA et la FAO s\u2019associent pour soutenir l\u2019agriculture familiale"},"content":{"rendered":"<div class=\"td-post-content\">\n<h2>Le FIDA Fonds international de d\u00e9veloppement agricole et l\u2019Organisation des Nations Unies<\/h2>\n<h2>pour l\u2019alimentation et l\u2019agriculture (<a href=\"http:\/\/www.fao.org\/home\/fr\/\">FAO)<\/a>\u00a0ont d\u00e9cid\u00e9 d\u2019unir leurs forces pour promouvoir une<\/h2>\n<h2>agriculture familiale, inclusive et durable au Proche-Orient et en Afrique du Nord (NENA).<\/h2>\n<p class=\"news_item_view_plain_text\">La coordination entre le FIDA et le FAO, deux agences annonc\u00e9e vise le renforcement des actions de soutien aux organisations paysannes et \u00e0 la petite agriculture conform\u00e9ment aux Objectifs de d\u00e9veloppement (ODD) d\u2019\u00e9radication de la pauvret\u00e9 et de la famine. Et ce \u00e0 l\u2019occasion du lancement \u00e9lectronique de la D\u00e9cennie des Nations Unies pour l\u2019agriculture familiale (UNOFF) dans la r\u00e9gion NENA qui s\u2019\u00e9tend de 2019 \u00e0 2028.<\/p>\n<p class=\"news_item_view_plain_text\">Selon les deux organismes, l\u2019agriculture familiale reste n\u00e9glig\u00e9e dans les principales activit\u00e9s agricoles ou politiques li\u00e9es \u00e0 la s\u00e9curit\u00e9 alimentaire dans la r\u00e9gion. Et ce malgr\u00e9 l\u2019\u00e9norme potentiel des exploitations familiales \u00e0 contribuer \u00e0 la s\u00e9curit\u00e9 alimentaire. Et bien que l\u2019agriculture soit la source principale de revenus dans de nombreuses zones rurales de la NENA, avec plus de 80% de la production agricole fournie par la petite agriculture.<\/p>\n<p class=\"news_item_view_plain_text\">\u00ab Les exploitations familiales du monde entier ont un immense potentiel pour soutenir les strat\u00e9gies de d\u00e9veloppement visant \u00e0 accro\u00eetre la s\u00e9curit\u00e9 alimentaire, \u00e0 p\u00e9renniser les syst\u00e8mes alimentaires et \u00e0 g\u00e9rer les ressources naturelles \u00bb, a d\u00e9clar\u00e9 la Directrice r\u00e9gionale du FIDA pour la Division Proche-Orient, Afrique du Nord, Asie centrale et Europe, Dina Saleh.<\/p>\n<h2>L\u2019agriculture familiale est un mod\u00e8le optimal<\/h2>\n<p class=\"news_item_view_plain_text\">Et d\u2019ajouter : \u00ab<a href=\"http:\/\/www.leconomistemaghrebin.com\/2020\/11\/23\/eco-agriculture-une-autre-tunisie-est-possible-pari-de-long-wallah-we-can\/\">l\u2019agriculture<\/a>\u00a0familiale est un mod\u00e8le optimal aidant efficacement \u00e0 restaurer la d\u00e9gradation de l\u2019environnement et \u00e0 maintenir les ressources naturelles. Pendant des g\u00e9n\u00e9rations, les agriculteurs ont pris beaucoup de soin des terrains qu\u2019ils ont h\u00e9rit\u00e9 de leurs anc\u00eatres et ont la volont\u00e9 de transmettre la responsabilit\u00e9 aux nouvelles g\u00e9n\u00e9rations et nous sommes fermement engag\u00e9s \u00e0 les soutenir \u00bb.<\/p>\n<p class=\"news_item_view_plain_text\">\u00abTenant compte des caract\u00e9ristiques sp\u00e9cifiques de la r\u00e9gion NENA et de ses d\u00e9fis uniques, il est de la plus haute importance d\u2019introduire une nouvelle g\u00e9n\u00e9ration d\u2019environnement politique propice et des interventions techniques adapt\u00e9es \u00e0 la r\u00e9gion, en mettant le point sur l\u2019inclusion socio-\u00e9conomique des jeunes et des femmes, pour promouvoir la transformation des syst\u00e8mes agro-alimentaires, tout en mettant l\u2019agriculture familiale au centre \u00bb, a pour sa part soulign\u00e9, le Repr\u00e9sentant r\u00e9gional adjoint de la FAO pour le Proche-Orient et l\u2019Afrique du Nord, Serge Nakouzi.<\/p>\n<p>Avec TAP<\/p>\n<\/div>\n<footer>\n<\/footer>\n<div class=\"wp-post-author-wrap wp-post-author-shortcode left\">\n<h3 class=\"awpa-title\"\/>\n<div class=\"wp-post-author\">\n<div class=\"awpa-img awpa-author-block square\"><a href=\"http:\/\/lexpertjournal.net\/fr\/?author=5\"><img loading=\"lazy\" decoding=\"async\" alt=\"\" src=\"http:\/\/0.gravatar.com\/avatar\/97f8e10a1c1125ba104a76514ee07b16?s=150&amp;d=mm&amp;r=g\" srcset=\"http:\/\/0.gravatar.com\/avatar\/97f8e10a1c1125ba104a76514ee07b16?s=300&amp;d=mm&amp;r=g 2x\" class=\"avatar avatar-150 photo\" height=\"150\" width=\"150\"\/><\/a><\/div>\n<\/div>\n<\/div>\n<aside class=\"mashsb-container mashsb-main mashsb-stretched\">\n<\/aside>\n<p>Auteur: L&rsquo;expert<br \/>\n<a href=\"http:\/\/lexpertjournal.net\/fr\/?p=17374\">Cliquez ici pour lire l&rsquo;article depuis sa source.<\/a><\/p>\n","protected":false},"excerpt":{"rendered":"<p>Le FIDA Fonds international de d\u00e9veloppement agricole et l\u2019Organisation des Nations Unies pour l\u2019alimentation et l\u2019agriculture (FAO)\u00a0ont d\u00e9cid\u00e9 d\u2019unir leurs forces pour promouvoir une agriculture familiale, inclusive et durable au Proche-Orient et en Afrique du Nord (NENA). La coordination entre le FIDA et le FAO, deux agences annonc\u00e9e vise le renforcement des actions de soutien [&hellip;]<\/p>\n","protected":false},"author":1775,"featured_media":0,"comment_status":"closed","ping_status":"closed","sticky":false,"template":"","format":"standard","meta":{"fifu_image_url":"","fifu_image_alt":"","footnotes":""},"categories":[78,55],"tags":[],"class_list":["post-105682","post","type-post","status-publish","format-standard","hentry","category-economie","category-tunisie"],"_links":{"self":[{"href":"https:\/\/linitiative.ca\/International\/wp-json\/wp\/v2\/posts\/105682","targetHints":{"allow":["GET"]}}],"collection":[{"href":"https:\/\/linitiative.ca\/International\/wp-json\/wp\/v2\/posts"}],"about":[{"href":"https:\/\/linitiative.ca\/International\/wp-json\/wp\/v2\/types\/post"}],"author":[{"embeddable":true,"href":"https:\/\/linitiative.ca\/International\/wp-json\/wp\/v2\/users\/1775"}],"replies":[{"embeddable":true,"href":"https:\/\/linitiative.ca\/International\/wp-json\/wp\/v2\/comments?post=105682"}],"version-history":[{"count":0,"href":"https:\/\/linitiative.ca\/International\/wp-json\/wp\/v2\/posts\/105682\/revisions"}],"wp:attachment":[{"href":"https:\/\/linitiative.ca\/International\/wp-json\/wp\/v2\/media?parent=105682"}],"wp:term":[{"taxonomy":"category","embeddable":true,"href":"https:\/\/linitiative.ca\/International\/wp-json\/wp\/v2\/categories?post=105682"},{"taxonomy":"post_tag","embeddable":true,"href":"https:\/\/linitiative.ca\/International\/wp-json\/wp\/v2\/tags?post=105682"}],"curies":[{"name":"wp","href":"https:\/\/api.w.org\/{rel}","templated":true}]}}