{"id":105692,"date":"2020-11-24T17:08:51","date_gmt":"2020-11-24T22:08:51","guid":{"rendered":"https:\/\/linitiative.ca\/International\/covid-19-reunion-sur-les-preparatifs-de-loperation-de-vaccination\/"},"modified":"2020-11-24T17:08:51","modified_gmt":"2020-11-24T22:08:51","slug":"covid-19-reunion-sur-les-preparatifs-de-loperation-de-vaccination","status":"publish","type":"post","link":"https:\/\/linitiative.ca\/International\/covid-19-reunion-sur-les-preparatifs-de-loperation-de-vaccination\/","title":{"rendered":"Covid-19: R\u00e9union sur les pr\u00e9paratifs de l\u2019op\u00e9ration de vaccination"},"content":{"rendered":"<div readability=\"36\">\n<p>El Kel\u00e2a des Sraghna \u2013 Les pr\u00e9paratifs en cours en pr\u00e9vision de l\u2019op\u00e9ration de vaccination contre le nouveau coronavirus (Covid-19) ont \u00e9t\u00e9 au centre d\u2019une r\u00e9union \u00e9largie tenue, lundi, au si\u00e8ge de la pr\u00e9fecture de la province d\u2019El Kel\u00e2a des Sraghna.<\/p>\n<\/div>\n<div readability=\"86\">\n<p>Lors de cette r\u00e9union, pr\u00e9sid\u00e9e par le gouverneur de la province, Hicham Smahi, en pr\u00e9sence des diff\u00e9rents services concern\u00e9s et des responsables de l\u2019administration territoriale, des orientations sp\u00e9ciales ont \u00e9t\u00e9 donn\u00e9es pour entamer la pr\u00e9paration et l\u2019actualisation des listes des personnes qui b\u00e9n\u00e9ficieront de l\u2019op\u00e9ration de vaccination.<\/p>\n<p>A cette occasion, il a \u00e9t\u00e9 proc\u00e9d\u00e9 \u00e0 la pr\u00e9sentation des diff\u00e9rentes \u00e9tapes techniques et organisationnelles concernant le recensement des personnes et cat\u00e9gories concern\u00e9es par cette initiative, dont les autorit\u00e9s locales entameront l\u2019ex\u00e9cution, au cours du mois prochain, en coordination avec les services m\u00e9dicaux, dans toutes les communes et l\u2019ensemble des cercles de la province.<\/p>\n<p>Cette op\u00e9ration concernera, dans une premi\u00e8re phase, les citoyens de la province \u00e2g\u00e9s de plus de 18 ans, selon un calendrier de vaccination en deux injections, tout en accordant la priorit\u00e9 aux personnes les plus vuln\u00e9rables \u00e0 l\u2019infection par le virus, que ce soit dans le domaine de leur travail ou en raison de la fragilit\u00e9 de leur \u00e9tat de sant\u00e9.<\/p>\n<p>Il s\u2019agit en particulier des agents de premi\u00e8re ligne, notamment le personnel de la sant\u00e9, les autorit\u00e9s publiques, les services de s\u00e9curit\u00e9 et le personnel du secteur de l\u2019\u00e9ducation nationale, ainsi que les personnes \u00e2g\u00e9es et les cat\u00e9gories vuln\u00e9rables au virus, avant que cette op\u00e9ration ne soit \u00e9largie au reste de la population de la province.<\/p>\n<p>Dans un mot d\u2019orientation, M. Smahi a mis l\u2019accent sur l\u2019importance de la vaccination contre la pand\u00e9mie \u00e0 l\u2019\u00e9chelle nationale et de la gestion sur le terrain de cette op\u00e9ration conform\u00e9ment \u00e0 la strat\u00e9gie nationale de vaccination mise en place par le minist\u00e8re de la Sant\u00e9 dans ce contexte.<\/p>\n<p>Il a appel\u00e9 les agents d\u2019autorit\u00e9 \u00e0 veiller \u00e0 la mise en oeuvre saine de cette strat\u00e9gie et \u00e0 la parfaite gestion sur le terrain de l\u2019op\u00e9ration de vaccination, ainsi qu\u2019\u00e0 la cr\u00e9ation de comit\u00e9s locaux pour assurer le suivi du recensement des personnes concern\u00e9es et de leur \u00e9tat de sant\u00e9 avant et apr\u00e8s la vaccination.<\/p>\n<p>Cette r\u00e9union s\u2019inscrit dans le cadre du souci des autorit\u00e9s locales \u00e0 El Kel\u00e2a des Sraghna d\u2019assurer la vaccination de toute la population de la province contre la Covid-19, en tant que moyen appropri\u00e9 d\u2019immunisation contre la pand\u00e9mie et de contr\u00f4le de sa propagation.<\/p>\n<\/div>\n<p>Auteur: Meriem IGASS<br \/>\n<a href=\"http:\/\/www.mapmarrakech.ma\/fr\/reunion-sur-les-preparatifs-de-loperation-de-vaccination-contre-la-covid-19\/\">Cliquez ici pour lire l&rsquo;article depuis sa source.<\/a><\/p>\n","protected":false},"excerpt":{"rendered":"<p>El Kel\u00e2a des Sraghna \u2013 Les pr\u00e9paratifs en cours en pr\u00e9vision de l\u2019op\u00e9ration de vaccination contre le nouveau coronavirus (Covid-19) ont \u00e9t\u00e9 au centre d\u2019une r\u00e9union \u00e9largie tenue, lundi, au si\u00e8ge de la pr\u00e9fecture de la province d\u2019El Kel\u00e2a des Sraghna. Lors de cette r\u00e9union, pr\u00e9sid\u00e9e par le gouverneur de la province, Hicham Smahi, en [&hellip;]<\/p>\n","protected":false},"author":1788,"featured_media":0,"comment_status":"closed","ping_status":"closed","sticky":false,"template":"","format":"standard","meta":{"fifu_image_url":"","fifu_image_alt":"","footnotes":""},"categories":[54,76],"tags":[],"class_list":["post-105692","post","type-post","status-publish","format-standard","hentry","category-maroc","category-regions"],"_links":{"self":[{"href":"https:\/\/linitiative.ca\/International\/wp-json\/wp\/v2\/posts\/105692","targetHints":{"allow":["GET"]}}],"collection":[{"href":"https:\/\/linitiative.ca\/International\/wp-json\/wp\/v2\/posts"}],"about":[{"href":"https:\/\/linitiative.ca\/International\/wp-json\/wp\/v2\/types\/post"}],"author":[{"embeddable":true,"href":"https:\/\/linitiative.ca\/International\/wp-json\/wp\/v2\/users\/1788"}],"replies":[{"embeddable":true,"href":"https:\/\/linitiative.ca\/International\/wp-json\/wp\/v2\/comments?post=105692"}],"version-history":[{"count":0,"href":"https:\/\/linitiative.ca\/International\/wp-json\/wp\/v2\/posts\/105692\/revisions"}],"wp:attachment":[{"href":"https:\/\/linitiative.ca\/International\/wp-json\/wp\/v2\/media?parent=105692"}],"wp:term":[{"taxonomy":"category","embeddable":true,"href":"https:\/\/linitiative.ca\/International\/wp-json\/wp\/v2\/categories?post=105692"},{"taxonomy":"post_tag","embeddable":true,"href":"https:\/\/linitiative.ca\/International\/wp-json\/wp\/v2\/tags?post=105692"}],"curies":[{"name":"wp","href":"https:\/\/api.w.org\/{rel}","templated":true}]}}