{"id":105711,"date":"2020-11-25T13:18:13","date_gmt":"2020-11-25T18:18:13","guid":{"rendered":"https:\/\/linitiative.ca\/International\/diego-maradona-passe-larme-a-gauche-une-legende-du-football-mondial-sen-va\/"},"modified":"2020-11-25T13:18:13","modified_gmt":"2020-11-25T18:18:13","slug":"diego-maradona-passe-larme-a-gauche-une-legende-du-football-mondial-sen-va","status":"publish","type":"post","link":"https:\/\/linitiative.ca\/International\/diego-maradona-passe-larme-a-gauche-une-legende-du-football-mondial-sen-va\/","title":{"rendered":"Diego Maradona passe l\u2019arme \u00e0 gauche, une l\u00e9gende du football mondial s\u2019en va"},"content":{"rendered":"<div readability=\"32\">\n<p>Publi\u00e9 le 25.11.2020 \u00e0 19h18 par APA News<\/p>\n<\/div>\n<div readability=\"98\">\n<p>La l\u00e9gende du football mondial, l\u2019Argentin Diego Armando Maradona, est d\u00e9c\u00e9d\u00e9 mercredi \u00e0 l\u2019\u00e2ge de 60 ans, annoncent plusieurs m\u00e9dias argentins.El Pibe de Oro (le gar\u00e7on d\u2019or), qui a marqu\u00e9 l\u2019histoire du ballon rond mondial, a succomb\u00e9 \u00e0 un arr\u00eat cardiaque.<\/p>\n<p>Le 12 novembre dernier, l\u2019ancien footballeur \u00e9tait sorti de l\u2019h\u00f4pital apr\u00e8s avoir \u00e9t\u00e9 op\u00e9r\u00e9 avec succ\u00e8s d\u2019un h\u00e9matome \u00e0 la t\u00eate. Le champion du monde 1986 avait \u00e9t\u00e9 hospitalis\u00e9 pour de l\u2019an\u00e9mie et de la d\u00e9shydratation le 2 novembre \u00e0 La Plata, une ville situ\u00e9e \u00e0 60 km de Buenos Aires et dont il entra\u00eene le club local.<\/p>\n<p>Un scanner avait alors r\u00e9v\u00e9l\u00e9 la pr\u00e9sence d\u2019un h\u00e9matome sous-dural, une poche de sang form\u00e9e sous la bo\u00eete cr\u00e2nienne. Cela avait entra\u00een\u00e9 son transfert dans une clinique priv\u00e9e d\u2019Olivos o\u00f9 il a \u00e9t\u00e9 op\u00e9r\u00e9 le lendemain avec succ\u00e8s.<\/p>\n<p>Le gaucher magique est consid\u00e9r\u00e9 comme l\u2019un des plus grands joueurs de l\u2019histoire du football. Avec la s\u00e9lection argentine, Maradona a brill\u00e9 lors de la Coupe du Monde 1986, permettant \u00e0 l\u2019Albiceleste de remporter la comp\u00e9tition. Il a termin\u00e9 meilleur joueur et meilleur passeur du Mondial mexicain.<\/p>\n<p>Arriv\u00e9 \u00e0 Naples, il a \u00e9galement permis au club de d\u00e9crocher deux titres de champions, (1986-87 et 1989-90), une Coupe d\u2019Italie (1986-87), une Supercoupe d\u2019Italie (1990) et une Coupe de l\u2019UEFA (1988-89). Il a \u00e9galement \u00e9t\u00e9 finaliste du Mondial 1990 remport\u00e9 par l\u2019Allemagne.<\/p>\n<p>La l\u00e9gende argentine est consid\u00e9r\u00e9e avec Pel\u00e9 comme l\u2019un des tout meilleurs joueurs de l\u2019histoire du football. Pass\u00e9 par Argentina Juniors, il a fait les beaux jours de Boca Juniors et a d\u00e9but\u00e9 en s\u00e9lection \u00e0 l\u2019\u00e2ge de 16 ans. En Europe, il a \u00e9volu\u00e9 au FC Barcelone, \u00e0 Naples, \u00e0 S\u00e9ville avant de revenir dans son pays pour jouer avec le Newell\u2019s Old Boys et enfin le Boca Juniors.<\/p>\n<p>La vie de Diego Maradona a \u00e9t\u00e9 rythm\u00e9e par de nombreux probl\u00e8mes de sant\u00e9, dont certains li\u00e9s aux exc\u00e8s en tous genres qui l\u2019ont parfois fait flirter avec la mort. En 2000, il avait eu une crise cardiaque \u00e0 la suite d\u2019une overdose dans la cit\u00e9 baln\u00e9aire uruguayenne de Punta del Este. Il avait ensuite suivi une longue cure \u00e0 Cuba.<\/p>\n<p>En 2004, alors qu\u2019il pesait plus de 100 kg, une autre crise cardiaque l\u2019avait terrass\u00e9 \u00e0 Buenos Aires, mais il s\u2019en \u00e9tait sorti. Il avait ensuite subi une op\u00e9ration chirurgicale de l\u2019estomac pour perdre \u00e9norm\u00e9ment de poids. En 2007, une consommation excessive d\u2019alcool l\u2019avait conduit \u00e0 l\u2019h\u00f4pital. Derni\u00e8rement, il a d\u00fb se faire poser une proth\u00e8se \u00e0 cause de ses genoux douloureux.<\/p>\n<p>Diego Armando Maradona restera \u00e0 jamais le \u00ab diez \u00bb, le num\u00e9ro dix, capable de marquer les plus beaux buts de l\u2019histoire, \u00e0 l\u2019instar du roi Pel\u00e9.<\/p>\n<\/div>\n<p>Auteur: APA News<br \/>\n<a href=\"https:\/\/www.journalducameroun.com\/diego-maradona-passe-larme-a-gauche-une-legende-du-football-mondial-sen-va\/\">Cliquez ici pour lire l&rsquo;article depuis sa source.<\/a><\/p>\n","protected":false},"excerpt":{"rendered":"<p>Publi\u00e9 le 25.11.2020 \u00e0 19h18 par APA News La l\u00e9gende du football mondial, l\u2019Argentin Diego Armando Maradona, est d\u00e9c\u00e9d\u00e9 mercredi \u00e0 l\u2019\u00e2ge de 60 ans, annoncent plusieurs m\u00e9dias argentins.El Pibe de Oro (le gar\u00e7on d\u2019or), qui a marqu\u00e9 l\u2019histoire du ballon rond mondial, a succomb\u00e9 \u00e0 un arr\u00eat cardiaque. Le 12 novembre dernier, l\u2019ancien footballeur [&hellip;]<\/p>\n","protected":false},"author":1965,"featured_media":0,"comment_status":"closed","ping_status":"closed","sticky":false,"template":"","format":"standard","meta":{"fifu_image_url":"","fifu_image_alt":"","footnotes":""},"categories":[73,82],"tags":[],"class_list":["post-105711","post","type-post","status-publish","format-standard","hentry","category-actualite","category-cameroun"],"_links":{"self":[{"href":"https:\/\/linitiative.ca\/International\/wp-json\/wp\/v2\/posts\/105711","targetHints":{"allow":["GET"]}}],"collection":[{"href":"https:\/\/linitiative.ca\/International\/wp-json\/wp\/v2\/posts"}],"about":[{"href":"https:\/\/linitiative.ca\/International\/wp-json\/wp\/v2\/types\/post"}],"author":[{"embeddable":true,"href":"https:\/\/linitiative.ca\/International\/wp-json\/wp\/v2\/users\/1965"}],"replies":[{"embeddable":true,"href":"https:\/\/linitiative.ca\/International\/wp-json\/wp\/v2\/comments?post=105711"}],"version-history":[{"count":0,"href":"https:\/\/linitiative.ca\/International\/wp-json\/wp\/v2\/posts\/105711\/revisions"}],"wp:attachment":[{"href":"https:\/\/linitiative.ca\/International\/wp-json\/wp\/v2\/media?parent=105711"}],"wp:term":[{"taxonomy":"category","embeddable":true,"href":"https:\/\/linitiative.ca\/International\/wp-json\/wp\/v2\/categories?post=105711"},{"taxonomy":"post_tag","embeddable":true,"href":"https:\/\/linitiative.ca\/International\/wp-json\/wp\/v2\/tags?post=105711"}],"curies":[{"name":"wp","href":"https:\/\/api.w.org\/{rel}","templated":true}]}}