{"id":105712,"date":"2020-11-25T04:53:00","date_gmt":"2020-11-25T09:53:00","guid":{"rendered":"https:\/\/linitiative.ca\/International\/40e-jour-de-son-deces-naama-la-voix-de-la-tunisie\/"},"modified":"2020-11-25T04:53:00","modified_gmt":"2020-11-25T09:53:00","slug":"40e-jour-de-son-deces-naama-la-voix-de-la-tunisie","status":"publish","type":"post","link":"https:\/\/linitiative.ca\/International\/40e-jour-de-son-deces-naama-la-voix-de-la-tunisie\/","title":{"rendered":"40e jour de son d\u00e9c\u00e8s : Naama, la voix de la Tunisie"},"content":{"rendered":"<p><strong><img decoding=\"async\" src=\"\/uploads\/FCK_files\/Naama-Moy.jpg\" alt=\"\" width=\"35%\" vspace=\"5\" hspace=\"5\" align=\"left\"\/>Rares sont ceux qui connaissent son vrai nom : Halima Cheikh. Mais qui ne conna\u00eet pas Naama, la grande voix de la Tunisie qui vient de nous quitter \u00e0 l\u2019\u00e2ge de 85 ans. Pas une f\u00eate nationale ou familiale, pas un a\u00efd, pas une victoire sportive, sans qu\u2019elle n\u2019entonne de la toute-puissance de ses timbres vocaux son euphorisant chant de victoire \u00abEllayla A\u00efd\u00bb. Synonyme de joie de vivre, d\u2019accomplissement et d\u2019all\u00e9gresse, Naama incarne la fiert\u00e9 chant\u00e9e de l\u2019ind\u00e9pendance tunisienne. La Patrie, Bourguiba, l\u2019\u00e9vacuation, l\u2019espoir, les lendemains meilleurs, la r\u00e9ussite, l\u2019amour et la chance peuplent son r\u00e9pertoire de plus de 800 chansons.<\/strong><\/p>\n<p><span class=\"c3\"><span class=\"c2\"><strong>S\u00e9parations<\/strong><\/span><\/span><\/p>\n<p>La petite fille d\u2019Azmour, jadis un patelin du Cap Bon non loin de Haouaria et K\u00e9libia, vivait mal sa double s\u00e9paration en d\u00e9barquant alors tout enfant avec sa maman et son oncle, rue El Bacha, au c\u0153ur de la M\u00e9dina de Tunis. La s\u00e9paration de ses parents, divorc\u00e9s et celle d\u2019avec son merveilleux village o\u00f9 elle \u00e9tait n\u00e9e en 1934. L\u2019ambiance de la M\u00e9dina lui apportera le r\u00e9confort tant recherch\u00e9 et la chanson, son refuge. Fredonner son chagrin, sa passion, son r\u00eave.<\/p>\n<p>Pr\u00e9coce, \u00e0 11 ans seulement, elle se faisait appr\u00e9cier pour sa belle voix, suave et montera sur sc\u00e8ne lors d\u2019un gala caritatif au profit de l\u2019Association des aveugles. Ses mentors l\u2019encourageront \u00e0 s\u2019inscrire \u00e0 la Rachidia, ce grand moule qui perp\u00e9tuera la tradition du malouf et donnera \u00e0 la Tunisie ses grands chanteurs.<\/p>\n<p><span class=\"c3\"><span class=\"c2\"><strong>Ya Habib Toun\u00e8s<\/strong><\/span><\/span><\/p>\n<p>Cheikh Khemaies Ternane prendra soin d\u2019elle, lui offrant ses premi\u00e8res chansons. Salah El Mehdi lui choisira le nom de Naama. Un don de Dieu. La saga commence. A 20 ans, elle est en plein dans l\u2019effervescence du dernier quart d\u2019heure pour la lib\u00e9ration de la Tunisie. Naama sera de tous les galas patriotiques. D\u00e8s la tunisification de la Radio, elle rejoindra de toute sa fougue, en 1958, l\u2019orchestre musical. Chant d\u2019amour, chant patriotique, chant de victoire, chant de toutes les f\u00eates : Naama incarne la femme tunisienne dans son exaltation de la vie, de l\u2019amour et de l\u2019espoir. Bourguiba la r\u00e9clamait sans cesse lors des f\u00eates nationales et la c\u00e9l\u00e9bration de son anniversaire, ne r\u00e9sistant gu\u00e8re particuli\u00e8rement \u00e0 son affectueuse chanson : \u00abYa Habib Tounes\u2026\u00bb<\/p>\n<p class=\"c4\"><img decoding=\"async\" src=\"\/uploads\/FCK_files\/Naama-Moy-1.jpg\" alt=\"\" width=\"100%\" vspace=\"5\" hspace=\"5\" align=\"middle\"\/><\/p>\n<p>La r\u00e9putation de Naama, port\u00e9e par la radio, d\u00e9passera rapidement les fronti\u00e8res. La communaut\u00e9 tunisienne en France la r\u00e9clamera sans cesse. Elle ira \u00e0 Paris enregistrer sur disque ses chansons et donner des galas d\u2019un rare succ\u00e8s. Mohamed Jamoussi, prince de Montparnasse, lui sera d\u2019un grand soutien. Plus tard, Mohsen Erraies prendra le relais. De retour de la capitale fran\u00e7aise, \u00e0 son premier voyage, elle d\u00e9clarera sa fascination en couverture de la Revue de la Radio Tunisienne, sous le titre de \u00abJ\u2019aurais tant voulu acheter tout ce que j\u2019ai vu !\u00bb.<\/p>\n<p>En 1966, elle participera avec l\u2019orchestre de la Radio \u00e0 un grand gala musical \u00e0 Beyrouth o\u00f9 l\u2019attendra une agr\u00e9able surprise. Ce soir-l\u00e0, elle sera \u00e9lue Miss Monde arabe de la chanson. Trois ans plus tard, sa prestation en \u00c9gypte, lors de la c\u00e9l\u00e9bration en 1969 du mill\u00e9naire du Caire, la r\u00e9v\u00e8lera avec brio \u00e0 un public connaisseur et exigeant.<\/p>\n<p><span class=\"c2\"><span class=\"c3\"><strong>Azmour, son choix<\/strong><\/span><\/span><\/p>\n<p>Ministre de la Culture, Chedli Klibi tenait \u00e0 elle, comme sa co-star Oulaya, deux p\u00e9pites pr\u00e9cieuses qu\u2019il ne pouvait laisser s\u2019envoler pour l\u2019\u00e9tranger. Il fera tout pour les retenir en Tunisie, leur multipliant les marques de consid\u00e9ration et de c\u00e9l\u00e9bration. Naama r\u00e9sistera au chant des sir\u00e8nes et restera en Tunisie, o\u00f9 mari\u00e9e et m\u00e8re de trois enfants, elle se plaisait dans sa vie artistique et familiale. Oulaya, attir\u00e9e par un grand succ\u00e8s \u00e0 partir du Caire, s\u2019installera en \u00c9gypte o\u00f9 Baligh Hamdi lui ouvrit grandement les portes.<\/p>\n<p class=\"c4\"><img decoding=\"async\" src=\"\/uploads\/FCK_files\/Naama-Moy-3.jpg\" alt=\"\" width=\"100%\" vspace=\"5\" hspace=\"5\" align=\"middle\"\/><\/p>\n<p>Jamais Naama ne regrettera son choix, surtout lorsqu\u2019elle retrouvera son Azmour natale. Elle s\u2019installera dans une grande s\u00e9nia o\u00f9 elle se fera construire une belle maison, si agr\u00e9able pour accueillir ses h\u00f4tes avec g\u00e9n\u00e9rosit\u00e9 et amiti\u00e9.<\/p>\n<p class=\"c4\"><img decoding=\"async\" src=\"\/uploads\/FCK_files\/Naama-Moy-2.jpg\" alt=\"\" width=\"100%\" vspace=\"5\" hspace=\"5\" align=\"middle\"\/><\/p>\n<p><span class=\"c3\"><span class=\"c2\"><strong>Saber \u00e9tait l\u00e0<\/strong><\/span><\/span><\/p>\n<p>Elle avait toujours tendu la main aux paroliers, compositeurs, musiciens et gens du spectacle. Naama consacrait tout naturellement une attention particuli\u00e8re aux d\u00e9butants. Par ses encouragements et ses recommandations, elle les mettait sur orbite. M\u00eame quand elle quittera la sc\u00e8ne, elle n\u2019omettra jamais de les soutenir, de f\u00e9liciter chaleureusement les plus talentueux. Saber Rebai s\u2019en souvient encore. Et ce n\u2019est pas par hasard qu\u2019il \u00e9tait, avec Mohsen Erraies, parmi les rares vedettes de la chanson \u00e0 assister \u00e0 la c\u00e9r\u00e9monie d\u2019hommage \u00e0 sa m\u00e9moire, organis\u00e9e le jour de ses fun\u00e9railles \u00e0 la Cit\u00e9 de la Culture, avant l\u2019inhumation \u00e0 Azmour.<\/p>\n<p>Une grande dame de la chanson tunisienne s\u2019\u00e9clipse. T\u00e9moin de son \u00e9poque, expression du bonheur, ic\u00f4ne d\u2019une Tunisie qui renaissait. La voix de Naama r\u00e9sonnera toujours en nous&#8230;<\/p>\n<p class=\"c5\"><strong>T. Boutaieb<\/strong><\/p>\n<p>Auteur:<br \/>\n<a href=\"https:\/\/www.leaders.com.tn\/article\/30985-40e-jour-de-son-deces-naama-la-voix-de-la-tunisie\">Cliquez ici pour lire l&rsquo;article depuis sa source.<\/a><\/p>\n","protected":false},"excerpt":{"rendered":"<p>Rares sont ceux qui connaissent son vrai nom : Halima Cheikh. Mais qui ne conna\u00eet pas Naama, la grande voix de la Tunisie qui vient de nous quitter \u00e0 l\u2019\u00e2ge de 85 ans. Pas une f\u00eate nationale ou familiale, pas un a\u00efd, pas une victoire sportive, sans qu\u2019elle n\u2019entonne de la toute-puissance de ses timbres [&hellip;]<\/p>\n","protected":false},"author":1772,"featured_media":105714,"comment_status":"closed","ping_status":"closed","sticky":false,"template":"","format":"standard","meta":{"fifu_image_url":"","fifu_image_alt":"","footnotes":""},"categories":[73,55],"tags":[],"class_list":["post-105712","post","type-post","status-publish","format-standard","has-post-thumbnail","hentry","category-actualite","category-tunisie"],"_links":{"self":[{"href":"https:\/\/linitiative.ca\/International\/wp-json\/wp\/v2\/posts\/105712","targetHints":{"allow":["GET"]}}],"collection":[{"href":"https:\/\/linitiative.ca\/International\/wp-json\/wp\/v2\/posts"}],"about":[{"href":"https:\/\/linitiative.ca\/International\/wp-json\/wp\/v2\/types\/post"}],"author":[{"embeddable":true,"href":"https:\/\/linitiative.ca\/International\/wp-json\/wp\/v2\/users\/1772"}],"replies":[{"embeddable":true,"href":"https:\/\/linitiative.ca\/International\/wp-json\/wp\/v2\/comments?post=105712"}],"version-history":[{"count":0,"href":"https:\/\/linitiative.ca\/International\/wp-json\/wp\/v2\/posts\/105712\/revisions"}],"wp:featuredmedia":[{"embeddable":true,"href":"https:\/\/linitiative.ca\/International\/wp-json\/"}],"wp:attachment":[{"href":"https:\/\/linitiative.ca\/International\/wp-json\/wp\/v2\/media?parent=105712"}],"wp:term":[{"taxonomy":"category","embeddable":true,"href":"https:\/\/linitiative.ca\/International\/wp-json\/wp\/v2\/categories?post=105712"},{"taxonomy":"post_tag","embeddable":true,"href":"https:\/\/linitiative.ca\/International\/wp-json\/wp\/v2\/tags?post=105712"}],"curies":[{"name":"wp","href":"https:\/\/api.w.org\/{rel}","templated":true}]}}