{"id":105716,"date":"2020-11-25T13:18:16","date_gmt":"2020-11-25T18:18:16","guid":{"rendered":"https:\/\/linitiative.ca\/International\/foot-ahmad-ahmad-annonce-un-recours-contre-sa-suspension\/"},"modified":"2020-11-25T13:18:16","modified_gmt":"2020-11-25T18:18:16","slug":"foot-ahmad-ahmad-annonce-un-recours-contre-sa-suspension","status":"publish","type":"post","link":"https:\/\/linitiative.ca\/International\/foot-ahmad-ahmad-annonce-un-recours-contre-sa-suspension\/","title":{"rendered":"Foot: Ahmad Ahmad annonce un recours contre sa suspension"},"content":{"rendered":"<div readability=\"32\">\n<p>Publi\u00e9 le 25.11.2020 \u00e0 19h18 par APA News<\/p>\n<\/div>\n<div readability=\"104\">\n<p>Le pr\u00e9sident de la Conf\u00e9d\u00e9ration africaine de football (Caf), Ahmad Ahmad annonce que ses conseils vont d\u00e9poser un recours devant le Tribunal arbitral du sport (Tas), pour contester sa suspension pour cinq ans par la F\u00e9d\u00e9ration internationale de football association (Fifa), rapporte un communiqu\u00e9 de presse parvenu mercredi \u00e0 APA.\u00ab M. Ahmad Ahmad, pr\u00e9sident de la Caf et vice-pr\u00e9sident de la Fifa annonce (ce mardi 24 novembre) que ses conseils d\u00e9posent un appel devant le Tribunal arbitral du sport (Tas) afin de contester fermement la condamnation prononc\u00e9e par la Chambre de jugement de la Commission d\u2019Ethique de la Fifa. Cet Appel sera par ailleurs assorti d\u2019une demande d\u2019effet suspensif, afin de ne pas aggraver le pr\u00e9judice subi par le pr\u00e9sident Ahmad, et lui permettre de mener campagne en vue de sa r\u00e9\u00e9lection \u00e0 la pr\u00e9sidence de la Caf \u00bb, informe le texte sign\u00e9 par l\u2019entourage de M. Ahmad.<\/p>\n<p>Selon la chambre de jugement de la Commission d\u2019\u00e9thique de l\u2019instance du foot mondial, le pr\u00e9sident de la Conf\u00e9d\u00e9ration africaine de football (Caf) a viol\u00e9 le Code d\u2019\u00e9thique de la F\u00e9d\u00e9ration internationale de football association (Fifa). Elle dit \u00e9galement avoir \u00e9tabli, sur la base des informations recueillies par la chambre d\u2019instruction, que le Malgache a manqu\u00e9 \u00e0 son devoir de loyaut\u00e9, accord\u00e9 des cadeaux et d\u2019autres avantages, g\u00e9r\u00e9 des fonds de mani\u00e8re inappropri\u00e9e et abus\u00e9 de sa fonction de pr\u00e9sident de l\u2019instance fa\u00eeti\u00e8re du football africain.<\/p>\n<p>Par cons\u00e9quent, la Fifa a prononc\u00e9, lundi dernier, \u00e0 son encontre une interdiction de toute activit\u00e9 relative au football (administrative, sportive et autres) aux niveaux national et international. En outre, il devra s\u2019acquitter d\u2019une amende s\u2019\u00e9levant \u00e0 185.000 euros, soit plus de 120 millions F Cfa.<\/p>\n<p>L\u2019enqu\u00eate sur le comportement de M. Ahmad entre 2017 et 2019 a port\u00e9 sur diverses questions li\u00e9es \u00e0 la gouvernance de la Caf \u2013 l\u2019organisation et le financement d\u2019un p\u00e8lerinage \u00e0 La Mecque (Oumra) \u2013 ses accointances avec l\u2019entreprise d\u2019\u00e9quipement sportif Tactical Steel et d\u2019autres activit\u00e9s, lit-on sur le site de la Fifa.<\/p>\n<p>\u00ab Cette d\u00e9cision n\u2019a pas \u00e9t\u00e9 rendue de fa\u00e7on juste et impartiale. Au cours des mois d\u2019enqu\u00eate men\u00e9e par la Chambre d\u2019enqu\u00eate de la Commission d\u2019Ethique de la Fifa, dirig\u00e9e par Mme Maria Claudia Rojas, contre la Conf\u00e9d\u00e9ration africaine de football (Caf) et son pr\u00e9sident, de nombreux proc\u00e9d\u00e9s surprenants ont \u00e9t\u00e9 relev\u00e9s \u00bb, poursuit le communiqu\u00e9.<\/p>\n<p>Il r\u00e9v\u00e8le que des fuites d\u2019informations relatives \u00e0 la proc\u00e9dure en cours (pourtant cens\u00e9e \u00eatre strictement confidentielle) et syst\u00e9matiquement d\u00e9favorables au pr\u00e9sident Ahmad, ont \u00e9t\u00e9 rendues publiques par voie de presse, emp\u00eachant, de fait, la tenue d\u2019un travail d\u2019enqu\u00eate serein.<\/p>\n<p>\u00ab M\u00eame l\u2019audition du pr\u00e9sident Ahmad, auquel a \u00e9t\u00e9 notamment refus\u00e9 le droit de pr\u00e9senter une partie de ses t\u00e9moins, lors d\u2019une audience men\u00e9e au pas de charge, ne s\u2019est pas tenue selon les standards attendus et habituels. Il r\u00e9sulte de ces irr\u00e9gularit\u00e9s que les faits ont \u00e9t\u00e9 pr\u00e9sent\u00e9s de fa\u00e7on largement contestable et contest\u00e9e par la Chambre d\u2019enqu\u00eate \u00e0 la Chambre de jugement de la Commission d\u2019\u00e9thique de la Fifa. Cette derni\u00e8re s\u2019est d\u2019ailleurs empress\u00e9e de rendre dans l\u2019urgence une d\u00e9cision imm\u00e9diatement ex\u00e9cutoire, sans communiquer les motifs de sa sentence, en d\u00e9pit de sa gravit\u00e9 \u00bb, d\u00e9plore le texte.<\/p>\n<p>Selon notre source, la raison d\u2019une telle pr\u00e9cipitation pourrait \u00eatre que cette condamnation emp\u00eacherait le pr\u00e9sident Ahmad d\u2019\u00eatre r\u00e9\u00e9lu \u00e0 la pr\u00e9sidence de la Caf lors des \u00e9lections pr\u00e9vue en mars 2021, en d\u00e9pit des nombreux soutiens d\u00e9j\u00e0 d\u00e9clar\u00e9s en sa faveur.<\/p>\n<\/div>\n<p>Auteur: APA News<br \/>\n<a href=\"https:\/\/www.journalducameroun.com\/foot-ahmad-ahmad-annonce-un-recours-contre-sa-suspension\/\">Cliquez ici pour lire l&rsquo;article depuis sa source.<\/a><\/p>\n","protected":false},"excerpt":{"rendered":"<p>Publi\u00e9 le 25.11.2020 \u00e0 19h18 par APA News Le pr\u00e9sident de la Conf\u00e9d\u00e9ration africaine de football (Caf), Ahmad Ahmad annonce que ses conseils vont d\u00e9poser un recours devant le Tribunal arbitral du sport (Tas), pour contester sa suspension pour cinq ans par la F\u00e9d\u00e9ration internationale de football association (Fifa), rapporte un communiqu\u00e9 de presse parvenu [&hellip;]<\/p>\n","protected":false},"author":1965,"featured_media":0,"comment_status":"closed","ping_status":"closed","sticky":false,"template":"","format":"standard","meta":{"fifu_image_url":"","fifu_image_alt":"","footnotes":""},"categories":[73,82],"tags":[],"class_list":["post-105716","post","type-post","status-publish","format-standard","hentry","category-actualite","category-cameroun"],"_links":{"self":[{"href":"https:\/\/linitiative.ca\/International\/wp-json\/wp\/v2\/posts\/105716","targetHints":{"allow":["GET"]}}],"collection":[{"href":"https:\/\/linitiative.ca\/International\/wp-json\/wp\/v2\/posts"}],"about":[{"href":"https:\/\/linitiative.ca\/International\/wp-json\/wp\/v2\/types\/post"}],"author":[{"embeddable":true,"href":"https:\/\/linitiative.ca\/International\/wp-json\/wp\/v2\/users\/1965"}],"replies":[{"embeddable":true,"href":"https:\/\/linitiative.ca\/International\/wp-json\/wp\/v2\/comments?post=105716"}],"version-history":[{"count":0,"href":"https:\/\/linitiative.ca\/International\/wp-json\/wp\/v2\/posts\/105716\/revisions"}],"wp:attachment":[{"href":"https:\/\/linitiative.ca\/International\/wp-json\/wp\/v2\/media?parent=105716"}],"wp:term":[{"taxonomy":"category","embeddable":true,"href":"https:\/\/linitiative.ca\/International\/wp-json\/wp\/v2\/categories?post=105716"},{"taxonomy":"post_tag","embeddable":true,"href":"https:\/\/linitiative.ca\/International\/wp-json\/wp\/v2\/tags?post=105716"}],"curies":[{"name":"wp","href":"https:\/\/api.w.org\/{rel}","templated":true}]}}