{"id":105737,"date":"2020-11-25T09:45:00","date_gmt":"2020-11-25T14:45:00","guid":{"rendered":"https:\/\/linitiative.ca\/International\/tissemsilt-des-ecoles-sans-chauffage-et-sans-protection-sanitaire\/"},"modified":"2020-11-25T09:45:00","modified_gmt":"2020-11-25T14:45:00","slug":"tissemsilt-des-ecoles-sans-chauffage-et-sans-protection-sanitaire","status":"publish","type":"post","link":"https:\/\/linitiative.ca\/International\/tissemsilt-des-ecoles-sans-chauffage-et-sans-protection-sanitaire\/","title":{"rendered":"TISSEMSILT : Des \u00e9coles sans chauffage et sans protection sanitaire"},"content":{"rendered":"<p><br id=\"sep_para_1\" class=\"sep_para access\"\/><\/p>\n<div id=\"para_1\" class=\"para_39675429 resize\">\n<div class=\"photo shadow left\"><a href=\"javascript:void(0)\" rel=\"https:\/\/www.reflexiondz.net\/photo\/art\/grande\/51796253-39675429.jpg?v=1606317452&amp;ibox\" title=\"TISSEMSILT : Des \u00e9coles sans chauffage et sans protection sanitaire\"><img decoding=\"async\" class=\"responsive c9\" src=\"https:\/\/www.reflexiondz.net\/photo\/art\/grande\/51796253-39675429.jpg?v=1606317452\" alt=\"TISSEMSILT : Des \u00e9coles sans chauffage et sans protection sanitaire\" title=\"TISSEMSILT : Des \u00e9coles sans chauffage et sans protection sanitaire\"\/><img decoding=\"async\" class=\"not-responsive\" src=\"https:\/\/www.reflexiondz.net\/photo\/art\/default\/51796253-39675429.jpg?v=1606317454\" alt=\"TISSEMSILT : Des \u00e9coles sans chauffage et sans protection sanitaire\" title=\"TISSEMSILT : Des \u00e9coles sans chauffage et sans protection sanitaire\"\/><\/a><\/div>\n<div class=\"texte access firstletter\">En effet, depuis la fin de l\u2019ann\u00e9e 2019,\u00a0 avec le d\u00e9but de la pand\u00e9mie du Coronavirus, la chaudi\u00e8re de cet \u00e9tablissement scolaire est tomb\u00e9e en panne et depuis, c\u2019est toute l\u2019\u00e9cole qui subit les cons\u00e9quences de la rigueur du froid. Selon les parents des \u00e9l\u00e8ves, le probl\u00e8me du chauffage est toujours d\u2019actualit\u00e9 particuli\u00e8rement en ces temps de froids et de Corona, en l\u2019absence du chauffage. Les bureaux de l\u2019administration ainsi que les classes ressemblent \u00e0 des chambres froides et CE malgr\u00e9 l\u2019existence d\u2019une chaudi\u00e8re qui fonctionne au gaz de ville, elle reste inexploit\u00e9e pour une panne qui ne demandera probablement pas assez de g\u00e9nie, d\u2019argent et de temps pour qu\u2019elle soit r\u00e9tablie. Pourtant cette \u00e9cole est situ\u00e9e en plein milieu urbain de la ville mais affirment les parents, les raisons de ce laisser aller restent encore inconnues, alors que la responsabilit\u00e9 enti\u00e8re dans cette histoire incombe sur l\u2019honorable assembl\u00e9e populaire qui ne semble donner aucune importance au facteur du chauffage dans les \u00e9tablissements scolaires notamment dans le cycle primaire. L\u2019autre partie qui est la direction de l\u2019\u00e9ducation a aussi sa part de responsabilit\u00e9 du moins elle aurait pu apporter une solution provisoire tout en interpelant les responsables communaux \u00e0 r\u00e9soudre ce probl\u00e8me de chaudi\u00e8re qui p\u00e9nalise les \u00e9coliers au plus haut niveau. Dans le m\u00eame ordre des id\u00e9es, une source sure nous a inform\u00e9 que les \u00e9coles primaires se trouvant dans la commune de Bordj El Emir Abdelkader (Taza) connue par son climat glacial et par la rigueur de son hiver et depuis l\u2019annonce de la rentr\u00e9e scolaire n\u2019ont pas \u00e9t\u00e9 dot\u00e9es de moyens pour lutter contre le Coronavirus ainsi que par le manque de gasoil pour le chauffage des classes et beaucoup d\u2019autres anomalies qui font de ces \u00e9coles des structures ouvertes aux \u00e9l\u00e8ves dans la pr\u00e9cipitation et sans commodit\u00e9s. Visiblement, pour suivre les instructions d\u2019en haut et rien de plus, la vision de certains \u00e9lus se limite \u00e0 l\u2019acte d\u2019ouvrir l\u2019\u00e9cole comme ordonn\u00e9, le reste importe peu et c\u2019est devant cette situation de laisser aller et d\u2019irresponsabilit\u00e9 envers ces petits enfants que les parents se sont d\u00e9plac\u00e9s des kilom\u00e8tres pour saisir la presse afin de d\u00e9noncer la situation et interpeller le wali pour trouver des solutions \u00e0 ces probl\u00e8mes de faisabilit\u00e9 du chauffage central et de manque de moyens sanitaires pour luter contre la pand\u00e9mie. Enfin, devant de telles situations qui n\u00e9cessitent une urgence dans l\u2019intervention, les responsables du d\u00e9veloppement de la wilaya devront aussi situer les responsabilit\u00e9s et punir les fauteurs parce que le mal de l\u2019\u00e9cole est plus profond et n\u00e9cessite un vrai coup de balais.<\/div>\n<\/div>\n<p>Auteur: Ould El  Hadri<br \/>\n<a href=\"https:\/\/www.reflexiondz.net\/TISSEMSILT-Des-ecoles-sans-chauffage-et-sans-protection-sanitaire_a66431.html\">Cliquez ici pour lire l&rsquo;article depuis sa source.<\/a><\/p>\n","protected":false},"excerpt":{"rendered":"<p>En effet, depuis la fin de l\u2019ann\u00e9e 2019,\u00a0 avec le d\u00e9but de la pand\u00e9mie du Coronavirus, la chaudi\u00e8re de cet \u00e9tablissement scolaire est tomb\u00e9e en panne et depuis, c\u2019est toute l\u2019\u00e9cole qui subit les cons\u00e9quences de la rigueur du froid. Selon les parents des \u00e9l\u00e8ves, le probl\u00e8me du chauffage est toujours d\u2019actualit\u00e9 particuli\u00e8rement en ces [&hellip;]<\/p>\n","protected":false},"author":1740,"featured_media":0,"comment_status":"closed","ping_status":"closed","sticky":false,"template":"","format":"standard","meta":{"fifu_image_url":"","fifu_image_alt":"","footnotes":""},"categories":[53,76],"tags":[],"class_list":["post-105737","post","type-post","status-publish","format-standard","hentry","category-algerie","category-regions"],"_links":{"self":[{"href":"https:\/\/linitiative.ca\/International\/wp-json\/wp\/v2\/posts\/105737","targetHints":{"allow":["GET"]}}],"collection":[{"href":"https:\/\/linitiative.ca\/International\/wp-json\/wp\/v2\/posts"}],"about":[{"href":"https:\/\/linitiative.ca\/International\/wp-json\/wp\/v2\/types\/post"}],"author":[{"embeddable":true,"href":"https:\/\/linitiative.ca\/International\/wp-json\/wp\/v2\/users\/1740"}],"replies":[{"embeddable":true,"href":"https:\/\/linitiative.ca\/International\/wp-json\/wp\/v2\/comments?post=105737"}],"version-history":[{"count":0,"href":"https:\/\/linitiative.ca\/International\/wp-json\/wp\/v2\/posts\/105737\/revisions"}],"wp:attachment":[{"href":"https:\/\/linitiative.ca\/International\/wp-json\/wp\/v2\/media?parent=105737"}],"wp:term":[{"taxonomy":"category","embeddable":true,"href":"https:\/\/linitiative.ca\/International\/wp-json\/wp\/v2\/categories?post=105737"},{"taxonomy":"post_tag","embeddable":true,"href":"https:\/\/linitiative.ca\/International\/wp-json\/wp\/v2\/tags?post=105737"}],"curies":[{"name":"wp","href":"https:\/\/api.w.org\/{rel}","templated":true}]}}