{"id":105744,"date":"2020-11-25T09:45:00","date_gmt":"2020-11-25T14:45:00","guid":{"rendered":"https:\/\/linitiative.ca\/International\/khenchela-raccordement-prochain-de-450-foyers-au-reseau-de-gaz\/"},"modified":"2020-11-25T09:45:00","modified_gmt":"2020-11-25T14:45:00","slug":"khenchela-raccordement-prochain-de-450-foyers-au-reseau-de-gaz","status":"publish","type":"post","link":"https:\/\/linitiative.ca\/International\/khenchela-raccordement-prochain-de-450-foyers-au-reseau-de-gaz\/","title":{"rendered":"<div>KHENCHELA : Raccordement \u00ab\u00a0prochain\u00a0\u00bb de 450 foyers au r\u00e9seau de gaz<\/div>"},"content":{"rendered":"<p><br id=\"sep_para_1\" class=\"sep_para access\"\/><\/p>\n<div id=\"para_1\" class=\"para_39675578 resize\">\n<div class=\"texte access firstletter\">L\u2019entreprise de la concession de distribution de l\u2019\u00e9lectricit\u00e9 et du gaz de la wilaya de Khenchela entend raccorder 450 foyers des zones d\u2019ombre de la wilaya au r\u00e9seau de gaz naturel \u00ab\u00a0avant l\u2019av\u00e8nement de l\u2019hiver\u00a0\u00bb,\u00a0 a fait savoir le charg\u00e9 de communication de l\u2019entreprise, Mohamed Tahar Boukehil. Aussi, 118 de ces foyers se trouvent au village Bouzouuak dans la commune de Babar, a soulign\u00e9 la m\u00eame source qui a pr\u00e9cis\u00e9 que les travaux de leur raccordement ayant mobilis\u00e9 35,8 millions DA sur la pose d\u2019un r\u00e9seau de 13,2 km sont termin\u00e9s de sorte \u00e0 permettre le lancement de l\u2019approvisionnement en gaz \u00ab\u00a0dans les quelques prochaines jours, d\u00e8s la fin des tests techniques\u00a0\u00bb. Le projet de raccordement de 258 foyers du douar Errabi\u00ef dans la commune de Ch\u00e9lia qui a port\u00e9 sur la pose de 4,8 km de canalisations pour 7,7 millions DA a \u00e9t\u00e9 \u00e9galement termin\u00e9, a d\u00e9clar\u00e9 soulign\u00e9 Boukehil qui a fait savoir que la mise en service aura lieu \u00ab\u00a0d\u00e8s la lev\u00e9e de certaines r\u00e9serves par l\u2019entreprise de r\u00e9alisation\u00a0\u00bb. Les 74 autres foyers retenus se trouvent \u00e0 la mechta Laararcha dans la commune de Bagha\u00ef et leur raccordement au r\u00e9seau de gaz a n\u00e9cessit\u00e9 la mobilisation de 14,18 millions DA, a-t-on pr\u00e9cis\u00e9, ajoutant que le taux d\u2019avancement des travaux affiche 85 % et sera \u00e9galement mis en service avant l\u2019hiver.\u00a0\u00a0<\/div>\n<\/div>\n<p>Auteur: Ismain<br \/>\n<a href=\"https:\/\/www.reflexiondz.net\/KHENCHELA-Raccordement-prochain-de-450-foyers-au-reseau-de-gaz_a66443.html\">Cliquez ici pour lire l&rsquo;article depuis sa source.<\/a><\/p>\n","protected":false},"excerpt":{"rendered":"<p>L\u2019entreprise de la concession de distribution de l\u2019\u00e9lectricit\u00e9 et du gaz de la wilaya de Khenchela entend raccorder 450 foyers des zones d\u2019ombre de la wilaya au r\u00e9seau de gaz naturel \u00ab\u00a0avant l\u2019av\u00e8nement de l\u2019hiver\u00a0\u00bb,\u00a0 a fait savoir le charg\u00e9 de communication de l\u2019entreprise, Mohamed Tahar Boukehil. Aussi, 118 de ces foyers se trouvent au [&hellip;]<\/p>\n","protected":false},"author":1740,"featured_media":0,"comment_status":"closed","ping_status":"closed","sticky":false,"template":"","format":"standard","meta":{"fifu_image_url":"","fifu_image_alt":"","footnotes":""},"categories":[53,76],"tags":[],"class_list":["post-105744","post","type-post","status-publish","format-standard","hentry","category-algerie","category-regions"],"_links":{"self":[{"href":"https:\/\/linitiative.ca\/International\/wp-json\/wp\/v2\/posts\/105744","targetHints":{"allow":["GET"]}}],"collection":[{"href":"https:\/\/linitiative.ca\/International\/wp-json\/wp\/v2\/posts"}],"about":[{"href":"https:\/\/linitiative.ca\/International\/wp-json\/wp\/v2\/types\/post"}],"author":[{"embeddable":true,"href":"https:\/\/linitiative.ca\/International\/wp-json\/wp\/v2\/users\/1740"}],"replies":[{"embeddable":true,"href":"https:\/\/linitiative.ca\/International\/wp-json\/wp\/v2\/comments?post=105744"}],"version-history":[{"count":0,"href":"https:\/\/linitiative.ca\/International\/wp-json\/wp\/v2\/posts\/105744\/revisions"}],"wp:attachment":[{"href":"https:\/\/linitiative.ca\/International\/wp-json\/wp\/v2\/media?parent=105744"}],"wp:term":[{"taxonomy":"category","embeddable":true,"href":"https:\/\/linitiative.ca\/International\/wp-json\/wp\/v2\/categories?post=105744"},{"taxonomy":"post_tag","embeddable":true,"href":"https:\/\/linitiative.ca\/International\/wp-json\/wp\/v2\/tags?post=105744"}],"curies":[{"name":"wp","href":"https:\/\/api.w.org\/{rel}","templated":true}]}}